{"id":53772,"date":"2023-11-02T01:55:13","date_gmt":"2023-11-02T01:55:13","guid":{"rendered":"https:\/\/elpajaritonews.com\/?p=53772"},"modified":"2023-11-02T01:55:13","modified_gmt":"2023-11-02T01:55:13","slug":"presenta-el-gobierno-de-sonora-calendario-de-eventos-del-mes-de-noviembre-2023","status":"publish","type":"post","link":"https:\/\/elpajaritonews.com\/?p=53772","title":{"rendered":"PRESENTA EL GOBIERNO DE SONORA, CALENDARIO DE EVENTOS DEL MES DE NOVIEMBRE 2023"},"content":{"rendered":"\n<p class=\"wp-block-paragraph\">Hermosillo, Sonora; 01 de noviembre del 2023.- Una gran cantidad de eventos deportivos, musicales, culturales e hist\u00f3ricos se levar\u00e1n a cabo en el mes de noviembre, de acuerdo al calendario de eventos dado a conocer por el gobierno de Sonora a trav\u00e9s de la Secretar\u00eda de turismo.<\/p>\n\n\n\n<p class=\"wp-block-paragraph\">La dependencia estatal hizo una atenta invitaci\u00f3n a la ciudadan\u00eda a disfrutar de las actividades que se llevar\u00e1n a cabo a lo largo y ancho de la entidad, en coordinaci\u00f3n con las diversas autoridades municipales y organizaciones.<\/p>\n\n\n\n<figure class=\"wp-block-image size-large\"><img loading=\"lazy\" decoding=\"async\" width=\"1024\" height=\"682\" src=\"https:\/\/elpajaritonews.com\/wp-content\/uploads\/2023\/11\/3e227f4c-72e0-4623-9145-31670f39145a-1024x682.jpg\" alt=\"\" class=\"wp-image-53774\" srcset=\"https:\/\/elpajaritonews.com\/wp-content\/uploads\/2023\/11\/3e227f4c-72e0-4623-9145-31670f39145a-1024x682.jpg 1024w, https:\/\/elpajaritonews.com\/wp-content\/uploads\/2023\/11\/3e227f4c-72e0-4623-9145-31670f39145a-300x200.jpg 300w, https:\/\/elpajaritonews.com\/wp-content\/uploads\/2023\/11\/3e227f4c-72e0-4623-9145-31670f39145a-768x512.jpg 768w, https:\/\/elpajaritonews.com\/wp-content\/uploads\/2023\/11\/3e227f4c-72e0-4623-9145-31670f39145a-1536x1023.jpg 1536w, https:\/\/elpajaritonews.com\/wp-content\/uploads\/2023\/11\/3e227f4c-72e0-4623-9145-31670f39145a-630x420.jpg 630w, https:\/\/elpajaritonews.com\/wp-content\/uploads\/2023\/11\/3e227f4c-72e0-4623-9145-31670f39145a-640x426.jpg 640w, https:\/\/elpajaritonews.com\/wp-content\/uploads\/2023\/11\/3e227f4c-72e0-4623-9145-31670f39145a-681x454.jpg 681w, https:\/\/elpajaritonews.com\/wp-content\/uploads\/2023\/11\/3e227f4c-72e0-4623-9145-31670f39145a.jpg 1600w\" sizes=\"auto, (max-width: 1024px) 100vw, 1024px\" \/><\/figure>\n\n\n\n<p class=\"wp-block-paragraph\">Entre los eventos que se dieron a conocer se encuentran el Festival Jos\u00e9 Eduardo Pierson en Imur\u00eds, el 3 y 4; Caravana del Recuerdo en Carb\u00f3, del 30 de octubre al 05; 3er Festival Cultural de la Ca\u00f1a Guadalupe de Ures, el 4 y 5; Aniversario CXVI Jes\u00fas Garc\u00eda Corona en Nacozari, del 03 al 07; Feria del Ladrillo 2023 en Opodepe, el 10 y 11; Vive San Luis 2023 en San Luis Rio Colorado, del 09 al 12; Fiestas San Diego de Alcal\u00e1 2023 en Pitiquito, del 3 al 13; Festival Cultural General \u00c1lvaro Obreg\u00f3n Salido, en Huatabampo, del 16 al 18; 2da edici\u00f3n de la Feria de la Talabarter\u00eda en Moctezuma, del 17 al 19; Tradicionales Fiestas de Aconchi, del 17 al 19.<\/p>\n\n\n\n<figure class=\"wp-block-image size-large\"><img loading=\"lazy\" decoding=\"async\" width=\"1024\" height=\"682\" src=\"https:\/\/elpajaritonews.com\/wp-content\/uploads\/2023\/11\/4fa915be-d063-4c35-927d-26fdca02acc5-1024x682.jpg\" alt=\"\" class=\"wp-image-53775\" srcset=\"https:\/\/elpajaritonews.com\/wp-content\/uploads\/2023\/11\/4fa915be-d063-4c35-927d-26fdca02acc5-1024x682.jpg 1024w, https:\/\/elpajaritonews.com\/wp-content\/uploads\/2023\/11\/4fa915be-d063-4c35-927d-26fdca02acc5-300x200.jpg 300w, https:\/\/elpajaritonews.com\/wp-content\/uploads\/2023\/11\/4fa915be-d063-4c35-927d-26fdca02acc5-768x512.jpg 768w, https:\/\/elpajaritonews.com\/wp-content\/uploads\/2023\/11\/4fa915be-d063-4c35-927d-26fdca02acc5-1536x1023.jpg 1536w, https:\/\/elpajaritonews.com\/wp-content\/uploads\/2023\/11\/4fa915be-d063-4c35-927d-26fdca02acc5-630x420.jpg 630w, https:\/\/elpajaritonews.com\/wp-content\/uploads\/2023\/11\/4fa915be-d063-4c35-927d-26fdca02acc5-640x426.jpg 640w, https:\/\/elpajaritonews.com\/wp-content\/uploads\/2023\/11\/4fa915be-d063-4c35-927d-26fdca02acc5-681x454.jpg 681w, https:\/\/elpajaritonews.com\/wp-content\/uploads\/2023\/11\/4fa915be-d063-4c35-927d-26fdca02acc5.jpg 1600w\" sizes=\"auto, (max-width: 1024px) 100vw, 1024px\" \/><\/figure>\n\n\n\n<p class=\"wp-block-paragraph\">As\u00ed mismo el 13 Festival Internacional del Bacanora en Bacanora, del 17 al 19; Festival mexicano: 113 Aniversario de la Revoluci\u00f3n Mexicana, en Caborca, del 17 al 20; XX Festival de Arte y Cultura Tetabiakte 2023 en Cajeme, del 24 al 29; Carrera del D\u00eda de la Armada de M\u00e9xico en San Carlos, el 19; ll Festival Cultural Binacional, Una Catrina Sin Fronteras en Santa Ana, el 03 y 04; 4Fronted en Yuma Arizona, el 02; Medio Marat\u00f3n San Carlos \u2013 Guaymas en San Carlos, el 12; Rocky Point Rally 2023 en Puerto Pe\u00f1asco, del 09 al 12; XV Festival de la Cerveza en Hermosillo, el 09 y el Circuito de Rodeo 2023 en Moctezuma, el 19.<\/p>\n\n\n\n<figure class=\"wp-block-image size-large\"><img loading=\"lazy\" decoding=\"async\" width=\"1024\" height=\"682\" src=\"https:\/\/elpajaritonews.com\/wp-content\/uploads\/2023\/11\/c07ed4b9-7e9e-47f9-b5a9-6f8c5ad05064-1024x682.jpg\" alt=\"\" class=\"wp-image-53776\" srcset=\"https:\/\/elpajaritonews.com\/wp-content\/uploads\/2023\/11\/c07ed4b9-7e9e-47f9-b5a9-6f8c5ad05064-1024x682.jpg 1024w, https:\/\/elpajaritonews.com\/wp-content\/uploads\/2023\/11\/c07ed4b9-7e9e-47f9-b5a9-6f8c5ad05064-300x200.jpg 300w, https:\/\/elpajaritonews.com\/wp-content\/uploads\/2023\/11\/c07ed4b9-7e9e-47f9-b5a9-6f8c5ad05064-768x512.jpg 768w, https:\/\/elpajaritonews.com\/wp-content\/uploads\/2023\/11\/c07ed4b9-7e9e-47f9-b5a9-6f8c5ad05064-1536x1023.jpg 1536w, https:\/\/elpajaritonews.com\/wp-content\/uploads\/2023\/11\/c07ed4b9-7e9e-47f9-b5a9-6f8c5ad05064-630x420.jpg 630w, https:\/\/elpajaritonews.com\/wp-content\/uploads\/2023\/11\/c07ed4b9-7e9e-47f9-b5a9-6f8c5ad05064-640x426.jpg 640w, https:\/\/elpajaritonews.com\/wp-content\/uploads\/2023\/11\/c07ed4b9-7e9e-47f9-b5a9-6f8c5ad05064-681x454.jpg 681w, https:\/\/elpajaritonews.com\/wp-content\/uploads\/2023\/11\/c07ed4b9-7e9e-47f9-b5a9-6f8c5ad05064.jpg 1600w\" sizes=\"auto, (max-width: 1024px) 100vw, 1024px\" \/><\/figure>\n\n\n\n<p class=\"wp-block-paragraph\">El secretario de Turismo de Sonora, Roberto Gradillas Pineda, resalt\u00f3 la importancia de buscar el perfil tur\u00edstico de cada uno de los 72 municipios para lograr el objetivo de generar una derrama econ\u00f3mica que beneficie a las familias sonorenses.<\/p>\n\n\n\n<figure class=\"wp-block-image size-large\"><img loading=\"lazy\" decoding=\"async\" width=\"1024\" height=\"682\" src=\"https:\/\/elpajaritonews.com\/wp-content\/uploads\/2023\/11\/c3244b7a-4f73-4f90-ad00-d042c9239304-1024x682.jpg\" alt=\"\" class=\"wp-image-53777\" srcset=\"https:\/\/elpajaritonews.com\/wp-content\/uploads\/2023\/11\/c3244b7a-4f73-4f90-ad00-d042c9239304-1024x682.jpg 1024w, https:\/\/elpajaritonews.com\/wp-content\/uploads\/2023\/11\/c3244b7a-4f73-4f90-ad00-d042c9239304-300x200.jpg 300w, https:\/\/elpajaritonews.com\/wp-content\/uploads\/2023\/11\/c3244b7a-4f73-4f90-ad00-d042c9239304-768x512.jpg 768w, https:\/\/elpajaritonews.com\/wp-content\/uploads\/2023\/11\/c3244b7a-4f73-4f90-ad00-d042c9239304-1536x1023.jpg 1536w, https:\/\/elpajaritonews.com\/wp-content\/uploads\/2023\/11\/c3244b7a-4f73-4f90-ad00-d042c9239304-630x420.jpg 630w, https:\/\/elpajaritonews.com\/wp-content\/uploads\/2023\/11\/c3244b7a-4f73-4f90-ad00-d042c9239304-640x426.jpg 640w, https:\/\/elpajaritonews.com\/wp-content\/uploads\/2023\/11\/c3244b7a-4f73-4f90-ad00-d042c9239304-681x454.jpg 681w, https:\/\/elpajaritonews.com\/wp-content\/uploads\/2023\/11\/c3244b7a-4f73-4f90-ad00-d042c9239304.jpg 1600w\" sizes=\"auto, (max-width: 1024px) 100vw, 1024px\" \/><\/figure>\n\n\n\n<p class=\"wp-block-paragraph\">\u201cHoy sonora vive un gran momento en materia tur\u00edstica, hoy la visi\u00f3n que desde el inicio de su administraci\u00f3n ha encabezado nuestro gobernador Alfonso Durazo, se refleja tambi\u00e9n en una extraordinaria colaboraci\u00f3n entre los municipios y la Secretaria de Turismo, para enaltecer sus festividades y generar derrama econ\u00f3mica\u201d.- Coment\u00f3 Gradillas Pineda.<\/p>\n\n\n\n<p class=\"wp-block-paragraph\">El calendario completo de los eventos, se pueden encontrar en la p\u00e1gina de visit.sonora.mx, adem\u00e1s de tours, gu\u00edas certificados y las experiencias que podr\u00e1n vivir en el estado de Sonora.<\/p>\n","protected":false},"excerpt":{"rendered":"<p>Hermosillo, Sonora; 01 de noviembre del 2023.- Una gran cantidad de eventos deportivos, musicales, culturales e hist\u00f3ricos se levar\u00e1n a cabo en el mes de noviembre, de acuerdo al calendario de eventos dado a conocer por el gobierno de Sonora a trav\u00e9s de la Secretar\u00eda de turismo. La dependencia estatal hizo una atenta invitaci\u00f3n a&#8230;<\/p>\n","protected":false},"author":2,"featured_media":53773,"comment_status":"closed","ping_status":"closed","sticky":false,"template":"","format":"standard","meta":{"_crdt_document":"","_exactmetrics_skip_tracking":false,"_exactmetrics_sitenote_active":false,"_exactmetrics_sitenote_note":"","_exactmetrics_sitenote_category":0,"footnotes":""},"categories":[22,26,27],"tags":[28,29,30],"class_list":["post-53772","post","type-post","status-publish","format-standard","has-post-thumbnail","hentry","category-escena","category-local","category-sonora","tag-nogales","tag-nogales-la-gran-frontera","tag-sonora-tierra-de-oportunidades"],"_links":{"self":[{"href":"https:\/\/elpajaritonews.com\/index.php?rest_route=\/wp\/v2\/posts\/53772","targetHints":{"allow":["GET"]}}],"collection":[{"href":"https:\/\/elpajaritonews.com\/index.php?rest_route=\/wp\/v2\/posts"}],"about":[{"href":"https:\/\/elpajaritonews.com\/index.php?rest_route=\/wp\/v2\/types\/post"}],"author":[{"embeddable":true,"href":"https:\/\/elpajaritonews.com\/index.php?rest_route=\/wp\/v2\/users\/2"}],"replies":[{"embeddable":true,"href":"https:\/\/elpajaritonews.com\/index.php?rest_route=%2Fwp%2Fv2%2Fcomments&post=53772"}],"version-history":[{"count":1,"href":"https:\/\/elpajaritonews.com\/index.php?rest_route=\/wp\/v2\/posts\/53772\/revisions"}],"predecessor-version":[{"id":53778,"href":"https:\/\/elpajaritonews.com\/index.php?rest_route=\/wp\/v2\/posts\/53772\/revisions\/53778"}],"wp:featuredmedia":[{"embeddable":true,"href":"https:\/\/elpajaritonews.com\/index.php?rest_route=\/wp\/v2\/media\/53773"}],"wp:attachment":[{"href":"https:\/\/elpajaritonews.com\/index.php?rest_route=%2Fwp%2Fv2%2Fmedia&parent=53772"}],"wp:term":[{"taxonomy":"category","embeddable":true,"href":"https:\/\/elpajaritonews.com\/index.php?rest_route=%2Fwp%2Fv2%2Fcategories&post=53772"},{"taxonomy":"post_tag","embeddable":true,"href":"https:\/\/elpajaritonews.com\/index.php?rest_route=%2Fwp%2Fv2%2Ftags&post=53772"}],"curies":[{"name":"wp","href":"https:\/\/api.w.org\/{rel}","templated":true}]}}