{"id":53782,"date":"2023-11-02T02:37:45","date_gmt":"2023-11-02T02:37:45","guid":{"rendered":"https:\/\/elpajaritonews.com\/?p=53782"},"modified":"2023-11-02T02:37:46","modified_gmt":"2023-11-02T02:37:46","slug":"ofrece-pjf-fideicomisos-a-reconstruccion-de-acapulco","status":"publish","type":"post","link":"https:\/\/elpajaritonews.com\/?p=53782","title":{"rendered":"OFRECE PJF FIDEICOMISOS A RECONSTRUCCI\u00d3N DE ACAPULCO"},"content":{"rendered":"\n<p class=\"wp-block-paragraph\">Alejandro Matty Ortega\/Irreverente Noticias<\/p>\n\n\n\n<p class=\"wp-block-paragraph\">Ciudad de M\u00e9xico (IN).- Este martes, la ministra presidenta Norma Pi\u00f1a ofreci\u00f3 al presidente Andr\u00e9s Manuel L\u00f3pez Obrador donar los 15 mil millones de pesos de fideicomisos para la reconstrucci\u00f3n de Acapulco.<\/p>\n\n\n\n<p class=\"wp-block-paragraph\">Abierta al di\u00e1logo y los acuerdos, la ministra pidi\u00f3 al presidente de M\u00e9xico definir los t\u00e9rminos para concretar su propuesta para donar los recursos de los fideicomisos del Poder Judicial de la Federaci\u00f3n (PJF).<\/p>\n\n\n\n<p class=\"wp-block-paragraph\">Lo anterior,, en apoyo a los damnificados del hurac\u00e1n Otis, en Acapulco, Guerrero.<\/p>\n\n\n\n<p class=\"wp-block-paragraph\">Pi\u00f1a Hern\u00e1ndez dijo que la propuesta \u201cnos permitir\u00e1 actuar como Estado, en defensa de su poblaci\u00f3n\u201d.<\/p>\n\n\n\n<figure class=\"wp-block-image size-full\"><img loading=\"lazy\" decoding=\"async\" width=\"612\" height=\"765\" src=\"https:\/\/elpajaritonews.com\/wp-content\/uploads\/2023\/11\/c64c97c1-c0a1-431d-adca-75e83b150d9c.jpg\" alt=\"\" class=\"wp-image-53784\" srcset=\"https:\/\/elpajaritonews.com\/wp-content\/uploads\/2023\/11\/c64c97c1-c0a1-431d-adca-75e83b150d9c.jpg 612w, https:\/\/elpajaritonews.com\/wp-content\/uploads\/2023\/11\/c64c97c1-c0a1-431d-adca-75e83b150d9c-240x300.jpg 240w, https:\/\/elpajaritonews.com\/wp-content\/uploads\/2023\/11\/c64c97c1-c0a1-431d-adca-75e83b150d9c-336x420.jpg 336w\" sizes=\"auto, (max-width: 612px) 100vw, 612px\" \/><\/figure>\n\n\n\n<p class=\"wp-block-paragraph\">Apunt\u00f3 que \u00abtrabajaremos en conjunto por la recuperaci\u00f3n de las personas m\u00e1s afectadas, para devolverles el derecho al futuro que les fue suspendido y buscar asegurarles, en el menor tiempo posible, condiciones de igualdad para continuar con su proyecto de vida\u00bb<\/p>\n\n\n\n<p class=\"wp-block-paragraph\">Precis\u00f3 adem\u00e1s que \u00aba partir de lo anterior, quedo a la espera de la definici\u00f3n del canal Institucional para dialogar los t\u00e9rminos con la finalidad de concretar la propuesta en cuesti\u00f3n\u201d.<\/p>\n\n\n\n<p class=\"wp-block-paragraph\">La presidenta de la Suprema Corte de Justicia de la Naci\u00f3n (SCJN) y del Consejo de la Judicatura Federal (CJF) resalt\u00f3 que \u00abtrabaja en un proyecto de reingenier\u00eda, tanto de los fideicomisos, como del ejercicio del presupuesto asignado\u00bb.<\/p>\n\n\n\n<p class=\"wp-block-paragraph\">En este sentido, \u00abesa tarea permitir\u00e1 garantizar los derechos y hacer el mejor uso y aprovechamiento de los recursos p\u00fablicos para el cumplimiento de otros fines sociales, como sin duda, en este caso se requiere\u00bb.<\/p>\n\n\n\n<p class=\"wp-block-paragraph\">Por la tarde, v\u00eda amparo, un juez federal suspendi\u00f3 la reforma que extingue los 13 fideicomisos con 15 mil millones de pesos del Poder Judicial de la Federaci\u00f3n (PJF) en M\u00e9xico.<\/p>\n\n\n\n<p class=\"wp-block-paragraph\">El amparo fue promovido por Mar\u00eda del Carmen Cordero Mart\u00ednez, magistrada del Primer Tribunal Colegiado en Materias Civil y de Trabajo de Chihuahua.<\/p>\n\n\n\n<p class=\"wp-block-paragraph\">El martes, el juez D\u00e9cimo Segundo de Distrito con sede en Chihuahua, Juan Fernando Lu\u00e9vano Ovalle, prohibi\u00f3 temporalmente al Consejo de la Judicatura Federal (CJF) transferir los recursos a la Secretar\u00eda de Hacienda y Cr\u00e9dito P\u00fablico (SHCP) y a la Tesorer\u00eda de la Federaci\u00f3n (Tesofe) como lo enuncia la reforma ratificada la semana pasada por el Senado de la Rep\u00fablica.<\/p>\n\n\n\n<p class=\"wp-block-paragraph\">Adem\u00e1s prohibi\u00f3 a Hacienda y a la Tesorer\u00eda disponer del dinero de los 13 fideicomisos en tanto resuelve de manera definitiva el amparo concedido a la magistrada.<\/p>\n\n\n\n<p class=\"wp-block-paragraph\">Esta es la primera suspensi\u00f3n provisional contra el decreto de extinci\u00f3n de lis fideicomisos promovido por el presidente Andr\u00e9s Manuel L\u00f3pez Obrador.<\/p>\n\n\n\n<p class=\"wp-block-paragraph\">La medida cautelar se\u00f1ala que \u00abse concede la suspensi\u00f3n provisional para que la Secretar\u00eda Ejecutiva de Administraci\u00f3n del CJF, SHCP y Tesofe o aquella que atendiendo a su respectiva competencia tenga intervenci\u00f3n en la administraci\u00f3n, operaci\u00f3n y disposici\u00f3n de los recursos de los fideicomisos antes precisados, deben realizar lo siguiente:<\/p>\n\n\n\n<p class=\"wp-block-paragraph\">Se abstengan de aplicar las consecuencias y efectos de la disposici\u00f3n reclamada contenida en el decreto por el que se adiciona un segundo p\u00e1rrafo del Art\u00edculo 224 de la Ley Org\u00e1nica del PJF\u00bb.<\/p>\n\n\n\n<p class=\"wp-block-paragraph\">El juzgador se\u00f1ala a las autoridades federales \u00abse abstengan de cancelar o extinguir los fideicomisos y se garantice su continuaci\u00f3n, operaci\u00f3n y administraci\u00f3n del objeto por el cual fueron creados tales fideicomisos celebrados por el CJF\u00bb.<\/p>\n\n\n\n<p class=\"wp-block-paragraph\">Lo anterior, \u00aben cumplimiento a las reglas de operaci\u00f3n de cada uno de ellos.<\/p>\n\n\n\n<p class=\"wp-block-paragraph\">Suspendan de forma inmediata la entrega y\/o transferencia de los recursos de todos aquellos fideicomisos celebrados por el CJF, as\u00ed como sus remanentes, productos y aprovechamientos derivados de los mismos, a cualquier autoridad dependiente del Ejecutivo Federal o de las propias entidades fiduciarias\u00bb.<\/p>\n\n\n\n<p class=\"wp-block-paragraph\">En este sentido, \u00absalvo de aquellas facultades para la administraci\u00f3n y disposici\u00f3n de los recursos de cada uno de ellos para su operaci\u00f3n\u00bb.<\/p>\n\n\n\n<p class=\"wp-block-paragraph\">El juez de distrito establece que \u00ablos fideicomisos sigan con su operatividad regular en relaci\u00f3n a la finalidad por la cual fueron creados\u00bb.<\/p>\n\n\n\n<p class=\"wp-block-paragraph\">La vigencia del amparo hasta el 9 de noviembre pr\u00f3ximo.<\/p>\n\n\n\n<p class=\"wp-block-paragraph\">Ese d\u00eda el juez de Distrito acord\u00f3 llevar a cabo la audiencia incidental en la que resolver\u00e1 si concede o no la suspensi\u00f3n definitiva.<\/p>\n\n\n\n<p class=\"wp-block-paragraph\">Dicha decisi\u00f3n podr\u00eda frenar la extinci\u00f3n de los fideicomisos en forma indefinida.<\/p>\n\n\n\n<p class=\"wp-block-paragraph\">El juzgador tambi\u00e9n orden\u00f3 acatar esta suspensi\u00f3n provisional a las entidades fiduciarias Banco Nacional de Obras y Servicios P\u00fablicos (Banobras) y la Banca de Desarrollo Nacional Financiera (Nafin).<\/p>\n\n\n\n<p class=\"wp-block-paragraph\">\u00abA efecto de que en el \u00e1mbito de sus atribuciones y facultades se abstengan de entregar y\/o transferir los recursos de todos aquellos fideicomisos celebrados por el CJF, as\u00ed como sus remanentes, productos y aprovechamientos derivados de los mismos, a la Tesofe y\/o cualquier autoridad diversa de las facultades para la administraci\u00f3n y disposici\u00f3n de los recursos de cada uno de ellos para su operaci\u00f3n\u00bb.<\/p>\n","protected":false},"excerpt":{"rendered":"<p>Alejandro Matty Ortega\/Irreverente Noticias Ciudad de M\u00e9xico (IN).- Este martes, la ministra presidenta Norma Pi\u00f1a ofreci\u00f3 al presidente Andr\u00e9s Manuel L\u00f3pez Obrador donar los 15 mil millones de pesos de fideicomisos para la reconstrucci\u00f3n de Acapulco. Abierta al di\u00e1logo y los acuerdos, la ministra pidi\u00f3 al presidente de M\u00e9xico definir los t\u00e9rminos para concretar su&#8230;<\/p>\n","protected":false},"author":2,"featured_media":53783,"comment_status":"closed","ping_status":"closed","sticky":false,"template":"","format":"standard","meta":{"_crdt_document":"","_exactmetrics_skip_tracking":false,"_exactmetrics_sitenote_active":false,"_exactmetrics_sitenote_note":"","_exactmetrics_sitenote_category":0,"footnotes":""},"categories":[37,23,31,1,27],"tags":[29,30],"class_list":["post-53782","post","type-post","status-publish","format-standard","has-post-thumbnail","hentry","category-medio-ambiente","category-mexico","category-politica","category-seguridad","category-sonora","tag-nogales-la-gran-frontera","tag-sonora-tierra-de-oportunidades"],"_links":{"self":[{"href":"https:\/\/elpajaritonews.com\/index.php?rest_route=\/wp\/v2\/posts\/53782","targetHints":{"allow":["GET"]}}],"collection":[{"href":"https:\/\/elpajaritonews.com\/index.php?rest_route=\/wp\/v2\/posts"}],"about":[{"href":"https:\/\/elpajaritonews.com\/index.php?rest_route=\/wp\/v2\/types\/post"}],"author":[{"embeddable":true,"href":"https:\/\/elpajaritonews.com\/index.php?rest_route=\/wp\/v2\/users\/2"}],"replies":[{"embeddable":true,"href":"https:\/\/elpajaritonews.com\/index.php?rest_route=%2Fwp%2Fv2%2Fcomments&post=53782"}],"version-history":[{"count":1,"href":"https:\/\/elpajaritonews.com\/index.php?rest_route=\/wp\/v2\/posts\/53782\/revisions"}],"predecessor-version":[{"id":53785,"href":"https:\/\/elpajaritonews.com\/index.php?rest_route=\/wp\/v2\/posts\/53782\/revisions\/53785"}],"wp:featuredmedia":[{"embeddable":true,"href":"https:\/\/elpajaritonews.com\/index.php?rest_route=\/wp\/v2\/media\/53783"}],"wp:attachment":[{"href":"https:\/\/elpajaritonews.com\/index.php?rest_route=%2Fwp%2Fv2%2Fmedia&parent=53782"}],"wp:term":[{"taxonomy":"category","embeddable":true,"href":"https:\/\/elpajaritonews.com\/index.php?rest_route=%2Fwp%2Fv2%2Fcategories&post=53782"},{"taxonomy":"post_tag","embeddable":true,"href":"https:\/\/elpajaritonews.com\/index.php?rest_route=%2Fwp%2Fv2%2Ftags&post=53782"}],"curies":[{"name":"wp","href":"https:\/\/api.w.org\/{rel}","templated":true}]}}