{"id":53786,"date":"2023-11-03T05:32:42","date_gmt":"2023-11-03T05:32:42","guid":{"rendered":"https:\/\/elpajaritonews.com\/?p=53786"},"modified":"2023-11-03T05:32:43","modified_gmt":"2023-11-03T05:32:43","slug":"participa-gobierno-de-sonora-en-megaregion-binacional-4fronted-en-yuma-arizona","status":"publish","type":"post","link":"https:\/\/elpajaritonews.com\/?p=53786","title":{"rendered":"PARTICIPA GOBIERNO DE SONORA EN MEGAREGI\u00d3N BINACIONAL 4FRONTED EN YUMA ARIZONA"},"content":{"rendered":"\n<p class=\"wp-block-paragraph\">&#8211; Desde su creaci\u00f3n, 4FrontED se enfoca en cuatro \u00e1reas fundamentales: desarrollo econ\u00f3mico, infraestructura, turismo y educaci\u00f3n en las zonas de Arizona, California, Baja California y Sonora.<\/p>\n\n\n\n<p class=\"wp-block-paragraph\">Yuma, Arizona; 2 de noviembre del 2023.- El Gobierno de Sonora, a trav\u00e9s de la Secretar\u00eda de Turismo (Sectur), particip\u00f3 en la Megaregi\u00f3n Binacional 4FrontED llevada a cabo en Yuma, Arizona.<\/p>\n\n\n\n<figure class=\"wp-block-image size-large\"><img loading=\"lazy\" decoding=\"async\" width=\"1024\" height=\"768\" src=\"https:\/\/elpajaritonews.com\/wp-content\/uploads\/2023\/11\/66e6d08b-4d36-46ce-a9a4-78a935ce791d-1024x768.jpg\" alt=\"\" class=\"wp-image-53788\" srcset=\"https:\/\/elpajaritonews.com\/wp-content\/uploads\/2023\/11\/66e6d08b-4d36-46ce-a9a4-78a935ce791d-1024x768.jpg 1024w, https:\/\/elpajaritonews.com\/wp-content\/uploads\/2023\/11\/66e6d08b-4d36-46ce-a9a4-78a935ce791d-300x225.jpg 300w, https:\/\/elpajaritonews.com\/wp-content\/uploads\/2023\/11\/66e6d08b-4d36-46ce-a9a4-78a935ce791d-768x576.jpg 768w, https:\/\/elpajaritonews.com\/wp-content\/uploads\/2023\/11\/66e6d08b-4d36-46ce-a9a4-78a935ce791d-560x420.jpg 560w, https:\/\/elpajaritonews.com\/wp-content\/uploads\/2023\/11\/66e6d08b-4d36-46ce-a9a4-78a935ce791d-80x60.jpg 80w, https:\/\/elpajaritonews.com\/wp-content\/uploads\/2023\/11\/66e6d08b-4d36-46ce-a9a4-78a935ce791d-100x75.jpg 100w, https:\/\/elpajaritonews.com\/wp-content\/uploads\/2023\/11\/66e6d08b-4d36-46ce-a9a4-78a935ce791d-180x135.jpg 180w, https:\/\/elpajaritonews.com\/wp-content\/uploads\/2023\/11\/66e6d08b-4d36-46ce-a9a4-78a935ce791d-238x178.jpg 238w, https:\/\/elpajaritonews.com\/wp-content\/uploads\/2023\/11\/66e6d08b-4d36-46ce-a9a4-78a935ce791d-640x480.jpg 640w, https:\/\/elpajaritonews.com\/wp-content\/uploads\/2023\/11\/66e6d08b-4d36-46ce-a9a4-78a935ce791d-681x511.jpg 681w, https:\/\/elpajaritonews.com\/wp-content\/uploads\/2023\/11\/66e6d08b-4d36-46ce-a9a4-78a935ce791d.jpg 1280w\" sizes=\"auto, (max-width: 1024px) 100vw, 1024px\" \/><\/figure>\n\n\n\n<p class=\"wp-block-paragraph\">La Megaregi\u00f3n Binacional 4FrontED representa un esfuerzo de varios l\u00edderes locales enfocados en desarrollo econ\u00f3mico, infraestructura, turismo y educaci\u00f3n que comprende al suroeste de Estados Unidos y las comunidades fronterizas del noroeste de M\u00e9xico. El motor econ\u00f3mico de 4FrontED est\u00e1 impulsado por la innovaci\u00f3n, colaboraci\u00f3n, educaci\u00f3n, la industria y los valores \u00e9ticos.<\/p>\n\n\n\n<figure class=\"wp-block-image size-large\"><img loading=\"lazy\" decoding=\"async\" width=\"683\" height=\"1024\" src=\"https:\/\/elpajaritonews.com\/wp-content\/uploads\/2023\/11\/c57ef53f-2eba-41e6-840f-141a11e82c27-683x1024.jpg\" alt=\"\" class=\"wp-image-53789\" srcset=\"https:\/\/elpajaritonews.com\/wp-content\/uploads\/2023\/11\/c57ef53f-2eba-41e6-840f-141a11e82c27-683x1024.jpg 683w, https:\/\/elpajaritonews.com\/wp-content\/uploads\/2023\/11\/c57ef53f-2eba-41e6-840f-141a11e82c27-200x300.jpg 200w, https:\/\/elpajaritonews.com\/wp-content\/uploads\/2023\/11\/c57ef53f-2eba-41e6-840f-141a11e82c27-768x1151.jpg 768w, https:\/\/elpajaritonews.com\/wp-content\/uploads\/2023\/11\/c57ef53f-2eba-41e6-840f-141a11e82c27-280x420.jpg 280w, https:\/\/elpajaritonews.com\/wp-content\/uploads\/2023\/11\/c57ef53f-2eba-41e6-840f-141a11e82c27-640x959.jpg 640w, https:\/\/elpajaritonews.com\/wp-content\/uploads\/2023\/11\/c57ef53f-2eba-41e6-840f-141a11e82c27-681x1021.jpg 681w, https:\/\/elpajaritonews.com\/wp-content\/uploads\/2023\/11\/c57ef53f-2eba-41e6-840f-141a11e82c27.jpg 854w\" sizes=\"auto, (max-width: 683px) 100vw, 683px\" \/><\/figure>\n\n\n\n<p class=\"wp-block-paragraph\">El secretario de Turismo, Roberto Gradillas Pineda expuso ante los mas de 100 asistentes pertenecientes a \u00f3rganos de gobierno, diferentes c\u00e1maras empresariales, grupos sociales, empresarios y del \u00e1mbito educativo de ambos pa\u00edses y de los cuatro estados involucrados, las bondades tur\u00edsticas que ofrece el gran estado de Sonora, principalmente en la zona noroeste que comprende esta iniciativa.<\/p>\n\n\n\n<figure class=\"wp-block-image size-large\"><img loading=\"lazy\" decoding=\"async\" width=\"1024\" height=\"683\" src=\"https:\/\/elpajaritonews.com\/wp-content\/uploads\/2023\/11\/dcef3da9-a8e2-4520-89a8-a55efae01852-1024x683.jpg\" alt=\"\" class=\"wp-image-53790\" srcset=\"https:\/\/elpajaritonews.com\/wp-content\/uploads\/2023\/11\/dcef3da9-a8e2-4520-89a8-a55efae01852-1024x683.jpg 1024w, https:\/\/elpajaritonews.com\/wp-content\/uploads\/2023\/11\/dcef3da9-a8e2-4520-89a8-a55efae01852-300x200.jpg 300w, https:\/\/elpajaritonews.com\/wp-content\/uploads\/2023\/11\/dcef3da9-a8e2-4520-89a8-a55efae01852-768x512.jpg 768w, https:\/\/elpajaritonews.com\/wp-content\/uploads\/2023\/11\/dcef3da9-a8e2-4520-89a8-a55efae01852-630x420.jpg 630w, https:\/\/elpajaritonews.com\/wp-content\/uploads\/2023\/11\/dcef3da9-a8e2-4520-89a8-a55efae01852-640x427.jpg 640w, https:\/\/elpajaritonews.com\/wp-content\/uploads\/2023\/11\/dcef3da9-a8e2-4520-89a8-a55efae01852-681x454.jpg 681w, https:\/\/elpajaritonews.com\/wp-content\/uploads\/2023\/11\/dcef3da9-a8e2-4520-89a8-a55efae01852.jpg 1086w\" sizes=\"auto, (max-width: 1024px) 100vw, 1024px\" \/><\/figure>\n\n\n\n<p class=\"wp-block-paragraph\">En su participaci\u00f3n resalt\u00f3 la visi\u00f3n del gobernador Alfonso Durazo de fortalecer esta megaregi\u00f3n, para que con este tipo de alianzas se convierta en un destino tur\u00edstico atractivo y se afiance ante el mercado internacional.<\/p>\n\n\n\n<p class=\"wp-block-paragraph\">\u201cSonora es un tesoro que esta listo para ser descubierto, nuestras maravillas naturales, gastronom\u00eda y calidez humana, reciben siempre con los brazos abiertos a todos los turistas que nos visitan, sea de aventura, de romance, de negocios o recreativo\u201d expres\u00f3 Gradillas Pineda<\/p>\n\n\n\n<p class=\"wp-block-paragraph\">Esta iniciativa busca afianzar el s\u00f3lido impacto de cuatro estados, dos naciones, unidas en una sola, que busca colocar al 4FrontED como la megaregi\u00f3n binacional m\u00e1s fuerte.<\/p>\n","protected":false},"excerpt":{"rendered":"<p>&#8211; Desde su creaci\u00f3n, 4FrontED se enfoca en cuatro \u00e1reas fundamentales: desarrollo econ\u00f3mico, infraestructura, turismo y educaci\u00f3n en las zonas de Arizona, California, Baja California y Sonora. Yuma, Arizona; 2 de noviembre del 2023.- El Gobierno de Sonora, a trav\u00e9s de la Secretar\u00eda de Turismo (Sectur), particip\u00f3 en la Megaregi\u00f3n Binacional 4FrontED llevada a cabo&#8230;<\/p>\n","protected":false},"author":2,"featured_media":53787,"comment_status":"closed","ping_status":"closed","sticky":false,"template":"","format":"standard","meta":{"_crdt_document":"","_exactmetrics_skip_tracking":false,"_exactmetrics_sitenote_active":false,"_exactmetrics_sitenote_note":"","_exactmetrics_sitenote_category":0,"footnotes":""},"categories":[17,36,23,24,31,27],"tags":[28,29,30],"class_list":["post-53786","post","type-post","status-publish","format-standard","has-post-thumbnail","hentry","category-arizona","category-economia","category-mexico","category-mundo","category-politica","category-sonora","tag-nogales","tag-nogales-la-gran-frontera","tag-sonora-tierra-de-oportunidades"],"_links":{"self":[{"href":"https:\/\/elpajaritonews.com\/index.php?rest_route=\/wp\/v2\/posts\/53786","targetHints":{"allow":["GET"]}}],"collection":[{"href":"https:\/\/elpajaritonews.com\/index.php?rest_route=\/wp\/v2\/posts"}],"about":[{"href":"https:\/\/elpajaritonews.com\/index.php?rest_route=\/wp\/v2\/types\/post"}],"author":[{"embeddable":true,"href":"https:\/\/elpajaritonews.com\/index.php?rest_route=\/wp\/v2\/users\/2"}],"replies":[{"embeddable":true,"href":"https:\/\/elpajaritonews.com\/index.php?rest_route=%2Fwp%2Fv2%2Fcomments&post=53786"}],"version-history":[{"count":1,"href":"https:\/\/elpajaritonews.com\/index.php?rest_route=\/wp\/v2\/posts\/53786\/revisions"}],"predecessor-version":[{"id":53791,"href":"https:\/\/elpajaritonews.com\/index.php?rest_route=\/wp\/v2\/posts\/53786\/revisions\/53791"}],"wp:featuredmedia":[{"embeddable":true,"href":"https:\/\/elpajaritonews.com\/index.php?rest_route=\/wp\/v2\/media\/53787"}],"wp:attachment":[{"href":"https:\/\/elpajaritonews.com\/index.php?rest_route=%2Fwp%2Fv2%2Fmedia&parent=53786"}],"wp:term":[{"taxonomy":"category","embeddable":true,"href":"https:\/\/elpajaritonews.com\/index.php?rest_route=%2Fwp%2Fv2%2Fcategories&post=53786"},{"taxonomy":"post_tag","embeddable":true,"href":"https:\/\/elpajaritonews.com\/index.php?rest_route=%2Fwp%2Fv2%2Ftags&post=53786"}],"curies":[{"name":"wp","href":"https:\/\/api.w.org\/{rel}","templated":true}]}}