{"id":53795,"date":"2023-11-03T17:08:52","date_gmt":"2023-11-03T17:08:52","guid":{"rendered":"https:\/\/elpajaritonews.com\/?p=53795"},"modified":"2023-11-03T17:08:55","modified_gmt":"2023-11-03T17:08:55","slug":"periodistas-sonorenses-recibiran-premio-mexico-de-periodismo-ricardo-flores-magon-2023","status":"publish","type":"post","link":"https:\/\/elpajaritonews.com\/?p=53795","title":{"rendered":"PERIODISTAS SONORENSES RECIBIR\u00c1N PREMIO M\u00c9XICO DE PERIODISMO \u201cRICARDO FLORES MAG\u00d3N\u201d 2023."},"content":{"rendered":"\n<p class=\"wp-block-paragraph\">La Federaci\u00f3n de Asociaciones de Periodistas Mexicanos y el Colegio Nacional de Licenciados en Periodismo dan a conocer los nombres de los periodistas que fueron galardonados, de acuerdo con la decisi\u00f3n del H. Jurado Calificador, con el Premio M\u00e9xico de Periodismo \u201cRicardo Flores Mag\u00f3n\u201d 2023 por G\u00e9neros Period\u00edsticos.<\/p>\n\n\n\n<p class=\"wp-block-paragraph\">Los periodistas sonorenses Claudio Gabriel Tiznado Quijada y Gregorio Ram\u00edrez Valdez, recibir\u00e1n este s\u00e1bado 4 de noviembre el Premio M\u00e9xico de Periodismo \u201cRicardo Flores Mag\u00f3n\u201d 2023 por G\u00e9neros Period\u00edsticos en su vig\u00e9sima edici\u00f3n.<\/p>\n\n\n\n<p class=\"wp-block-paragraph\">Esta presea es entregada por la Federaci\u00f3n de Asociaciones de Periodistas Mexicanos y el Colegio Nacional de Licenciados en Periodismo en el marco de los trabajos del XX Congreso Nacional de nuestras agrupaciones gremiales.<\/p>\n\n\n\n<p class=\"wp-block-paragraph\">El jurado calificador, determin\u00f3 otorgar el premio a Tiznado Quijada, por el reportaje \u201cHermosillo quita terrenos a propietarios en opacidad\u201d, publicado por el medio digital Borderhub, medio que realiza periodismo de investigaci\u00f3n.<\/p>\n\n\n\n<figure class=\"wp-block-image size-full\"><img loading=\"lazy\" decoding=\"async\" width=\"872\" height=\"428\" src=\"https:\/\/elpajaritonews.com\/wp-content\/uploads\/2023\/11\/img_7352-1.webp\" alt=\"\" class=\"wp-image-53797\" srcset=\"https:\/\/elpajaritonews.com\/wp-content\/uploads\/2023\/11\/img_7352-1.webp 872w, https:\/\/elpajaritonews.com\/wp-content\/uploads\/2023\/11\/img_7352-1-300x147.webp 300w, https:\/\/elpajaritonews.com\/wp-content\/uploads\/2023\/11\/img_7352-1-768x377.webp 768w, https:\/\/elpajaritonews.com\/wp-content\/uploads\/2023\/11\/img_7352-1-856x420.webp 856w, https:\/\/elpajaritonews.com\/wp-content\/uploads\/2023\/11\/img_7352-1-640x314.webp 640w, https:\/\/elpajaritonews.com\/wp-content\/uploads\/2023\/11\/img_7352-1-681x334.webp 681w\" sizes=\"auto, (max-width: 872px) 100vw, 872px\" \/><\/figure>\n\n\n\n<p class=\"wp-block-paragraph\">\u201cEste premio significa un reconocimiento a mi esfuerzo como periodista de investigaci\u00f3n, voy a seguir en esta senda, sin importar los riesgos, porque la gente que se\u00f1ala la corrupci\u00f3n en el gobierno, necesita voces para que se les d\u00e9 seguimiento\u201d afirm\u00f3 Claudio Tiznado<\/p>\n\n\n\n<p class=\"wp-block-paragraph\">En tanto Gregorio Ram\u00edrez por el reportaje \u201cEl Hombre aguacero\u201d, publicado en la prensa escrita El Policiaco.<\/p>\n\n\n\n<p class=\"wp-block-paragraph\">La ceremonia se realizar\u00e1 en la Ciudad de M\u00e9xico a las 12:00 horas en la sede de la Academia Nacional de Historia y Geograf\u00eda ubicada en la calle de Londres No. 60, Colonia Ju\u00e1rez, Zona Rosa.<\/p>\n\n\n\n<p class=\"wp-block-paragraph\">Liga del reportaje:<\/p>\n\n\n\n<figure class=\"wp-block-embed\"><div class=\"wp-block-embed__wrapper\">\nhttps:\/\/www.borderhub.org\/es\/noticias-especiales\/ayuntamiento-de-hermosillo-revoco-asignaciones-de-terrenos\/#:~:text=Del%20a%C3%B1o%202000%20al%202022,urbana%2C%20atrayendo%20la%20atenci%C3%B3n%20de\n<\/div><\/figure>\n","protected":false},"excerpt":{"rendered":"<p>La Federaci\u00f3n de Asociaciones de Periodistas Mexicanos y el Colegio Nacional de Licenciados en Periodismo dan a conocer los nombres de los periodistas que fueron galardonados, de acuerdo con la decisi\u00f3n del H. Jurado Calificador, con el Premio M\u00e9xico de Periodismo \u201cRicardo Flores Mag\u00f3n\u201d 2023 por G\u00e9neros Period\u00edsticos. Los periodistas sonorenses Claudio Gabriel Tiznado Quijada&#8230;<\/p>\n","protected":false},"author":2,"featured_media":53796,"comment_status":"closed","ping_status":"closed","sticky":false,"template":"","format":"standard","meta":{"_crdt_document":"","_exactmetrics_skip_tracking":false,"_exactmetrics_sitenote_active":false,"_exactmetrics_sitenote_note":"","_exactmetrics_sitenote_category":0,"footnotes":""},"categories":[22,26,23,31,27],"tags":[29,30],"class_list":["post-53795","post","type-post","status-publish","format-standard","has-post-thumbnail","hentry","category-escena","category-local","category-mexico","category-politica","category-sonora","tag-nogales-la-gran-frontera","tag-sonora-tierra-de-oportunidades"],"_links":{"self":[{"href":"https:\/\/elpajaritonews.com\/index.php?rest_route=\/wp\/v2\/posts\/53795","targetHints":{"allow":["GET"]}}],"collection":[{"href":"https:\/\/elpajaritonews.com\/index.php?rest_route=\/wp\/v2\/posts"}],"about":[{"href":"https:\/\/elpajaritonews.com\/index.php?rest_route=\/wp\/v2\/types\/post"}],"author":[{"embeddable":true,"href":"https:\/\/elpajaritonews.com\/index.php?rest_route=\/wp\/v2\/users\/2"}],"replies":[{"embeddable":true,"href":"https:\/\/elpajaritonews.com\/index.php?rest_route=%2Fwp%2Fv2%2Fcomments&post=53795"}],"version-history":[{"count":1,"href":"https:\/\/elpajaritonews.com\/index.php?rest_route=\/wp\/v2\/posts\/53795\/revisions"}],"predecessor-version":[{"id":53798,"href":"https:\/\/elpajaritonews.com\/index.php?rest_route=\/wp\/v2\/posts\/53795\/revisions\/53798"}],"wp:featuredmedia":[{"embeddable":true,"href":"https:\/\/elpajaritonews.com\/index.php?rest_route=\/wp\/v2\/media\/53796"}],"wp:attachment":[{"href":"https:\/\/elpajaritonews.com\/index.php?rest_route=%2Fwp%2Fv2%2Fmedia&parent=53795"}],"wp:term":[{"taxonomy":"category","embeddable":true,"href":"https:\/\/elpajaritonews.com\/index.php?rest_route=%2Fwp%2Fv2%2Fcategories&post=53795"},{"taxonomy":"post_tag","embeddable":true,"href":"https:\/\/elpajaritonews.com\/index.php?rest_route=%2Fwp%2Fv2%2Ftags&post=53795"}],"curies":[{"name":"wp","href":"https:\/\/api.w.org\/{rel}","templated":true}]}}