{"id":53800,"date":"2023-11-04T01:36:03","date_gmt":"2023-11-04T01:36:03","guid":{"rendered":"https:\/\/elpajaritonews.com\/?p=53800"},"modified":"2023-11-04T01:36:04","modified_gmt":"2023-11-04T01:36:04","slug":"entrega-gobernador-durazo-mil-220-bicicletas-para-hermosillo","status":"publish","type":"post","link":"https:\/\/elpajaritonews.com\/?p=53800","title":{"rendered":"ENTREGA GOBERNADOR DURAZO MIL 220 BICICLETAS PARA HERMOSILLO"},"content":{"rendered":"\n<p class=\"wp-block-paragraph\">Un total de mil 220 bicicletas con su equipo de protecci\u00f3n fueron las entregadas por parte del gobernador Alfonso Durazo Monta\u00f1o, para estudiantes de escuelas p\u00fablicas y personas en condici\u00f3n de pobreza en Hermosillo, como parte del programa \u201cEn Bici\u201d, adem\u00e1s de la zona rural, poblado Miguel Alem\u00e1n y Bah\u00eda Kino<\/p>\n\n\n\n<figure class=\"wp-block-image size-large\"><img loading=\"lazy\" decoding=\"async\" width=\"1024\" height=\"681\" src=\"https:\/\/elpajaritonews.com\/wp-content\/uploads\/2023\/11\/c2216dd0-cf72-4859-b144-6431ee7b9ffb-1024x681.jpg\" alt=\"\" class=\"wp-image-53802\" srcset=\"https:\/\/elpajaritonews.com\/wp-content\/uploads\/2023\/11\/c2216dd0-cf72-4859-b144-6431ee7b9ffb-1024x681.jpg 1024w, https:\/\/elpajaritonews.com\/wp-content\/uploads\/2023\/11\/c2216dd0-cf72-4859-b144-6431ee7b9ffb-300x199.jpg 300w, https:\/\/elpajaritonews.com\/wp-content\/uploads\/2023\/11\/c2216dd0-cf72-4859-b144-6431ee7b9ffb-768x511.jpg 768w, https:\/\/elpajaritonews.com\/wp-content\/uploads\/2023\/11\/c2216dd0-cf72-4859-b144-6431ee7b9ffb-632x420.jpg 632w, https:\/\/elpajaritonews.com\/wp-content\/uploads\/2023\/11\/c2216dd0-cf72-4859-b144-6431ee7b9ffb-640x426.jpg 640w, https:\/\/elpajaritonews.com\/wp-content\/uploads\/2023\/11\/c2216dd0-cf72-4859-b144-6431ee7b9ffb-681x453.jpg 681w, https:\/\/elpajaritonews.com\/wp-content\/uploads\/2023\/11\/c2216dd0-cf72-4859-b144-6431ee7b9ffb.jpg 1280w\" sizes=\"auto, (max-width: 1024px) 100vw, 1024px\" \/><\/figure>\n\n\n\n<p class=\"wp-block-paragraph\">El mandatario estatal, acompa\u00f1ado de Wendy Brice\u00f1o Zuloaga, secretaria de Desarrollo Social, destac\u00f3 que este programa ha llegado a los municipios donde sus habitantes carecen del servicio de transporte p\u00fablico, con ello, dijo se busca evitar la deserci\u00f3n escolar apoyando as\u00ed a que j\u00f3venes lleguen a sus planteles escolares.<\/p>\n\n\n\n<figure class=\"wp-block-image size-large\"><img loading=\"lazy\" decoding=\"async\" width=\"1024\" height=\"681\" src=\"https:\/\/elpajaritonews.com\/wp-content\/uploads\/2023\/11\/5de5108c-8630-4f9e-a7c2-26ec2596ce7d-1024x681.jpg\" alt=\"\" class=\"wp-image-53803\" srcset=\"https:\/\/elpajaritonews.com\/wp-content\/uploads\/2023\/11\/5de5108c-8630-4f9e-a7c2-26ec2596ce7d-1024x681.jpg 1024w, https:\/\/elpajaritonews.com\/wp-content\/uploads\/2023\/11\/5de5108c-8630-4f9e-a7c2-26ec2596ce7d-300x199.jpg 300w, https:\/\/elpajaritonews.com\/wp-content\/uploads\/2023\/11\/5de5108c-8630-4f9e-a7c2-26ec2596ce7d-768x511.jpg 768w, https:\/\/elpajaritonews.com\/wp-content\/uploads\/2023\/11\/5de5108c-8630-4f9e-a7c2-26ec2596ce7d-632x420.jpg 632w, https:\/\/elpajaritonews.com\/wp-content\/uploads\/2023\/11\/5de5108c-8630-4f9e-a7c2-26ec2596ce7d-640x426.jpg 640w, https:\/\/elpajaritonews.com\/wp-content\/uploads\/2023\/11\/5de5108c-8630-4f9e-a7c2-26ec2596ce7d-681x453.jpg 681w, https:\/\/elpajaritonews.com\/wp-content\/uploads\/2023\/11\/5de5108c-8630-4f9e-a7c2-26ec2596ce7d.jpg 1280w\" sizes=\"auto, (max-width: 1024px) 100vw, 1024px\" \/><\/figure>\n\n\n\n<p class=\"wp-block-paragraph\">\u00abPero por encima de todo esto, est\u00e1 la necesidad, el satisfacer una necesidad que tiene que ver con que los, las estudiantes que est\u00e1n lejos de sus escuelas cuenten con un medio de transporte que no les cueste, que sea accesible\u00bb, coment\u00f3.<\/p>\n\n\n\n<p class=\"wp-block-paragraph\">El gobernador Alfonso Durazo Monta\u00f1o, explic\u00f3 que el 80 por ciento de las bicicletas son destinadas para estudiantes mayores de 15 a\u00f1os y el resto para ciudadanos en general, y que la meta es la entrega de 10 mil bicicletas este 2023 en 24 municipios, de los cuales, Bavispe, Bacerac, Huachinera, Bacad\u00e9huachi, N\u00e1cori Chico, Granados, Hu\u00e1sabas, Villa Hidalgo, Divisaderos, Tepache y Hermosillo ya recibieron este art\u00edculo.<\/p>\n\n\n\n<figure class=\"wp-block-image size-large\"><img loading=\"lazy\" decoding=\"async\" width=\"1024\" height=\"681\" src=\"https:\/\/elpajaritonews.com\/wp-content\/uploads\/2023\/11\/b5cdbdb9-80cd-425b-9d23-cba76ad6f504-1024x681.jpg\" alt=\"\" class=\"wp-image-53804\" srcset=\"https:\/\/elpajaritonews.com\/wp-content\/uploads\/2023\/11\/b5cdbdb9-80cd-425b-9d23-cba76ad6f504-1024x681.jpg 1024w, https:\/\/elpajaritonews.com\/wp-content\/uploads\/2023\/11\/b5cdbdb9-80cd-425b-9d23-cba76ad6f504-300x199.jpg 300w, https:\/\/elpajaritonews.com\/wp-content\/uploads\/2023\/11\/b5cdbdb9-80cd-425b-9d23-cba76ad6f504-768x511.jpg 768w, https:\/\/elpajaritonews.com\/wp-content\/uploads\/2023\/11\/b5cdbdb9-80cd-425b-9d23-cba76ad6f504-632x420.jpg 632w, https:\/\/elpajaritonews.com\/wp-content\/uploads\/2023\/11\/b5cdbdb9-80cd-425b-9d23-cba76ad6f504-640x426.jpg 640w, https:\/\/elpajaritonews.com\/wp-content\/uploads\/2023\/11\/b5cdbdb9-80cd-425b-9d23-cba76ad6f504-681x453.jpg 681w, https:\/\/elpajaritonews.com\/wp-content\/uploads\/2023\/11\/b5cdbdb9-80cd-425b-9d23-cba76ad6f504.jpg 1280w\" sizes=\"auto, (max-width: 1024px) 100vw, 1024px\" \/><\/figure>\n\n\n\n<p class=\"wp-block-paragraph\">De estas mil 220 bicicletas, dijo, 716 son para Hermosillo, 231 para la zona rural y 243 para el poblado Miguel Alem\u00e1n y Kino; as\u00ed mismo, destac\u00f3 el pr\u00f3ximo a\u00f1o se construir\u00e1 junto con los ayuntamientos ciclov\u00edas para facilitar el transporte en bicicleta, adem\u00e1s de cuatro mil estacionamientos para bicicletas en los diferentes municipios.<\/p>\n\n\n\n<figure class=\"wp-block-image size-large\"><img loading=\"lazy\" decoding=\"async\" width=\"1024\" height=\"681\" src=\"https:\/\/elpajaritonews.com\/wp-content\/uploads\/2023\/11\/e1b5ff21-681b-42c5-ad3d-9385479da39e-1024x681.jpg\" alt=\"\" class=\"wp-image-53805\" srcset=\"https:\/\/elpajaritonews.com\/wp-content\/uploads\/2023\/11\/e1b5ff21-681b-42c5-ad3d-9385479da39e-1024x681.jpg 1024w, https:\/\/elpajaritonews.com\/wp-content\/uploads\/2023\/11\/e1b5ff21-681b-42c5-ad3d-9385479da39e-300x199.jpg 300w, https:\/\/elpajaritonews.com\/wp-content\/uploads\/2023\/11\/e1b5ff21-681b-42c5-ad3d-9385479da39e-768x511.jpg 768w, https:\/\/elpajaritonews.com\/wp-content\/uploads\/2023\/11\/e1b5ff21-681b-42c5-ad3d-9385479da39e-632x420.jpg 632w, https:\/\/elpajaritonews.com\/wp-content\/uploads\/2023\/11\/e1b5ff21-681b-42c5-ad3d-9385479da39e-640x426.jpg 640w, https:\/\/elpajaritonews.com\/wp-content\/uploads\/2023\/11\/e1b5ff21-681b-42c5-ad3d-9385479da39e-681x453.jpg 681w, https:\/\/elpajaritonews.com\/wp-content\/uploads\/2023\/11\/e1b5ff21-681b-42c5-ad3d-9385479da39e.jpg 1280w\" sizes=\"auto, (max-width: 1024px) 100vw, 1024px\" \/><\/figure>\n\n\n\n<p class=\"wp-block-paragraph\">Este programa dijo se incrementar\u00e1 anualmente hasta llegar a las 100 mil bicicletas anuales para poder apoyar as\u00ed a m\u00e1s personas que viven en zonas perif\u00e9ricas en donde no tienen acceso al transporte p\u00fablico.<\/p>\n","protected":false},"excerpt":{"rendered":"<p>Un total de mil 220 bicicletas con su equipo de protecci\u00f3n fueron las entregadas por parte del gobernador Alfonso Durazo Monta\u00f1o, para estudiantes de escuelas p\u00fablicas y personas en condici\u00f3n de pobreza en Hermosillo, como parte del programa \u201cEn Bici\u201d, adem\u00e1s de la zona rural, poblado Miguel Alem\u00e1n y Bah\u00eda Kino El mandatario estatal, acompa\u00f1ado&#8230;<\/p>\n","protected":false},"author":2,"featured_media":53801,"comment_status":"closed","ping_status":"closed","sticky":false,"template":"","format":"standard","meta":{"_crdt_document":"","_exactmetrics_skip_tracking":false,"_exactmetrics_sitenote_active":false,"_exactmetrics_sitenote_note":"","_exactmetrics_sitenote_category":0,"footnotes":""},"categories":[21,33,26,31,27],"tags":[28,29,30],"class_list":["post-53800","post","type-post","status-publish","format-standard","has-post-thumbnail","hentry","category-deportes","category-educacion","category-local","category-politica","category-sonora","tag-nogales","tag-nogales-la-gran-frontera","tag-sonora-tierra-de-oportunidades"],"_links":{"self":[{"href":"https:\/\/elpajaritonews.com\/index.php?rest_route=\/wp\/v2\/posts\/53800","targetHints":{"allow":["GET"]}}],"collection":[{"href":"https:\/\/elpajaritonews.com\/index.php?rest_route=\/wp\/v2\/posts"}],"about":[{"href":"https:\/\/elpajaritonews.com\/index.php?rest_route=\/wp\/v2\/types\/post"}],"author":[{"embeddable":true,"href":"https:\/\/elpajaritonews.com\/index.php?rest_route=\/wp\/v2\/users\/2"}],"replies":[{"embeddable":true,"href":"https:\/\/elpajaritonews.com\/index.php?rest_route=%2Fwp%2Fv2%2Fcomments&post=53800"}],"version-history":[{"count":1,"href":"https:\/\/elpajaritonews.com\/index.php?rest_route=\/wp\/v2\/posts\/53800\/revisions"}],"predecessor-version":[{"id":53806,"href":"https:\/\/elpajaritonews.com\/index.php?rest_route=\/wp\/v2\/posts\/53800\/revisions\/53806"}],"wp:featuredmedia":[{"embeddable":true,"href":"https:\/\/elpajaritonews.com\/index.php?rest_route=\/wp\/v2\/media\/53801"}],"wp:attachment":[{"href":"https:\/\/elpajaritonews.com\/index.php?rest_route=%2Fwp%2Fv2%2Fmedia&parent=53800"}],"wp:term":[{"taxonomy":"category","embeddable":true,"href":"https:\/\/elpajaritonews.com\/index.php?rest_route=%2Fwp%2Fv2%2Fcategories&post=53800"},{"taxonomy":"post_tag","embeddable":true,"href":"https:\/\/elpajaritonews.com\/index.php?rest_route=%2Fwp%2Fv2%2Ftags&post=53800"}],"curies":[{"name":"wp","href":"https:\/\/api.w.org\/{rel}","templated":true}]}}