{"id":53807,"date":"2023-11-04T02:00:51","date_gmt":"2023-11-04T02:00:51","guid":{"rendered":"https:\/\/elpajaritonews.com\/?p=53807"},"modified":"2023-11-04T02:00:52","modified_gmt":"2023-11-04T02:00:52","slug":"facilitamos-acceso-a-vivienda-en-coordinacion-con-fovissste-alfonso-durazo","status":"publish","type":"post","link":"https:\/\/elpajaritonews.com\/?p=53807","title":{"rendered":"FACILITAMOS ACCESO A VIVIENDA EN COORDINACI\u00d3N CON FOVISSSTE: ALFONSO DURAZO"},"content":{"rendered":"\n<p class=\"wp-block-paragraph\">Hermosillo, Sonora; 3 de noviembre de 2023.- Para facilitar el acceso a una vivienda digna y abaratar los costos de adquisici\u00f3n de cr\u00e9ditos a los trabajadores al servicio del Gobierno de Sonora y sus municipios, el gobernador Alfonso Durazo Monta\u00f1o, llev\u00f3 a cabo la firma de convenio de colaboraci\u00f3n con el Fondo de la Vivienda del Instituto de Seguridad y Servicios Sociales de los Trabajadores del Estado (Fovissste), el cual abre tambi\u00e9n la posibilidad a los empleados de seguridad p\u00fablica de contar con un cr\u00e9dito hipotecario.<\/p>\n\n\n\n<p class=\"wp-block-paragraph\">El titular del Ejecutivo estatal resalt\u00f3 que, una de las bondades de este convenio es la tasa preferencial que se otorgar\u00e1 a los trabajadores que adquieran cr\u00e9dito de vivienda, ya que, los intereses bancarios representan una limitaci\u00f3n para la contrataci\u00f3n de estos servicios, por lo que, a trav\u00e9s de mejores condiciones de pr\u00e9stamos, la administraci\u00f3n estatal garantizara el derecho constitucional de contar con una vivienda digna.<\/p>\n\n\n\n<figure class=\"wp-block-image size-large\"><img loading=\"lazy\" decoding=\"async\" width=\"1024\" height=\"681\" src=\"https:\/\/elpajaritonews.com\/wp-content\/uploads\/2023\/11\/ba3d687d-6f28-41a4-9467-7d7955584c4c-1024x681.jpg\" alt=\"\" class=\"wp-image-53809\" srcset=\"https:\/\/elpajaritonews.com\/wp-content\/uploads\/2023\/11\/ba3d687d-6f28-41a4-9467-7d7955584c4c-1024x681.jpg 1024w, https:\/\/elpajaritonews.com\/wp-content\/uploads\/2023\/11\/ba3d687d-6f28-41a4-9467-7d7955584c4c-300x199.jpg 300w, https:\/\/elpajaritonews.com\/wp-content\/uploads\/2023\/11\/ba3d687d-6f28-41a4-9467-7d7955584c4c-768x511.jpg 768w, https:\/\/elpajaritonews.com\/wp-content\/uploads\/2023\/11\/ba3d687d-6f28-41a4-9467-7d7955584c4c-632x420.jpg 632w, https:\/\/elpajaritonews.com\/wp-content\/uploads\/2023\/11\/ba3d687d-6f28-41a4-9467-7d7955584c4c-640x426.jpg 640w, https:\/\/elpajaritonews.com\/wp-content\/uploads\/2023\/11\/ba3d687d-6f28-41a4-9467-7d7955584c4c-681x453.jpg 681w, https:\/\/elpajaritonews.com\/wp-content\/uploads\/2023\/11\/ba3d687d-6f28-41a4-9467-7d7955584c4c.jpg 1280w\" sizes=\"auto, (max-width: 1024px) 100vw, 1024px\" \/><\/figure>\n\n\n\n<p class=\"wp-block-paragraph\">\u201cAlgo que cita de manera particular el convenio, es que facilita el acceso a la vivienda a los trabajadores de seguridad p\u00fablica, esa es una de las cosas inentendibles o visiones injustificables en todos los derechos que tienen los trabajadores de seguridad p\u00fablica, que por alguna inexplicable raz\u00f3n no tienen derecho a un programa de vivienda\u201d, se\u00f1al\u00f3.<\/p>\n\n\n\n<p class=\"wp-block-paragraph\">El seguro de defunci\u00f3n es otro de los beneficios que brindar\u00e1 el gobierno de Sonora por medio de este instrumento jur\u00eddico de colaboraci\u00f3n con Fovissste, y el seguro por invalidez total al cien por ciento. Adem\u00e1s, se instalar\u00e1n oficinas de atenci\u00f3n en Cajeme y Moctezuma con el objetivo de acercar al territorio las ventanillas de la dependencia encargada de otorgar los cr\u00e9ditos y, a su vez, simplificar el proceso de tramitolog\u00eda de los mismos.<\/p>\n\n\n\n<figure class=\"wp-block-video\"><video controls src=\"blob:https:\/\/elpajaritonews.com\/ee449319-8653-429d-8a66-3492fbcbd960\"><\/video><\/figure>\n\n\n\n<p class=\"wp-block-paragraph\">El vocal ejecutivo de Fovissste, C\u00e9sar Buenrostro Moreno, destac\u00f3 que a la fecha se tienen 24 mil 93 cr\u00e9ditos activos en el estado y la meta es llegar a los 50 mil con este convenio de colaboraci\u00f3n que representa un hecho hist\u00f3rico durante la administraci\u00f3n del gobernador Durazo, ya que se llegar\u00e1 a donde nunca se hab\u00eda llegado en materia del derecho a la vivienda.<\/p>\n","protected":false},"excerpt":{"rendered":"<p>Hermosillo, Sonora; 3 de noviembre de 2023.- Para facilitar el acceso a una vivienda digna y abaratar los costos de adquisici\u00f3n de cr\u00e9ditos a los trabajadores al servicio del Gobierno de Sonora y sus municipios, el gobernador Alfonso Durazo Monta\u00f1o, llev\u00f3 a cabo la firma de convenio de colaboraci\u00f3n con el Fondo de la Vivienda&#8230;<\/p>\n","protected":false},"author":2,"featured_media":53808,"comment_status":"closed","ping_status":"closed","sticky":false,"template":"","format":"standard","meta":{"_crdt_document":"","_exactmetrics_skip_tracking":false,"_exactmetrics_sitenote_active":false,"_exactmetrics_sitenote_note":"","_exactmetrics_sitenote_category":0,"footnotes":""},"categories":[36,26,31,27],"tags":[28,29,30],"class_list":["post-53807","post","type-post","status-publish","format-standard","has-post-thumbnail","hentry","category-economia","category-local","category-politica","category-sonora","tag-nogales","tag-nogales-la-gran-frontera","tag-sonora-tierra-de-oportunidades"],"_links":{"self":[{"href":"https:\/\/elpajaritonews.com\/index.php?rest_route=\/wp\/v2\/posts\/53807","targetHints":{"allow":["GET"]}}],"collection":[{"href":"https:\/\/elpajaritonews.com\/index.php?rest_route=\/wp\/v2\/posts"}],"about":[{"href":"https:\/\/elpajaritonews.com\/index.php?rest_route=\/wp\/v2\/types\/post"}],"author":[{"embeddable":true,"href":"https:\/\/elpajaritonews.com\/index.php?rest_route=\/wp\/v2\/users\/2"}],"replies":[{"embeddable":true,"href":"https:\/\/elpajaritonews.com\/index.php?rest_route=%2Fwp%2Fv2%2Fcomments&post=53807"}],"version-history":[{"count":1,"href":"https:\/\/elpajaritonews.com\/index.php?rest_route=\/wp\/v2\/posts\/53807\/revisions"}],"predecessor-version":[{"id":53810,"href":"https:\/\/elpajaritonews.com\/index.php?rest_route=\/wp\/v2\/posts\/53807\/revisions\/53810"}],"wp:featuredmedia":[{"embeddable":true,"href":"https:\/\/elpajaritonews.com\/index.php?rest_route=\/wp\/v2\/media\/53808"}],"wp:attachment":[{"href":"https:\/\/elpajaritonews.com\/index.php?rest_route=%2Fwp%2Fv2%2Fmedia&parent=53807"}],"wp:term":[{"taxonomy":"category","embeddable":true,"href":"https:\/\/elpajaritonews.com\/index.php?rest_route=%2Fwp%2Fv2%2Fcategories&post=53807"},{"taxonomy":"post_tag","embeddable":true,"href":"https:\/\/elpajaritonews.com\/index.php?rest_route=%2Fwp%2Fv2%2Ftags&post=53807"}],"curies":[{"name":"wp","href":"https:\/\/api.w.org\/{rel}","templated":true}]}}