{"id":53811,"date":"2023-11-04T05:42:24","date_gmt":"2023-11-04T05:42:24","guid":{"rendered":"https:\/\/elpajaritonews.com\/?p=53811"},"modified":"2023-11-04T05:42:25","modified_gmt":"2023-11-04T05:42:25","slug":"se-registra-ramon-flores-para-el-senado-de-la-republica","status":"publish","type":"post","link":"https:\/\/elpajaritonews.com\/?p=53811","title":{"rendered":"SE REGISTRA RAMON FLORES PARA EL SENADO DE LA REP\u00daBLICA"},"content":{"rendered":"\n<p class=\"wp-block-paragraph\">El Comisionado Pol\u00edtico Nacional del PT Sonora, Ramon Flores Robles, se registr\u00f3 este viernes 3 de noviembre para competir por un esca\u00f1o en el Senado de la Rep\u00fablica.<\/p>\n\n\n\n<p class=\"wp-block-paragraph\">El ahora aspirante al Senado por el Partido del Trabajo en Sonora, habr\u00e1 de competir con otros aspirantes de la 4T en la entidad y buscar\u00e1 en el 2024 ganar en las urnas un espacio para ocupar la representatividad en la C\u00e1mara Alta.<\/p>\n\n\n\n<p class=\"wp-block-paragraph\">Flores Robles, manifest\u00f3 que su decisi\u00f3n para buscar ser senador respaldado por el PT Sonora, es gracias al trabajo que ha hecho al frente de ese partido, de haber visitado al menos dos veces cada municipio en su gesti\u00f3n y porque ha podido contribuir a qu\u00e9 el PT sea la segunda fuerza pol\u00edtica en la entidad.<\/p>\n\n\n\n<figure class=\"wp-block-image size-full\"><img loading=\"lazy\" decoding=\"async\" width=\"1024\" height=\"683\" src=\"https:\/\/elpajaritonews.com\/wp-content\/uploads\/2023\/11\/c33c9a58-d360-42a8-a101-5b8ac1a76891.jpg\" alt=\"\" class=\"wp-image-53813\" srcset=\"https:\/\/elpajaritonews.com\/wp-content\/uploads\/2023\/11\/c33c9a58-d360-42a8-a101-5b8ac1a76891.jpg 1024w, https:\/\/elpajaritonews.com\/wp-content\/uploads\/2023\/11\/c33c9a58-d360-42a8-a101-5b8ac1a76891-300x200.jpg 300w, https:\/\/elpajaritonews.com\/wp-content\/uploads\/2023\/11\/c33c9a58-d360-42a8-a101-5b8ac1a76891-768x512.jpg 768w, https:\/\/elpajaritonews.com\/wp-content\/uploads\/2023\/11\/c33c9a58-d360-42a8-a101-5b8ac1a76891-630x420.jpg 630w, https:\/\/elpajaritonews.com\/wp-content\/uploads\/2023\/11\/c33c9a58-d360-42a8-a101-5b8ac1a76891-640x427.jpg 640w, https:\/\/elpajaritonews.com\/wp-content\/uploads\/2023\/11\/c33c9a58-d360-42a8-a101-5b8ac1a76891-681x454.jpg 681w\" sizes=\"auto, (max-width: 1024px) 100vw, 1024px\" \/><\/figure>\n\n\n\n<p class=\"wp-block-paragraph\">De la misma forma, Ramon Flores recalc\u00f3 que hay entera confianza por alcanzar ese objetivo en las elecciones de junio pr\u00f3ximo y esto en gran parte por el apoyo, as\u00ed como la conformaci\u00f3n de m\u00e1s de 60 comit\u00e9s municipales que ven en \u00e9l a una persona cercana al pueblo, con una mayor preparaci\u00f3n para trabajar por los pr\u00f3ximo seis a\u00f1os en la propuesta, discusi\u00f3n y aprobaci\u00f3n de leyes que beneficien especialmente a todas y todos los sonorenses.<\/p>\n","protected":false},"excerpt":{"rendered":"<p>El Comisionado Pol\u00edtico Nacional del PT Sonora, Ramon Flores Robles, se registr\u00f3 este viernes 3 de noviembre para competir por un esca\u00f1o en el Senado de la Rep\u00fablica. El ahora aspirante al Senado por el Partido del Trabajo en Sonora, habr\u00e1 de competir con otros aspirantes de la 4T en la entidad y buscar\u00e1 en&#8230;<\/p>\n","protected":false},"author":2,"featured_media":53812,"comment_status":"closed","ping_status":"closed","sticky":false,"template":"","format":"standard","meta":{"_crdt_document":"","_exactmetrics_skip_tracking":false,"_exactmetrics_sitenote_active":false,"_exactmetrics_sitenote_note":"","_exactmetrics_sitenote_category":0,"footnotes":""},"categories":[35,26,23,31,27],"tags":[28,29,30],"class_list":["post-53811","post","type-post","status-publish","format-standard","has-post-thumbnail","hentry","category-elecciones-2024","category-local","category-mexico","category-politica","category-sonora","tag-nogales","tag-nogales-la-gran-frontera","tag-sonora-tierra-de-oportunidades"],"_links":{"self":[{"href":"https:\/\/elpajaritonews.com\/index.php?rest_route=\/wp\/v2\/posts\/53811","targetHints":{"allow":["GET"]}}],"collection":[{"href":"https:\/\/elpajaritonews.com\/index.php?rest_route=\/wp\/v2\/posts"}],"about":[{"href":"https:\/\/elpajaritonews.com\/index.php?rest_route=\/wp\/v2\/types\/post"}],"author":[{"embeddable":true,"href":"https:\/\/elpajaritonews.com\/index.php?rest_route=\/wp\/v2\/users\/2"}],"replies":[{"embeddable":true,"href":"https:\/\/elpajaritonews.com\/index.php?rest_route=%2Fwp%2Fv2%2Fcomments&post=53811"}],"version-history":[{"count":1,"href":"https:\/\/elpajaritonews.com\/index.php?rest_route=\/wp\/v2\/posts\/53811\/revisions"}],"predecessor-version":[{"id":53814,"href":"https:\/\/elpajaritonews.com\/index.php?rest_route=\/wp\/v2\/posts\/53811\/revisions\/53814"}],"wp:featuredmedia":[{"embeddable":true,"href":"https:\/\/elpajaritonews.com\/index.php?rest_route=\/wp\/v2\/media\/53812"}],"wp:attachment":[{"href":"https:\/\/elpajaritonews.com\/index.php?rest_route=%2Fwp%2Fv2%2Fmedia&parent=53811"}],"wp:term":[{"taxonomy":"category","embeddable":true,"href":"https:\/\/elpajaritonews.com\/index.php?rest_route=%2Fwp%2Fv2%2Fcategories&post=53811"},{"taxonomy":"post_tag","embeddable":true,"href":"https:\/\/elpajaritonews.com\/index.php?rest_route=%2Fwp%2Fv2%2Ftags&post=53811"}],"curies":[{"name":"wp","href":"https:\/\/api.w.org\/{rel}","templated":true}]}}