{"id":53815,"date":"2023-11-04T22:20:57","date_gmt":"2023-11-04T22:20:57","guid":{"rendered":"https:\/\/elpajaritonews.com\/?p=53815"},"modified":"2023-11-04T22:20:58","modified_gmt":"2023-11-04T22:20:58","slug":"con-unidad-y-coordinacion-fortalecemos-region-del-mar-de-cortes-alfonso-durazo","status":"publish","type":"post","link":"https:\/\/elpajaritonews.com\/?p=53815","title":{"rendered":"CON UNIDAD Y COORDINACI\u00d3N FORTALECEMOS REGI\u00d3N DEL MAR DE CORT\u00c9S: ALFONSO DURAZO"},"content":{"rendered":"\n<p class=\"wp-block-paragraph\">&#8211; Se celebra en Hermosillo, la S\u00e9ptima Reuni\u00f3n para la Coordinaci\u00f3n de Seguridad de la Regi\u00f3n del Mar de Cort\u00e9s<\/p>\n\n\n\n<p class=\"wp-block-paragraph\">Hermosillo, Sonora; 4 de noviembre de 2023.- A dos a\u00f1os de la conformaci\u00f3n de la Reuni\u00f3n para la Coordinaci\u00f3n de Seguridad de la Regi\u00f3n del Mar de Cort\u00e9s, se han efectuado importantes avances en materia de seguridad a trav\u00e9s de un trabajo coordinado entre todas las autoridades, resalt\u00f3 el gobernador Alfonso Durazo Monta\u00f1o.<\/p>\n\n\n\n<figure class=\"wp-block-image size-large\"><img loading=\"lazy\" decoding=\"async\" width=\"1024\" height=\"681\" src=\"https:\/\/elpajaritonews.com\/wp-content\/uploads\/2023\/11\/c27e0477-cee2-4498-b754-91fe79fd39ed-1024x681.jpg\" alt=\"\" class=\"wp-image-53817\" srcset=\"https:\/\/elpajaritonews.com\/wp-content\/uploads\/2023\/11\/c27e0477-cee2-4498-b754-91fe79fd39ed-1024x681.jpg 1024w, https:\/\/elpajaritonews.com\/wp-content\/uploads\/2023\/11\/c27e0477-cee2-4498-b754-91fe79fd39ed-300x199.jpg 300w, https:\/\/elpajaritonews.com\/wp-content\/uploads\/2023\/11\/c27e0477-cee2-4498-b754-91fe79fd39ed-768x511.jpg 768w, https:\/\/elpajaritonews.com\/wp-content\/uploads\/2023\/11\/c27e0477-cee2-4498-b754-91fe79fd39ed-632x420.jpg 632w, https:\/\/elpajaritonews.com\/wp-content\/uploads\/2023\/11\/c27e0477-cee2-4498-b754-91fe79fd39ed-640x426.jpg 640w, https:\/\/elpajaritonews.com\/wp-content\/uploads\/2023\/11\/c27e0477-cee2-4498-b754-91fe79fd39ed-681x453.jpg 681w, https:\/\/elpajaritonews.com\/wp-content\/uploads\/2023\/11\/c27e0477-cee2-4498-b754-91fe79fd39ed.jpg 1280w\" sizes=\"auto, (max-width: 1024px) 100vw, 1024px\" \/><\/figure>\n\n\n\n<p class=\"wp-block-paragraph\">Durante la s\u00e9ptima reuni\u00f3n de esta coordinaci\u00f3n, concretada a propuesta del Gobernador de Sonora, se destacaron los resultados obtenidos en materia de percepci\u00f3n de seguridad por parte de la ciudadan\u00eda, as\u00ed como el compartir informaci\u00f3n estrat\u00e9gica de la regi\u00f3n para dar con la captura de objetivos prioritarios y dar seguridad a la ciudadan\u00eda de las entidades que la conforman.<\/p>\n\n\n\n<p class=\"wp-block-paragraph\">\u201cCon esta reuni\u00f3n avanzamos a la s\u00e9ptima sesi\u00f3n que iniciamos hace ya un par de a\u00f1os, creo que en cada una de ellas los resultados son crecientes y eso consolida no solo la viabilidad sino la necesidad de que continuemos trabajando juntos\u201d, indic\u00f3.<\/p>\n\n\n\n<figure class=\"wp-block-image size-large\"><img loading=\"lazy\" decoding=\"async\" width=\"1024\" height=\"681\" src=\"https:\/\/elpajaritonews.com\/wp-content\/uploads\/2023\/11\/2c5656b6-d5ac-43eb-97dc-ed6d25313abb-1024x681.jpg\" alt=\"\" class=\"wp-image-53818\" srcset=\"https:\/\/elpajaritonews.com\/wp-content\/uploads\/2023\/11\/2c5656b6-d5ac-43eb-97dc-ed6d25313abb-1024x681.jpg 1024w, https:\/\/elpajaritonews.com\/wp-content\/uploads\/2023\/11\/2c5656b6-d5ac-43eb-97dc-ed6d25313abb-300x199.jpg 300w, https:\/\/elpajaritonews.com\/wp-content\/uploads\/2023\/11\/2c5656b6-d5ac-43eb-97dc-ed6d25313abb-768x511.jpg 768w, https:\/\/elpajaritonews.com\/wp-content\/uploads\/2023\/11\/2c5656b6-d5ac-43eb-97dc-ed6d25313abb-632x420.jpg 632w, https:\/\/elpajaritonews.com\/wp-content\/uploads\/2023\/11\/2c5656b6-d5ac-43eb-97dc-ed6d25313abb-640x426.jpg 640w, https:\/\/elpajaritonews.com\/wp-content\/uploads\/2023\/11\/2c5656b6-d5ac-43eb-97dc-ed6d25313abb-681x453.jpg 681w, https:\/\/elpajaritonews.com\/wp-content\/uploads\/2023\/11\/2c5656b6-d5ac-43eb-97dc-ed6d25313abb.jpg 1280w\" sizes=\"auto, (max-width: 1024px) 100vw, 1024px\" \/><\/figure>\n\n\n\n<p class=\"wp-block-paragraph\">Acompa\u00f1ado por Marina del Pilar Avila Olmedo, gobernadora de Baja California; V\u00edctor Manuel Castro Cos\u00edo, gobernador de Baja California Sur; Rub\u00e9n Mocha Moya, gobernador de Sinaloa; y Miguel \u00c1ngel Navarro Quintero, gobernador de Nayarit, el gobernador Durazo Monta\u00f1o destac\u00f3 la necesidad de continuar con esta sinergia tanto en materia de seguridad como en temas de turismo, abasto de agua y desarrollo econ\u00f3mico, potencializando las virtudes de cada uno de los estados.<\/p>\n\n\n\n<figure class=\"wp-block-image size-large\"><img loading=\"lazy\" decoding=\"async\" width=\"1024\" height=\"681\" src=\"https:\/\/elpajaritonews.com\/wp-content\/uploads\/2023\/11\/e75ad106-9737-4ce1-a0ee-62039623f35f-1024x681.jpg\" alt=\"\" class=\"wp-image-53819\" srcset=\"https:\/\/elpajaritonews.com\/wp-content\/uploads\/2023\/11\/e75ad106-9737-4ce1-a0ee-62039623f35f-1024x681.jpg 1024w, https:\/\/elpajaritonews.com\/wp-content\/uploads\/2023\/11\/e75ad106-9737-4ce1-a0ee-62039623f35f-300x199.jpg 300w, https:\/\/elpajaritonews.com\/wp-content\/uploads\/2023\/11\/e75ad106-9737-4ce1-a0ee-62039623f35f-768x511.jpg 768w, https:\/\/elpajaritonews.com\/wp-content\/uploads\/2023\/11\/e75ad106-9737-4ce1-a0ee-62039623f35f-632x420.jpg 632w, https:\/\/elpajaritonews.com\/wp-content\/uploads\/2023\/11\/e75ad106-9737-4ce1-a0ee-62039623f35f-640x426.jpg 640w, https:\/\/elpajaritonews.com\/wp-content\/uploads\/2023\/11\/e75ad106-9737-4ce1-a0ee-62039623f35f-681x453.jpg 681w, https:\/\/elpajaritonews.com\/wp-content\/uploads\/2023\/11\/e75ad106-9737-4ce1-a0ee-62039623f35f.jpg 1280w\" sizes=\"auto, (max-width: 1024px) 100vw, 1024px\" \/><\/figure>\n\n\n\n<p class=\"wp-block-paragraph\">En esta reuni\u00f3n regional se acord\u00f3 de manera un\u00e1nime por sus integrantes, que para la siguiente reuni\u00f3n, a celebrarse en Nayarit, se dar\u00e1 paso a nombrarse como Juntas de Coordinaci\u00f3n para la Seguridad del Golfo de California, adem\u00e1s de mejorar y fortalecer la institucionalidad de las polic\u00edas y la proximidad social, establecer estrategias de prevenci\u00f3n y acciones contra el delito, as\u00ed como un intercambio cultural entre las entidades federativas en cuesti\u00f3n.<\/p>\n","protected":false},"excerpt":{"rendered":"<p>&#8211; Se celebra en Hermosillo, la S\u00e9ptima Reuni\u00f3n para la Coordinaci\u00f3n de Seguridad de la Regi\u00f3n del Mar de Cort\u00e9s Hermosillo, Sonora; 4 de noviembre de 2023.- A dos a\u00f1os de la conformaci\u00f3n de la Reuni\u00f3n para la Coordinaci\u00f3n de Seguridad de la Regi\u00f3n del Mar de Cort\u00e9s, se han efectuado importantes avances en materia&#8230;<\/p>\n","protected":false},"author":2,"featured_media":53816,"comment_status":"closed","ping_status":"closed","sticky":false,"template":"","format":"standard","meta":{"_crdt_document":"","_exactmetrics_skip_tracking":false,"_exactmetrics_sitenote_active":false,"_exactmetrics_sitenote_note":"","_exactmetrics_sitenote_category":0,"footnotes":""},"categories":[36,19,31,27],"tags":[29,30],"class_list":["post-53815","post","type-post","status-publish","format-standard","has-post-thumbnail","hentry","category-economia","category-opinion","category-politica","category-sonora","tag-nogales-la-gran-frontera","tag-sonora-tierra-de-oportunidades"],"_links":{"self":[{"href":"https:\/\/elpajaritonews.com\/index.php?rest_route=\/wp\/v2\/posts\/53815","targetHints":{"allow":["GET"]}}],"collection":[{"href":"https:\/\/elpajaritonews.com\/index.php?rest_route=\/wp\/v2\/posts"}],"about":[{"href":"https:\/\/elpajaritonews.com\/index.php?rest_route=\/wp\/v2\/types\/post"}],"author":[{"embeddable":true,"href":"https:\/\/elpajaritonews.com\/index.php?rest_route=\/wp\/v2\/users\/2"}],"replies":[{"embeddable":true,"href":"https:\/\/elpajaritonews.com\/index.php?rest_route=%2Fwp%2Fv2%2Fcomments&post=53815"}],"version-history":[{"count":1,"href":"https:\/\/elpajaritonews.com\/index.php?rest_route=\/wp\/v2\/posts\/53815\/revisions"}],"predecessor-version":[{"id":53820,"href":"https:\/\/elpajaritonews.com\/index.php?rest_route=\/wp\/v2\/posts\/53815\/revisions\/53820"}],"wp:featuredmedia":[{"embeddable":true,"href":"https:\/\/elpajaritonews.com\/index.php?rest_route=\/wp\/v2\/media\/53816"}],"wp:attachment":[{"href":"https:\/\/elpajaritonews.com\/index.php?rest_route=%2Fwp%2Fv2%2Fmedia&parent=53815"}],"wp:term":[{"taxonomy":"category","embeddable":true,"href":"https:\/\/elpajaritonews.com\/index.php?rest_route=%2Fwp%2Fv2%2Fcategories&post=53815"},{"taxonomy":"post_tag","embeddable":true,"href":"https:\/\/elpajaritonews.com\/index.php?rest_route=%2Fwp%2Fv2%2Ftags&post=53815"}],"curies":[{"name":"wp","href":"https:\/\/api.w.org\/{rel}","templated":true}]}}