{"id":53830,"date":"2023-11-06T15:51:50","date_gmt":"2023-11-06T15:51:50","guid":{"rendered":"https:\/\/elpajaritonews.com\/?p=53830"},"modified":"2023-11-06T15:51:50","modified_gmt":"2023-11-06T15:51:50","slug":"bajo-lupa-obra-del-parque-madero","status":"publish","type":"post","link":"https:\/\/elpajaritonews.com\/?p=53830","title":{"rendered":"BAJO LUPA, OBRA DEL \u00abPARQUE MADERO\u00bb"},"content":{"rendered":"\n<p class=\"wp-block-paragraph\">Alejandro Matty Ortega\/Irreverente Noticias<\/p>\n\n\n\n<p class=\"wp-block-paragraph\">Hermosillo, Sonora (IN).- La sociedad y activistas vigilar\u00e1n \u00abbajo lupa\u00bb las obras del \u00abParque Madero\u00bb.<\/p>\n\n\n\n<p class=\"wp-block-paragraph\">En un sondeo social realizado por medio binacional IRREVERENTE NOTICIAS, se consign\u00f3 el temor y la incredulidad de los hermosillenses en el Gobierno Municipal, Estado y Federaci\u00f3n.<\/p>\n\n\n\n<p class=\"wp-block-paragraph\">Sobre el retiro del fata\u00f3nico cerco que cost\u00f3 38 millones de pesos y la inversi\u00f3n de otros 45 millones de pesos para la remodelaci\u00f3n del parque, la se\u00f1ora Ernestina \u00c1lvarez de la colonia Palo Verde opina que \u00abes mucho dinero 45 millones de pesos, hay algo turbio ah\u00ed\u00bb.<\/p>\n\n\n\n<p class=\"wp-block-paragraph\">La ama de casa dijo que \u00ablo \u00fanico que necesita el parque es limpieza, que no seamos cochinos, no tirar basura y m\u00e1s \u00e1rboles\u00bb.<\/p>\n\n\n\n<p class=\"wp-block-paragraph\">La joven estudiante Martina Ruiz dijo que \u00absi la gente no tirara tanta basura fuera m\u00e1s que suficiente\u00bb.<\/p>\n\n\n\n<p class=\"wp-block-paragraph\">Agreg\u00f3 que \u00abla gente no cuida los parques, tira mucha basura\u00bb.<\/p>\n\n\n\n<p class=\"wp-block-paragraph\">Consider\u00f3 que \u00abse debe hacer una campa\u00f1a de limpieza no gastar millones y millones que hacen falta en Seguridad P\u00fablica, bacheo, apoyo al deporte\u00bb.<\/p>\n\n\n\n<p class=\"wp-block-paragraph\">Adem\u00e1s \u00ablos malandros o cholos se roban los juegos y las bancas para venderlas al fierro viejo\u00bb.<\/p>\n\n\n\n<p class=\"wp-block-paragraph\">El se\u00f1or Jos\u00e9 Luis Garc\u00eda de la colonia 5 de Mayo consider\u00f3 que \u00abel cerco no lo deben de quitar porque los vagos hacen mucho da\u00f1o\u00bb.<\/p>\n\n\n\n<p class=\"wp-block-paragraph\">Dijo que \u00abdebemos vigilar ad\u00f3nde se van nuestros impuestos, el gobierno s\u00f3lo busca beneficiar a sus amigos constructores, ah\u00ed se va nuestro dinero\u00bb.<\/p>\n\n\n\n<p class=\"wp-block-paragraph\">Para Horacio L\u00f3pez de la colonia Los Naranjos, \u00abotra vez se la van a aventar\u00bb.<\/p>\n\n\n\n<p class=\"wp-block-paragraph\">A\u00f1adi\u00f3 que \u00abesas obras nunca se hacen bien, solamente es para mocharse con los amigos, eso simpre pasa\u00bb.<\/p>\n\n\n\n<p class=\"wp-block-paragraph\">El se\u00f1or Mariano expres\u00f3 que \u00ablos parques no requieren inversi\u00f3n, requieren cuidados de la gente, que no se vandalicen las bancas, ni los juegos, ni las plantitas\u00bb.<\/p>\n\n\n\n<p class=\"wp-block-paragraph\">Don Javier Luna apunt\u00f3 que \u00abnosotros tenemos la culpa de la corrupci\u00f3n del gobierno, si cuid\u00e1ramos las \u00e1reas verdes no tiraran tanto dinero en el parque\u00bb.<\/p>\n\n\n\n<p class=\"wp-block-paragraph\">Luisa Mar\u00eda Castillo indic\u00f3 que \u00absiempre el gobierno beneficia a sus amigos, ya pas\u00f3 con el cerco en el gobierno del PAN y ahora otra vez el PAN\u00bb.<\/p>\n\n\n\n<p class=\"wp-block-paragraph\">Expuso que \u00abesos 45 millones de pesos son un pago de favores a uno de ellos, son m\u00e1s de lo mismo\u00bb.<\/p>\n\n\n\n<p class=\"wp-block-paragraph\">Por su parte, el activista Isabel Dorado destac\u00f3 que por experiencias previas vigilar\u00e1n que las obras.<\/p>\n\n\n\n<p class=\"wp-block-paragraph\">Estim\u00f3 que \u00abexiste cierta incredulidad, por experiencias previas y vamos a estar monitoreando esa obra\u201d.<\/p>\n\n\n\n<p class=\"wp-block-paragraph\">Plante\u00f3 que \u00abse supone que no van a da\u00f1ar ning\u00fan \u00e1rbol y que, adem\u00e1s, van a plantar m\u00e1s\u00bb.<\/p>\n\n\n\n<p class=\"wp-block-paragraph\">Con un costo superior a los 38 millones de pesos e instalado el 2012, el fara\u00f3nico cerco perimetral del \u00abParque Madero\u00bb ser\u00e1 retirado a inicios del pr\u00f3ximo a\u00f1o 2024.<\/p>\n\n\n\n<p class=\"wp-block-paragraph\">Desde hace meses el Ayuntamiento de Hermosillo trabaja en la rehabilitaci\u00f3n de \u00e1reas verdes xe este emblem\u00e1tico parque.<\/p>\n\n\n\n<p class=\"wp-block-paragraph\">En particular, la administraci\u00f3n del alcalde Antonio Astiazar\u00e1n busca mejorar el rostro de la ciudad con la inversi\u00f3n de 290 millones de pesos a trav\u00e9s del programa \u201cHermosillo te quiero limpio, ordenado y moderno\u201d.<\/p>\n\n\n\n<p class=\"wp-block-paragraph\">El Ayuntamiento de Hermosillo anunci\u00f3 que en el \u00abParque Madero\u00bb se rehabilitar\u00e1n las casi 10 hect\u00e1reas con 45 millones de pesos.<\/p>\n\n\n\n<p class=\"wp-block-paragraph\">Lo anterior, con especial \u00e9nfasis en la forestaci\u00f3n, construcci\u00f3n de canchas deportivas y pista para caminar.<\/p>\n\n\n\n<p class=\"wp-block-paragraph\">Adem\u00e1s, que \u00abser\u00e1 engalanado con un lago provisto de agua tratada, con un muelle, puente de concreto y madera, cuarto de m\u00e1quinas y almac\u00e9n de lanchas\u00bb.<\/p>\n\n\n\n<p class=\"wp-block-paragraph\">Recientemente, el alcalde Antonio Astiazar\u00e1n Guti\u00e9rrez confirm\u00f3 el retiro del cerco perimetral entre los meses de enero y mayo del pr\u00f3ximo a\u00f1o.<\/p>\n\n\n\n<p class=\"wp-block-paragraph\">Precis\u00f3 que \u00abes parte de lo que en su momento emiti\u00f3 el propio Consejo Consultivo del Implan por recomendaci\u00f3n\u00bb.<\/p>\n\n\n\n<p class=\"wp-block-paragraph\">Dijo que \u00abtenemos y hay que decirlo una solicitud internacional con respecto a que los espacios p\u00fablicos deben de conservar su apertura\u201d.<\/p>\n\n\n\n<p class=\"wp-block-paragraph\">Aclar\u00f3 que el cerco ser\u00e1 reinstalado en diversas \u00e1reas p\u00fablicas, sin precisar cu\u00e1les.<\/p>\n\n\n\n<p class=\"wp-block-paragraph\">Como decenas de multimillonarias obras m\u00e1s como el mismo \u00abReloj de Gast\u00f3n\u00bb, \u00abAcueducto Independencia\u00bb con m\u00e1s de 6 mil millones de pesos y el \u00abMonumento al tubo\u00bb con 10 millones, inaugurado el 22 de mayo del 2012 en la explanada de la Plaza de los Cien A\u00f1os y otros edificios \u00abelefantes blancos\u00bb, el cerco perimetral del parque representa un despilfarro de dinero p\u00fablico inmerso en actos de corrupci\u00f3n impunes.<\/p>\n\n\n\n<p class=\"wp-block-paragraph\">El 26 de junio del 2012, Ren\u00e9 Noriega G\u00f3mez, denunci\u00f3 que el Ayuntamiento de Hermosillo benefici\u00f3 de manera irregular a un particular con la asignaci\u00f3n directa de las obras de remodelaci\u00f3n del \u00abParque Madero\u00bb.<\/p>\n\n\n\n<p class=\"wp-block-paragraph\">Como presidente del PRD Sonora, exhibi\u00f3 ese d\u00eda en conferencia de prensa las irregularidades en el uso de recursos federales para financiar la obra del cerco perimetral.<\/p>\n\n\n\n<p class=\"wp-block-paragraph\">Advirti\u00f3 que esta no cubr\u00eda \u00ablos requerimientos de dicha participaci\u00f3n que establece que se destinan para acciones prioritarias de emergencia y sanidad de la poblaci\u00f3n\u00bb.<\/p>\n\n\n\n<p class=\"wp-block-paragraph\">Noriega G\u00f3mez se\u00f1al\u00f3 que el Art\u00edculo 12 de la Ley de Contratos y Convenios, indica que las obras deben de ser licitadas y consideradas como prioritarias, como agua, drenaje, entre otras, que son indispensables para la comunidad.<\/p>\n\n\n\n<p class=\"wp-block-paragraph\">Destac\u00f3 que la obra del parque no fue licitada, sino que se realiza con recursos directos financiados, \u00abes decir por asignaci\u00f3n directa, para lo cual, la obra tiene que ser de car\u00e1cter prioritaria, y esta no lo es\u00bb.<\/p>\n\n\n\n<p class=\"wp-block-paragraph\">Agreg\u00f3 que de acuerdo al contrato, \u00abel per\u00edodo de ejecuci\u00f3n de la obra se estim\u00f3 en cuatro meses y medio, del 15 de agosto del 2011 a febrero del 2012, por lo que debi\u00f3 de haberse concluido hace meses, pero sigue en construcci\u00f3n, as\u00ed como el incremento al doble del costo de la obra\u00bb.<\/p>\n\n\n\n<p class=\"wp-block-paragraph\">El costo del cerco perimetral del \u00abParque Madero\u00bb fue de 38 millones de pesos.<\/p>\n\n\n\n<p class=\"wp-block-paragraph\">Dicha obra no cumple con las normativas de ser una obra prioritaria ni est\u00e1 en los montos establecidos de la Ley de Obras del Ayuntamiento.<\/p>\n\n\n\n<p class=\"wp-block-paragraph\">La empresa beneficiada por la asignaci\u00f3n directa fue Gaul S. A.&nbsp; de C. V. y es propiedad del ex jefe de Compras de Agua de Hermosillo, Gustavo Mu\u00f1oz Manzo.<\/p>\n\n\n\n<p class=\"wp-block-paragraph\">La obra p\u00fablica fue asignada por Juan Romero Loya, cuyo domicilio ocupa una Notar\u00eda P\u00fablica, la 33 de Horacio Sobarzo.<\/p>\n\n\n\n<p class=\"wp-block-paragraph\">Entre los requisitos para una asignaci\u00f3n de obra, est\u00e1 que la empresa debiera tener m\u00e1s de cinco a\u00f1os de experiencia, as\u00ed como capacidad financiera y t\u00e9cnica, las cuales no las tiene, ya que que dicha empresa est\u00e1 establecida desde el a\u00f1o 2010.<\/p>\n\n\n\n<p class=\"wp-block-paragraph\">\u00abMu\u00f1oz Manzo y otros involucrados son presta nombres del alcalde\u00bb, acus\u00f3 ese d\u00eda el l\u00edder del Sol Azteca en Sonora.<\/p>\n\n\n\n<p class=\"wp-block-paragraph\">\u201cHermosillo te quiero limpio, ordenado y moderno\u201d, proyecta una inversi\u00f3n de 290 millones de pesos.<\/p>\n\n\n\n<p class=\"wp-block-paragraph\">El programa contempla obras como la remodelaci\u00f3n y modernizaci\u00f3n de importantes calles y avenidas del Centro de la ciudad, fachadas, remodelaci\u00f3n del Jard\u00edn Ju\u00e1rez y Parque Madero, construcci\u00f3n de la Plaza 2010 y las Tres fuentes monumentales, as\u00ed como el puente vial del Perif\u00e9rico Norte y Morelos.<\/p>\n\n\n\n<p class=\"wp-block-paragraph\">Adem\u00e1s la reconstrucci\u00f3n del bulevar Kino, la instalaci\u00f3n de papeleras en lugares apropiados, retirado de azolve o arena en la vialidad.<\/p>\n\n\n\n<p class=\"wp-block-paragraph\">As\u00ed mismo, el podado de maleza y \u00e1rboles en camellones o banquetas, mantenimiento del pintado de rayas de carriles de circulaci\u00f3n y cruce peatonal, adem\u00e1s del retiro de pendones y mamparas publicitarias ilegales u obsoletas.<\/p>\n\n\n\n<p class=\"wp-block-paragraph\">La recolecci\u00f3n de basura de manera puntual, mantenimiento de parques y jardines p\u00fablicos, limpieza de basureros clandestinos, canales y arroyos, programa de bacheo, reparaci\u00f3n de fugas de agua e implementaci\u00f3n del programa \u201cHermosillo es como lo pintas\u201d.<\/p>\n\n\n\n<p class=\"wp-block-paragraph\">El programa busca establecer comunicaci\u00f3n con los propietarios de casas, bald\u00edos y negocios con basura o escombro para que limpien su propiedad, retiren veh\u00edculos en desuso de la v\u00eda p\u00fablica, y difusi\u00f3n de puntos verdes para que la ciudadan\u00eda deposite sus escombros, ramas, llantas o cacharros apropiadamente.<\/p>\n\n\n\n<p class=\"wp-block-paragraph\">Se fomentar\u00e1 el compromiso ciudadano a trav\u00e9s de 5 acciones que son:<\/p>\n\n\n\n<p class=\"wp-block-paragraph\">No tirar basura en la v\u00eda p\u00fablica.<\/p>\n\n\n\n<p class=\"wp-block-paragraph\">Barrer el frente de su casa incluyendo la calle.<\/p>\n\n\n\n<p class=\"wp-block-paragraph\">Sacar la basura \u00fanicamente el d\u00eda que pasa el cami\u00f3n recolector y en un recipiente seguro, fuera del alcance de animales dom\u00e9sticos.<\/p>\n\n\n\n<p class=\"wp-block-paragraph\">Podar la maleza, \u00e1rbol o \u00e1rea verde en el frente de su propiedad.<\/p>\n\n\n\n<p class=\"wp-block-paragraph\">Mantener limpio el patio de llantas, cacharros, escombro o ramas, que podr\u00e1n ser depositados en los puntos verdes designados.<\/p>\n\n\n\n<p class=\"wp-block-paragraph\">Se busca que los ciudadanos respeten los reglamentos y leyes que rigen el buen funcionamiento de la ciudad, con el objetivo de mejorar la convivencia social<\/p>\n\n\n\n<p class=\"wp-block-paragraph\">Hermosillo moderno:<\/p>\n\n\n\n<p class=\"wp-block-paragraph\">La mdernizaci\u00f3n de la calle Aquiles Serd\u00e1n contempla la delimitaci\u00f3n de cajones de estacionamiento sobre la vialidad, y la rehabilitaci\u00f3n de fachadas con valor hist\u00f3rico de acuerdo a la definici\u00f3n que marca la ley con una inversi\u00f3n de 25 millones de pesos.<\/p>\n\n\n\n<p class=\"wp-block-paragraph\">La modernizaci\u00f3n del bulevar Hidalgo invertir\u00e1 casi 5 millones de pesos en reforestar la zona y sus camellones, generar una nueva plazoleta.<\/p>\n\n\n\n<p class=\"wp-block-paragraph\">La rehabilitaci\u00f3n del Jard\u00edn Ju\u00e1rez con 8 millones de pesos en juegos infantiles, foro al aire libre, ba\u00f1os y \u00e1rea para almorzar, as\u00ed como cuatro plazoletas con p\u00e9rgolas, bancas y una fuente central con el monumento al Benem\u00e9rito de las Am\u00e9ricas, Benito Ju\u00e1rez.<\/p>\n","protected":false},"excerpt":{"rendered":"<p>Alejandro Matty Ortega\/Irreverente Noticias Hermosillo, Sonora (IN).- La sociedad y activistas vigilar\u00e1n \u00abbajo lupa\u00bb las obras del \u00abParque Madero\u00bb. En un sondeo social realizado por medio binacional IRREVERENTE NOTICIAS, se consign\u00f3 el temor y la incredulidad de los hermosillenses en el Gobierno Municipal, Estado y Federaci\u00f3n. Sobre el retiro del fata\u00f3nico cerco que cost\u00f3 38&#8230;<\/p>\n","protected":false},"author":2,"featured_media":53831,"comment_status":"open","ping_status":"closed","sticky":false,"template":"","format":"standard","meta":{"_crdt_document":"","_exactmetrics_skip_tracking":false,"_exactmetrics_sitenote_active":false,"_exactmetrics_sitenote_note":"","_exactmetrics_sitenote_category":0,"footnotes":""},"categories":[26,31,27],"tags":[28,30],"class_list":["post-53830","post","type-post","status-publish","format-standard","has-post-thumbnail","hentry","category-local","category-politica","category-sonora","tag-nogales","tag-sonora-tierra-de-oportunidades"],"_links":{"self":[{"href":"https:\/\/elpajaritonews.com\/index.php?rest_route=\/wp\/v2\/posts\/53830","targetHints":{"allow":["GET"]}}],"collection":[{"href":"https:\/\/elpajaritonews.com\/index.php?rest_route=\/wp\/v2\/posts"}],"about":[{"href":"https:\/\/elpajaritonews.com\/index.php?rest_route=\/wp\/v2\/types\/post"}],"author":[{"embeddable":true,"href":"https:\/\/elpajaritonews.com\/index.php?rest_route=\/wp\/v2\/users\/2"}],"replies":[{"embeddable":true,"href":"https:\/\/elpajaritonews.com\/index.php?rest_route=%2Fwp%2Fv2%2Fcomments&post=53830"}],"version-history":[{"count":1,"href":"https:\/\/elpajaritonews.com\/index.php?rest_route=\/wp\/v2\/posts\/53830\/revisions"}],"predecessor-version":[{"id":53832,"href":"https:\/\/elpajaritonews.com\/index.php?rest_route=\/wp\/v2\/posts\/53830\/revisions\/53832"}],"wp:featuredmedia":[{"embeddable":true,"href":"https:\/\/elpajaritonews.com\/index.php?rest_route=\/wp\/v2\/media\/53831"}],"wp:attachment":[{"href":"https:\/\/elpajaritonews.com\/index.php?rest_route=%2Fwp%2Fv2%2Fmedia&parent=53830"}],"wp:term":[{"taxonomy":"category","embeddable":true,"href":"https:\/\/elpajaritonews.com\/index.php?rest_route=%2Fwp%2Fv2%2Fcategories&post=53830"},{"taxonomy":"post_tag","embeddable":true,"href":"https:\/\/elpajaritonews.com\/index.php?rest_route=%2Fwp%2Fv2%2Ftags&post=53830"}],"curies":[{"name":"wp","href":"https:\/\/api.w.org\/{rel}","templated":true}]}}