{"id":53837,"date":"2023-11-06T16:11:37","date_gmt":"2023-11-06T16:11:37","guid":{"rendered":"https:\/\/elpajaritonews.com\/?p=53837"},"modified":"2023-11-07T19:29:24","modified_gmt":"2023-11-07T19:29:24","slug":"congreso-de-sonora-apoya-rescate-del-mercado-municipal-de-hermosillo","status":"publish","type":"post","link":"https:\/\/elpajaritonews.com\/?p=53837","title":{"rendered":"CONGRESO DE SONORA APOYA RESCATE DEL MERCADO MUNICIPAL DE HERMOSILLO"},"content":{"rendered":"\n<p class=\"wp-block-paragraph\">El Congreso de Sonora aprob\u00f3 por unanimidad ejecutar el plan multianual de obra p\u00fablica para la rehabilitaci\u00f3n integral del Mercado Municipal n\u00famero 1, \u201cJos\u00e9 Mar\u00eda Pino Su\u00e1rez\u201d de esta ciudad, cuyo monto inicial para su rescate ser\u00e1 de 20 millones 434 mil 668 pesos.<\/p>\n\n\n\n<figure class=\"wp-block-image size-full is-resized\"><img loading=\"lazy\" decoding=\"async\" width=\"592\" height=\"72\" src=\"https:\/\/elpajaritonews.com\/wp-content\/uploads\/2023\/11\/BANER.jpg\" alt=\"\" class=\"wp-image-53839\" style=\"aspect-ratio:8.222222222222221;width:744px;height:auto\" srcset=\"https:\/\/elpajaritonews.com\/wp-content\/uploads\/2023\/11\/BANER.jpg 592w, https:\/\/elpajaritonews.com\/wp-content\/uploads\/2023\/11\/BANER-300x36.jpg 300w\" sizes=\"auto, (max-width: 592px) 100vw, 592px\" \/><\/figure>\n\n\n\n<p class=\"wp-block-paragraph\">A nombre de la Comisi\u00f3n de Hacienda, la diputada Celeste Taddei Arriola (Morena) explic\u00f3 que la obra se llevar\u00e1 a cabo a trav\u00e9s del Consejo Estatal de Concertaci\u00f3n para la Obra P\u00fablica (Cecop), y reconoci\u00f3 la disposici\u00f3n del Gobierno de Sonora de proteger<\/p>\n\n\n\n<p class=\"wp-block-paragraph\">y preservar edificios hist\u00f3ricos y espacios comunitarios de gran tradici\u00f3n para las familias sonorenses.<\/p>\n\n\n\n<p class=\"wp-block-paragraph\">Por otra parte, el legislador Jos\u00e9 Armando Guti\u00e9rrez Jim\u00e9nez (PAN) inform\u00f3 que este mi\u00e9rcoles entr\u00f3 en vigor la Ley 91 que declara el mes de noviembre como \u201cMes de la Salud Masculina\u201d, misma que fue aprobada por el Congreso en noviembre del a\u00f1o pasado.<\/p>\n\n\n\n<p class=\"wp-block-paragraph\">El integrante del grupo parlamentario del Partido Acci\u00f3n Nacional detall\u00f3 que la propuesta ayudar\u00e1 a fortalecer acciones de promoci\u00f3n, prevenci\u00f3n y detecci\u00f3n oportuna de enfermedades en los sonorenses, un<\/p>\n\n\n\n<p class=\"wp-block-paragraph\">grupo que suele atenderse de manera tard\u00eda, tal como ocurre actualmente con el c\u00e1ncer de pr\u00f3stata.<\/p>\n\n\n\n<p class=\"wp-block-paragraph\">Finalmente, en esta sesi\u00f3n ordinaria, el diputado Jacobo Mendoza Ruiz (Morena) present\u00f3 una iniciativa para modificar la Ley de Archivos con el objetivo de garantizar el derecho humano de acceso a la informaci\u00f3n p\u00fablica mediante el mantenimiento de un sistema de archivos bien conservados, actualizados y homogenizados.<\/p>\n\n\n\n<p class=\"wp-block-paragraph\">La iniciativa se turn\u00f3 para estudio a la Comisi\u00f3n de Transparencia. El pleno sesionar\u00e1 de nuevo el martes 7 de noviembre, a las 11:00 horas.<\/p>\n","protected":false},"excerpt":{"rendered":"<p>El Congreso de Sonora aprob\u00f3 por unanimidad ejecutar el plan multianual de obra p\u00fablica para la rehabilitaci\u00f3n integral del Mercado Municipal n\u00famero 1, \u201cJos\u00e9 Mar\u00eda Pino Su\u00e1rez\u201d de esta ciudad, cuyo monto inicial para su rescate ser\u00e1 de 20 millones 434 mil 668 pesos. A nombre de la Comisi\u00f3n de Hacienda, la diputada Celeste Taddei&#8230;<\/p>\n","protected":false},"author":2,"featured_media":53838,"comment_status":"closed","ping_status":"closed","sticky":false,"template":"","format":"standard","meta":{"_crdt_document":"","_exactmetrics_skip_tracking":false,"_exactmetrics_sitenote_active":false,"_exactmetrics_sitenote_note":"","_exactmetrics_sitenote_category":0,"footnotes":""},"categories":[20,26,31,27],"tags":[28,29,30],"class_list":["post-53837","post","type-post","status-publish","format-standard","has-post-thumbnail","hentry","category-congreso","category-local","category-politica","category-sonora","tag-nogales","tag-nogales-la-gran-frontera","tag-sonora-tierra-de-oportunidades"],"_links":{"self":[{"href":"https:\/\/elpajaritonews.com\/index.php?rest_route=\/wp\/v2\/posts\/53837","targetHints":{"allow":["GET"]}}],"collection":[{"href":"https:\/\/elpajaritonews.com\/index.php?rest_route=\/wp\/v2\/posts"}],"about":[{"href":"https:\/\/elpajaritonews.com\/index.php?rest_route=\/wp\/v2\/types\/post"}],"author":[{"embeddable":true,"href":"https:\/\/elpajaritonews.com\/index.php?rest_route=\/wp\/v2\/users\/2"}],"replies":[{"embeddable":true,"href":"https:\/\/elpajaritonews.com\/index.php?rest_route=%2Fwp%2Fv2%2Fcomments&post=53837"}],"version-history":[{"count":2,"href":"https:\/\/elpajaritonews.com\/index.php?rest_route=\/wp\/v2\/posts\/53837\/revisions"}],"predecessor-version":[{"id":53862,"href":"https:\/\/elpajaritonews.com\/index.php?rest_route=\/wp\/v2\/posts\/53837\/revisions\/53862"}],"wp:featuredmedia":[{"embeddable":true,"href":"https:\/\/elpajaritonews.com\/index.php?rest_route=\/wp\/v2\/media\/53838"}],"wp:attachment":[{"href":"https:\/\/elpajaritonews.com\/index.php?rest_route=%2Fwp%2Fv2%2Fmedia&parent=53837"}],"wp:term":[{"taxonomy":"category","embeddable":true,"href":"https:\/\/elpajaritonews.com\/index.php?rest_route=%2Fwp%2Fv2%2Fcategories&post=53837"},{"taxonomy":"post_tag","embeddable":true,"href":"https:\/\/elpajaritonews.com\/index.php?rest_route=%2Fwp%2Fv2%2Ftags&post=53837"}],"curies":[{"name":"wp","href":"https:\/\/api.w.org\/{rel}","templated":true}]}}