{"id":53841,"date":"2023-11-06T22:19:19","date_gmt":"2023-11-06T22:19:19","guid":{"rendered":"https:\/\/elpajaritonews.com\/?p=53841"},"modified":"2023-11-06T22:19:20","modified_gmt":"2023-11-06T22:19:20","slug":"sigue-a-ras-de-suelo-heriberto-aguilar-en-contacto-con-los-ciudadanos","status":"publish","type":"post","link":"https:\/\/elpajaritonews.com\/?p=53841","title":{"rendered":"SIGUE A RAS DE SUELO HERIBERTO AGUILAR EN CONTACTO CON LOS CIUDADANOS"},"content":{"rendered":"\n<p class=\"wp-block-paragraph\">El dirigente estatal de Morena realiz\u00f3 gira por Cananea y Agua Prieta para afianzar el trabajo territorial<\/p>\n\n\n\n<p class=\"wp-block-paragraph\">HERMOSILLO, Son.- Para afianzar el trabajo de contacto con los ciudadanos y difundir el mensaje de la transformaci\u00f3n, Heriberto Aguilar Castillo, dirigente estatal de Morena sigue recorriendo a ras de suelo los municipios de Sonora.<\/p>\n\n\n\n<p class=\"wp-block-paragraph\">El fin de semana visit\u00f3 los municipios de Cananea y Agua Prieta, con convicci\u00f3n y compromiso de que se debe seguir avanzando por el lado correcto de la historia.<\/p>\n\n\n\n<figure class=\"wp-block-image size-large\"><img loading=\"lazy\" decoding=\"async\" width=\"1024\" height=\"768\" src=\"https:\/\/elpajaritonews.com\/wp-content\/uploads\/2023\/11\/7f11723b-ec07-411b-8e75-618925f7f5c3-1024x768.jpg\" alt=\"\" class=\"wp-image-53843\" srcset=\"https:\/\/elpajaritonews.com\/wp-content\/uploads\/2023\/11\/7f11723b-ec07-411b-8e75-618925f7f5c3-1024x768.jpg 1024w, https:\/\/elpajaritonews.com\/wp-content\/uploads\/2023\/11\/7f11723b-ec07-411b-8e75-618925f7f5c3-300x225.jpg 300w, https:\/\/elpajaritonews.com\/wp-content\/uploads\/2023\/11\/7f11723b-ec07-411b-8e75-618925f7f5c3-768x576.jpg 768w, https:\/\/elpajaritonews.com\/wp-content\/uploads\/2023\/11\/7f11723b-ec07-411b-8e75-618925f7f5c3-560x420.jpg 560w, https:\/\/elpajaritonews.com\/wp-content\/uploads\/2023\/11\/7f11723b-ec07-411b-8e75-618925f7f5c3-80x60.jpg 80w, https:\/\/elpajaritonews.com\/wp-content\/uploads\/2023\/11\/7f11723b-ec07-411b-8e75-618925f7f5c3-100x75.jpg 100w, https:\/\/elpajaritonews.com\/wp-content\/uploads\/2023\/11\/7f11723b-ec07-411b-8e75-618925f7f5c3-180x135.jpg 180w, https:\/\/elpajaritonews.com\/wp-content\/uploads\/2023\/11\/7f11723b-ec07-411b-8e75-618925f7f5c3-238x178.jpg 238w, https:\/\/elpajaritonews.com\/wp-content\/uploads\/2023\/11\/7f11723b-ec07-411b-8e75-618925f7f5c3-640x480.jpg 640w, https:\/\/elpajaritonews.com\/wp-content\/uploads\/2023\/11\/7f11723b-ec07-411b-8e75-618925f7f5c3-681x511.jpg 681w, https:\/\/elpajaritonews.com\/wp-content\/uploads\/2023\/11\/7f11723b-ec07-411b-8e75-618925f7f5c3.jpg 1440w\" sizes=\"auto, (max-width: 1024px) 100vw, 1024px\" \/><\/figure>\n\n\n\n<p class=\"wp-block-paragraph\">Las actividades territoriales arrancaron en Cananea, donde sostuvo un encuentro con brigadistas donde se discutieron temas de organizaci\u00f3n de para continuar garantizando los avances del trabajo en territorio.<\/p>\n\n\n\n<p class=\"wp-block-paragraph\">Al finalizar el dirigente estatal en compa\u00f1\u00eda de brigadistas acudieron a recorrer una de las colonias en Cananea donde se tuvo un encuentro con militantes y simpatizantes en un ejercicio de convivencia con el pueblo.<\/p>\n\n\n\n<figure class=\"wp-block-image size-large\"><img loading=\"lazy\" decoding=\"async\" width=\"1024\" height=\"768\" src=\"https:\/\/elpajaritonews.com\/wp-content\/uploads\/2023\/11\/10a231c2-96d1-4f73-aaf9-650c678c35c7-1024x768.jpg\" alt=\"\" class=\"wp-image-53844\" srcset=\"https:\/\/elpajaritonews.com\/wp-content\/uploads\/2023\/11\/10a231c2-96d1-4f73-aaf9-650c678c35c7-1024x768.jpg 1024w, https:\/\/elpajaritonews.com\/wp-content\/uploads\/2023\/11\/10a231c2-96d1-4f73-aaf9-650c678c35c7-300x225.jpg 300w, https:\/\/elpajaritonews.com\/wp-content\/uploads\/2023\/11\/10a231c2-96d1-4f73-aaf9-650c678c35c7-768x576.jpg 768w, https:\/\/elpajaritonews.com\/wp-content\/uploads\/2023\/11\/10a231c2-96d1-4f73-aaf9-650c678c35c7-560x420.jpg 560w, https:\/\/elpajaritonews.com\/wp-content\/uploads\/2023\/11\/10a231c2-96d1-4f73-aaf9-650c678c35c7-80x60.jpg 80w, https:\/\/elpajaritonews.com\/wp-content\/uploads\/2023\/11\/10a231c2-96d1-4f73-aaf9-650c678c35c7-100x75.jpg 100w, https:\/\/elpajaritonews.com\/wp-content\/uploads\/2023\/11\/10a231c2-96d1-4f73-aaf9-650c678c35c7-180x135.jpg 180w, https:\/\/elpajaritonews.com\/wp-content\/uploads\/2023\/11\/10a231c2-96d1-4f73-aaf9-650c678c35c7-238x178.jpg 238w, https:\/\/elpajaritonews.com\/wp-content\/uploads\/2023\/11\/10a231c2-96d1-4f73-aaf9-650c678c35c7-640x480.jpg 640w, https:\/\/elpajaritonews.com\/wp-content\/uploads\/2023\/11\/10a231c2-96d1-4f73-aaf9-650c678c35c7-681x511.jpg 681w, https:\/\/elpajaritonews.com\/wp-content\/uploads\/2023\/11\/10a231c2-96d1-4f73-aaf9-650c678c35c7.jpg 1440w\" sizes=\"auto, (max-width: 1024px) 100vw, 1024px\" \/><\/figure>\n\n\n\n<p class=\"wp-block-paragraph\">Ah\u00ed Aguilar Castillo record\u00f3 que hoy se vive en un pa\u00eds distinto al del a\u00f1o 2018, pues se ha cerrado la brecha entre los que m\u00e1s tienen y los m\u00e1s pobres a partir de la pol\u00edtica de bienestar que sigue el presidente Andr\u00e9s Manuel L\u00f3pez Obrador.<\/p>\n\n\n\n<p class=\"wp-block-paragraph\">M\u00e1s tarde el dirigente Heriberto Aguilar se traslado a Agua Prieta y de igual forma, sostuvo en encuentro con brigadistas en donde se destac\u00f3 la importancia de los trabajos territoriales y lo que se esto significa para el movimiento.<\/p>\n\n\n\n<figure class=\"wp-block-image size-large\"><img loading=\"lazy\" decoding=\"async\" width=\"1024\" height=\"768\" src=\"https:\/\/elpajaritonews.com\/wp-content\/uploads\/2023\/11\/9537005b-c149-4eae-a8e5-5a7fe17b3306-1024x768.jpg\" alt=\"\" class=\"wp-image-53845\" srcset=\"https:\/\/elpajaritonews.com\/wp-content\/uploads\/2023\/11\/9537005b-c149-4eae-a8e5-5a7fe17b3306-1024x768.jpg 1024w, https:\/\/elpajaritonews.com\/wp-content\/uploads\/2023\/11\/9537005b-c149-4eae-a8e5-5a7fe17b3306-300x225.jpg 300w, https:\/\/elpajaritonews.com\/wp-content\/uploads\/2023\/11\/9537005b-c149-4eae-a8e5-5a7fe17b3306-768x576.jpg 768w, https:\/\/elpajaritonews.com\/wp-content\/uploads\/2023\/11\/9537005b-c149-4eae-a8e5-5a7fe17b3306-560x420.jpg 560w, https:\/\/elpajaritonews.com\/wp-content\/uploads\/2023\/11\/9537005b-c149-4eae-a8e5-5a7fe17b3306-80x60.jpg 80w, https:\/\/elpajaritonews.com\/wp-content\/uploads\/2023\/11\/9537005b-c149-4eae-a8e5-5a7fe17b3306-100x75.jpg 100w, https:\/\/elpajaritonews.com\/wp-content\/uploads\/2023\/11\/9537005b-c149-4eae-a8e5-5a7fe17b3306-180x135.jpg 180w, https:\/\/elpajaritonews.com\/wp-content\/uploads\/2023\/11\/9537005b-c149-4eae-a8e5-5a7fe17b3306-238x178.jpg 238w, https:\/\/elpajaritonews.com\/wp-content\/uploads\/2023\/11\/9537005b-c149-4eae-a8e5-5a7fe17b3306-640x480.jpg 640w, https:\/\/elpajaritonews.com\/wp-content\/uploads\/2023\/11\/9537005b-c149-4eae-a8e5-5a7fe17b3306-681x511.jpg 681w, https:\/\/elpajaritonews.com\/wp-content\/uploads\/2023\/11\/9537005b-c149-4eae-a8e5-5a7fe17b3306.jpg 1440w\" sizes=\"auto, (max-width: 1024px) 100vw, 1024px\" \/><\/figure>\n\n\n\n<p class=\"wp-block-paragraph\">Para finalizar la gira de trabajo el dirigente atendi\u00f3 una reuni\u00f3n de organizaci\u00f3n con dirigentes, militantes y simpatizantes de Agua Prieta y Cananea.<\/p>\n\n\n\n<p class=\"wp-block-paragraph\">Entre los puntos m\u00e1s relevantes de dicha reuni\u00f3n el dirigente estatal destac\u00f3 la importancia de trabajar en organizaci\u00f3n para garantizar el triunfo de 2024<\/p>\n\n\n\n<p class=\"wp-block-paragraph\">En Agua Prieta el coordinador de Claudia Sheinbaum en Sonora, exhort\u00f3 a militantes y simpatizantes de Morena a continuar sum\u00e1ndose a los trabajos territoriales y comprometerse con el proyecto de transformaci\u00f3n, a fin de garantizar la continuidad.<\/p>\n","protected":false},"excerpt":{"rendered":"<p>El dirigente estatal de Morena realiz\u00f3 gira por Cananea y Agua Prieta para afianzar el trabajo territorial HERMOSILLO, Son.- Para afianzar el trabajo de contacto con los ciudadanos y difundir el mensaje de la transformaci\u00f3n, Heriberto Aguilar Castillo, dirigente estatal de Morena sigue recorriendo a ras de suelo los municipios de Sonora. El fin de&#8230;<\/p>\n","protected":false},"author":2,"featured_media":53842,"comment_status":"open","ping_status":"closed","sticky":false,"template":"","format":"standard","meta":{"_crdt_document":"","_exactmetrics_skip_tracking":false,"_exactmetrics_sitenote_active":false,"_exactmetrics_sitenote_note":"","_exactmetrics_sitenote_category":0,"footnotes":""},"categories":[35,23,19,31,27],"tags":[],"class_list":["post-53841","post","type-post","status-publish","format-standard","has-post-thumbnail","hentry","category-elecciones-2024","category-mexico","category-opinion","category-politica","category-sonora"],"_links":{"self":[{"href":"https:\/\/elpajaritonews.com\/index.php?rest_route=\/wp\/v2\/posts\/53841","targetHints":{"allow":["GET"]}}],"collection":[{"href":"https:\/\/elpajaritonews.com\/index.php?rest_route=\/wp\/v2\/posts"}],"about":[{"href":"https:\/\/elpajaritonews.com\/index.php?rest_route=\/wp\/v2\/types\/post"}],"author":[{"embeddable":true,"href":"https:\/\/elpajaritonews.com\/index.php?rest_route=\/wp\/v2\/users\/2"}],"replies":[{"embeddable":true,"href":"https:\/\/elpajaritonews.com\/index.php?rest_route=%2Fwp%2Fv2%2Fcomments&post=53841"}],"version-history":[{"count":1,"href":"https:\/\/elpajaritonews.com\/index.php?rest_route=\/wp\/v2\/posts\/53841\/revisions"}],"predecessor-version":[{"id":53846,"href":"https:\/\/elpajaritonews.com\/index.php?rest_route=\/wp\/v2\/posts\/53841\/revisions\/53846"}],"wp:featuredmedia":[{"embeddable":true,"href":"https:\/\/elpajaritonews.com\/index.php?rest_route=\/wp\/v2\/media\/53842"}],"wp:attachment":[{"href":"https:\/\/elpajaritonews.com\/index.php?rest_route=%2Fwp%2Fv2%2Fmedia&parent=53841"}],"wp:term":[{"taxonomy":"category","embeddable":true,"href":"https:\/\/elpajaritonews.com\/index.php?rest_route=%2Fwp%2Fv2%2Fcategories&post=53841"},{"taxonomy":"post_tag","embeddable":true,"href":"https:\/\/elpajaritonews.com\/index.php?rest_route=%2Fwp%2Fv2%2Ftags&post=53841"}],"curies":[{"name":"wp","href":"https:\/\/api.w.org\/{rel}","templated":true}]}}