{"id":53847,"date":"2023-11-07T00:31:51","date_gmt":"2023-11-07T00:31:51","guid":{"rendered":"https:\/\/elpajaritonews.com\/?p=53847"},"modified":"2023-11-07T00:31:52","modified_gmt":"2023-11-07T00:31:52","slug":"contamos-con-potencial-mundial-para-atraccion-de-inversion-y-produccion-agricola-alfonso-durazo","status":"publish","type":"post","link":"https:\/\/elpajaritonews.com\/?p=53847","title":{"rendered":"CONTAMOS CON POTENCIAL MUNDIAL PARA ATRACCI\u00d3N DE INVERSI\u00d3N Y PRODUCCI\u00d3N AGR\u00cdCOLA: ALFONSO DURAZO"},"content":{"rendered":"\n<p class=\"wp-block-paragraph\">San Luis R\u00edo Colorado, Sonora; 6 de noviembre de 2023.- A trav\u00e9s de la instalaci\u00f3n de empresas por parte de la iniciativa privada, de la mano del Gobierno de Sonora como un facilitador de la inversi\u00f3n, el estado tiene un potencial de relevancia mundial para el establecimiento de nuevas industrias, as\u00ed como en el ramo de la producci\u00f3n agr\u00edcola, resalt\u00f3 el gobernador Alfonso Durazo Monta\u00f1o.<\/p>\n\n\n\n<figure class=\"wp-block-image size-large\"><img loading=\"lazy\" decoding=\"async\" width=\"1024\" height=\"682\" src=\"https:\/\/elpajaritonews.com\/wp-content\/uploads\/2023\/11\/87fe014d-72e1-4294-b8c3-2db394556bb9-1024x682.jpg\" alt=\"\" class=\"wp-image-53849\" srcset=\"https:\/\/elpajaritonews.com\/wp-content\/uploads\/2023\/11\/87fe014d-72e1-4294-b8c3-2db394556bb9-1024x682.jpg 1024w, https:\/\/elpajaritonews.com\/wp-content\/uploads\/2023\/11\/87fe014d-72e1-4294-b8c3-2db394556bb9-300x200.jpg 300w, https:\/\/elpajaritonews.com\/wp-content\/uploads\/2023\/11\/87fe014d-72e1-4294-b8c3-2db394556bb9-768x511.jpg 768w, https:\/\/elpajaritonews.com\/wp-content\/uploads\/2023\/11\/87fe014d-72e1-4294-b8c3-2db394556bb9-631x420.jpg 631w, https:\/\/elpajaritonews.com\/wp-content\/uploads\/2023\/11\/87fe014d-72e1-4294-b8c3-2db394556bb9-640x426.jpg 640w, https:\/\/elpajaritonews.com\/wp-content\/uploads\/2023\/11\/87fe014d-72e1-4294-b8c3-2db394556bb9-681x453.jpg 681w, https:\/\/elpajaritonews.com\/wp-content\/uploads\/2023\/11\/87fe014d-72e1-4294-b8c3-2db394556bb9.jpg 1280w\" sizes=\"auto, (max-width: 1024px) 100vw, 1024px\" \/><\/figure>\n\n\n\n<p class=\"wp-block-paragraph\">Durante su gira de trabajo en San Luis R\u00edo Colorado, en compa\u00f1\u00eda de V\u00edctor Villalobos Ar\u00e1mbula, secretario de Agricultura y Desarrollo Rural (Sader), y al asistir a la reapertura de las instalaciones de la empresa de alimentos Sana Premium Foods, el gobernador Durazo Monta\u00f1o destac\u00f3 que Sonora es un destino privilegiado para la relocalizaci\u00f3n de las inversiones por su ubicaci\u00f3n geogr\u00e1fica, permitiendo que m\u00e1s empresas decidan establecerse en la entidad, lo que permite m\u00e1s empleos en beneficio de las familias sonorenses.<\/p>\n\n\n\n<figure class=\"wp-block-image size-large\"><img loading=\"lazy\" decoding=\"async\" width=\"1024\" height=\"753\" src=\"https:\/\/elpajaritonews.com\/wp-content\/uploads\/2023\/11\/a1555f48-1136-49d4-961d-3389a76eae83-1024x753.jpg\" alt=\"\" class=\"wp-image-53850\" srcset=\"https:\/\/elpajaritonews.com\/wp-content\/uploads\/2023\/11\/a1555f48-1136-49d4-961d-3389a76eae83-1024x753.jpg 1024w, https:\/\/elpajaritonews.com\/wp-content\/uploads\/2023\/11\/a1555f48-1136-49d4-961d-3389a76eae83-300x221.jpg 300w, https:\/\/elpajaritonews.com\/wp-content\/uploads\/2023\/11\/a1555f48-1136-49d4-961d-3389a76eae83-768x565.jpg 768w, https:\/\/elpajaritonews.com\/wp-content\/uploads\/2023\/11\/a1555f48-1136-49d4-961d-3389a76eae83-571x420.jpg 571w, https:\/\/elpajaritonews.com\/wp-content\/uploads\/2023\/11\/a1555f48-1136-49d4-961d-3389a76eae83-80x60.jpg 80w, https:\/\/elpajaritonews.com\/wp-content\/uploads\/2023\/11\/a1555f48-1136-49d4-961d-3389a76eae83-100x75.jpg 100w, https:\/\/elpajaritonews.com\/wp-content\/uploads\/2023\/11\/a1555f48-1136-49d4-961d-3389a76eae83-640x471.jpg 640w, https:\/\/elpajaritonews.com\/wp-content\/uploads\/2023\/11\/a1555f48-1136-49d4-961d-3389a76eae83-681x501.jpg 681w, https:\/\/elpajaritonews.com\/wp-content\/uploads\/2023\/11\/a1555f48-1136-49d4-961d-3389a76eae83.jpg 1280w\" sizes=\"auto, (max-width: 1024px) 100vw, 1024px\" \/><\/figure>\n\n\n\n<p class=\"wp-block-paragraph\">El mandatario estatal explic\u00f3 que esta planta procesadora de alimentos generar\u00e1 en una primera etapa 500 empleos directos, incrementando a mil en una segunda, y hasta mil 500 en una tercera etapa, por lo que destac\u00f3 que su gobierno ser\u00e1 un facilitador de las inversiones que representen el bienestar para las y los ciudadanos.<\/p>\n\n\n\n<figure class=\"wp-block-image size-large\"><img loading=\"lazy\" decoding=\"async\" width=\"1024\" height=\"681\" src=\"https:\/\/elpajaritonews.com\/wp-content\/uploads\/2023\/11\/e59be4c1-09a4-4884-b082-61660211d013-1024x681.jpg\" alt=\"\" class=\"wp-image-53851\" srcset=\"https:\/\/elpajaritonews.com\/wp-content\/uploads\/2023\/11\/e59be4c1-09a4-4884-b082-61660211d013-1024x681.jpg 1024w, https:\/\/elpajaritonews.com\/wp-content\/uploads\/2023\/11\/e59be4c1-09a4-4884-b082-61660211d013-300x199.jpg 300w, https:\/\/elpajaritonews.com\/wp-content\/uploads\/2023\/11\/e59be4c1-09a4-4884-b082-61660211d013-768x511.jpg 768w, https:\/\/elpajaritonews.com\/wp-content\/uploads\/2023\/11\/e59be4c1-09a4-4884-b082-61660211d013-632x420.jpg 632w, https:\/\/elpajaritonews.com\/wp-content\/uploads\/2023\/11\/e59be4c1-09a4-4884-b082-61660211d013-640x426.jpg 640w, https:\/\/elpajaritonews.com\/wp-content\/uploads\/2023\/11\/e59be4c1-09a4-4884-b082-61660211d013-681x453.jpg 681w, https:\/\/elpajaritonews.com\/wp-content\/uploads\/2023\/11\/e59be4c1-09a4-4884-b082-61660211d013.jpg 1280w\" sizes=\"auto, (max-width: 1024px) 100vw, 1024px\" \/><\/figure>\n\n\n\n<p class=\"wp-block-paragraph\">\u201cSonora tiene un destino privilegiado para la relocalizaci\u00f3n de inversiones precisamente por su ubicaci\u00f3n geogr\u00e1fica. Compartimos casi 600 kil\u00f3metros de frontera con el mercado m\u00e1s demandante, Estados Unidos, colindamos en una esquina con California, la cuarta o quinta econom\u00eda m\u00e1s importante del mundo, la primera de Estados Unidos, con Arizona la mayor parte, pero tambi\u00e9n tenemos una colindancia peque\u00f1a con Nuevo M\u00e9xico y una proximidad tambi\u00e9n que pudi\u00e9ramos calificar de colindancia con Texas,&nbsp; que es una de las econom\u00edas m\u00e1s importantes de Estados Unidos\u201d, indic\u00f3.<\/p>\n\n\n\n<p class=\"wp-block-paragraph\">Al participar en la inauguraci\u00f3n de la segunda edici\u00f3n del Festival Internacional de Palma Datilera en M\u00e9xico, el gobernador Durazo Monta\u00f1o destac\u00f3 que la regi\u00f3n que comprende Sonora y Baja California tiene el tercer nivel mundial en la producci\u00f3n de d\u00e1til, lo que coloca a M\u00e9xico en el tercer puesto mundial, pero que con la calidad de su producto pudiera llegar al n\u00famero uno.<\/p>\n","protected":false},"excerpt":{"rendered":"<p>San Luis R\u00edo Colorado, Sonora; 6 de noviembre de 2023.- A trav\u00e9s de la instalaci\u00f3n de empresas por parte de la iniciativa privada, de la mano del Gobierno de Sonora como un facilitador de la inversi\u00f3n, el estado tiene un potencial de relevancia mundial para el establecimiento de nuevas industrias, as\u00ed como en el ramo&#8230;<\/p>\n","protected":false},"author":2,"featured_media":53848,"comment_status":"closed","ping_status":"closed","sticky":false,"template":"","format":"standard","meta":{"_crdt_document":"","_exactmetrics_skip_tracking":false,"_exactmetrics_sitenote_active":false,"_exactmetrics_sitenote_note":"","_exactmetrics_sitenote_category":0,"footnotes":""},"categories":[36,26,31,27],"tags":[29,30],"class_list":["post-53847","post","type-post","status-publish","format-standard","has-post-thumbnail","hentry","category-economia","category-local","category-politica","category-sonora","tag-nogales-la-gran-frontera","tag-sonora-tierra-de-oportunidades"],"_links":{"self":[{"href":"https:\/\/elpajaritonews.com\/index.php?rest_route=\/wp\/v2\/posts\/53847","targetHints":{"allow":["GET"]}}],"collection":[{"href":"https:\/\/elpajaritonews.com\/index.php?rest_route=\/wp\/v2\/posts"}],"about":[{"href":"https:\/\/elpajaritonews.com\/index.php?rest_route=\/wp\/v2\/types\/post"}],"author":[{"embeddable":true,"href":"https:\/\/elpajaritonews.com\/index.php?rest_route=\/wp\/v2\/users\/2"}],"replies":[{"embeddable":true,"href":"https:\/\/elpajaritonews.com\/index.php?rest_route=%2Fwp%2Fv2%2Fcomments&post=53847"}],"version-history":[{"count":1,"href":"https:\/\/elpajaritonews.com\/index.php?rest_route=\/wp\/v2\/posts\/53847\/revisions"}],"predecessor-version":[{"id":53852,"href":"https:\/\/elpajaritonews.com\/index.php?rest_route=\/wp\/v2\/posts\/53847\/revisions\/53852"}],"wp:featuredmedia":[{"embeddable":true,"href":"https:\/\/elpajaritonews.com\/index.php?rest_route=\/wp\/v2\/media\/53848"}],"wp:attachment":[{"href":"https:\/\/elpajaritonews.com\/index.php?rest_route=%2Fwp%2Fv2%2Fmedia&parent=53847"}],"wp:term":[{"taxonomy":"category","embeddable":true,"href":"https:\/\/elpajaritonews.com\/index.php?rest_route=%2Fwp%2Fv2%2Fcategories&post=53847"},{"taxonomy":"post_tag","embeddable":true,"href":"https:\/\/elpajaritonews.com\/index.php?rest_route=%2Fwp%2Fv2%2Ftags&post=53847"}],"curies":[{"name":"wp","href":"https:\/\/api.w.org\/{rel}","templated":true}]}}