{"id":53853,"date":"2023-11-07T00:35:29","date_gmt":"2023-11-07T00:35:29","guid":{"rendered":"https:\/\/elpajaritonews.com\/?p=53853"},"modified":"2023-11-07T00:35:52","modified_gmt":"2023-11-07T00:35:52","slug":"no-tienen-verguenza-xochitl-galvez-hablando-de-la-guarderiaabc-y-uno-de-los-involucrados-y-procesados-estaba-presente","status":"publish","type":"post","link":"https:\/\/elpajaritonews.com\/?p=53853","title":{"rendered":"NO TIENEN VERG\u00dcENZA XOCHITL GALVEZ HABLANDO DE LA GUARDER\u00cdAABC Y UNO DE LOS INVOLUCRADOS Y PROCESADOS ESTABA PRESENTE."},"content":{"rendered":"\n<p class=\"wp-block-paragraph\">Por Janny Barrera<\/p>\n\n\n\n<p class=\"wp-block-paragraph\">Willebaldo Alatriste Candiani, ex director de la Unidad Estatal de Protecci\u00f3n Civil, pag\u00f3 una fianza de 2.5 millones de pesos para seguir el proceso en libertad, pero bajo restricciones.<\/p>\n\n\n\n<p class=\"wp-block-paragraph\">Hermosillo. Un juez de Distrito de Sonora dict\u00f3 auto de formal prisi\u00f3n en contra de Willebaldo Alatriste Candiani, ex director de la Unidad Estatal de Protecci\u00f3n Civil (UEPC) del estado, durante la administraci\u00f3n del ex gobernador Eduardo Bours Castelo, por su presunta implicaci\u00f3n en el incendio de la guarder\u00eda ABC, al omitir algunas reglas de Protecci\u00f3n Civil en el edificio que alberga la estancia infantil.<\/p>\n\n\n\n<figure class=\"wp-block-image size-full\"><img loading=\"lazy\" decoding=\"async\" width=\"581\" height=\"464\" src=\"https:\/\/elpajaritonews.com\/wp-content\/uploads\/2023\/11\/F-SjDRpXMAAj4gq.jpg\" alt=\"\" class=\"wp-image-53855\" srcset=\"https:\/\/elpajaritonews.com\/wp-content\/uploads\/2023\/11\/F-SjDRpXMAAj4gq.jpg 581w, https:\/\/elpajaritonews.com\/wp-content\/uploads\/2023\/11\/F-SjDRpXMAAj4gq-300x240.jpg 300w, https:\/\/elpajaritonews.com\/wp-content\/uploads\/2023\/11\/F-SjDRpXMAAj4gq-526x420.jpg 526w\" sizes=\"auto, (max-width: 581px) 100vw, 581px\" \/><\/figure>\n\n\n\n<p class=\"wp-block-paragraph\">Willebaldo Alatriste Candiani deposit\u00f3 una fianza de 2.5 millones de pesos para seguir el proceso en libertad, pero bajo restricciones como tener que ir a firmar cada viernes al juzgado respectivo y no poder abandonar la ciudad, salvo por autorizaci\u00f3n del juzgador.<\/p>\n\n\n\n<figure class=\"wp-block-image size-full\"><img loading=\"lazy\" decoding=\"async\" width=\"414\" height=\"379\" src=\"https:\/\/elpajaritonews.com\/wp-content\/uploads\/2023\/11\/F-SjDRrXcAAqJV_.jpg\" alt=\"\" class=\"wp-image-53856\" srcset=\"https:\/\/elpajaritonews.com\/wp-content\/uploads\/2023\/11\/F-SjDRrXcAAqJV_.jpg 414w, https:\/\/elpajaritonews.com\/wp-content\/uploads\/2023\/11\/F-SjDRrXcAAqJV_-300x275.jpg 300w\" sizes=\"auto, (max-width: 414px) 100vw, 414px\" \/><\/figure>\n\n\n\n<p class=\"wp-block-paragraph\">Gabriel Alvarado, abogado de uno de los grupos de madres y padres afectados por el incendio en la guarder\u00eda ocurrido el 5 de julio de 2009, dijo que es un buen augurio la orden de arresto en contra del ex funcionario de Protecci\u00f3n Civil, ya que sube la escala de las personas implicadas en el siniestro que dej\u00f3 49 ni\u00f1os muertos y m\u00e1s de 60 con lesiones de por vida.<\/p>\n\n\n\n<p class=\"wp-block-paragraph\"><a href=\"https:\/\/vanguardia.com.mx\/noticias\/nacional\/2865870-dictan-auto-de-formal-prision-contra-ex-funcionario-de-sonora-por-caso-abc-KXVG2865870\">https:\/\/vanguardia.com.mx\/noticias\/nacional\/2865870-dictan-auto-de-formal-prision-contra-ex-funcionario-de-sonora-por-caso-abc-KXVG2865870<\/a><\/p>\n\n\n\n<p class=\"wp-block-paragraph\">Eso es lo que ya no queremos de regreso y da mucha tristeza que le apuestan al olvido para seguir haciendo sus fechor\u00edas. #NoRegresar\u00e1n<\/p>\n\n\n\n<figure class=\"wp-block-embed is-type-rich is-provider-twitter wp-block-embed-twitter\"><div class=\"wp-block-embed__wrapper\">\n<blockquote class=\"twitter-tweet\" data-width=\"550\" data-dnt=\"true\"><p lang=\"es\" dir=\"ltr\">\ud83d\udfe3 <a href=\"https:\/\/twitter.com\/hashtag\/Hermosillo?src=hash&amp;ref_src=twsrc%5Etfw\">#Hermosillo<\/a> \u2600\ufe0f No tienen verg\u00fcenza La botarga \ud83e\udd96 Xochitl Galvez hablando de la <a href=\"https:\/\/twitter.com\/hashtag\/Guarder%C3%ADaABC?src=hash&amp;ref_src=twsrc%5Etfw\">#Guarder\u00edaABC<\/a> y uno de los involucrados y  procesados estaba presente.<br><br>Willebaldo Alatriste Candiani, ex director de la Unidad Estatal de Protecci\u00f3n Civil, pag\u00f3 una fianza de 2.5 millones de pesos\u2026 <a href=\"https:\/\/t.co\/ALVKPBz23Q\">pic.twitter.com\/ALVKPBz23Q<\/a><\/p>&mdash; CP Janny Barrera (@CPJannyBarrera) <a href=\"https:\/\/twitter.com\/CPJannyBarrera\/status\/1721680238650757582?ref_src=twsrc%5Etfw\">November 7, 2023<\/a><\/blockquote><script async src=\"https:\/\/platform.twitter.com\/widgets.js\" charset=\"utf-8\"><\/script>\n<\/div><\/figure>\n\n\n\n<p class=\"wp-block-paragraph\">#ABCNuncaM\u00e1s #ABCNiPerd\u00f3nNiOlvido<\/p>\n","protected":false},"excerpt":{"rendered":"<p>Por Janny Barrera Willebaldo Alatriste Candiani, ex director de la Unidad Estatal de Protecci\u00f3n Civil, pag\u00f3 una fianza de 2.5 millones de pesos para seguir el proceso en libertad, pero bajo restricciones. Hermosillo. Un juez de Distrito de Sonora dict\u00f3 auto de formal prisi\u00f3n en contra de Willebaldo Alatriste Candiani, ex director de la Unidad&#8230;<\/p>\n","protected":false},"author":2,"featured_media":53854,"comment_status":"closed","ping_status":"closed","sticky":false,"template":"","format":"standard","meta":{"_crdt_document":"","_exactmetrics_skip_tracking":false,"_exactmetrics_sitenote_active":false,"_exactmetrics_sitenote_note":"","_exactmetrics_sitenote_category":0,"footnotes":""},"categories":[26,19,1,27],"tags":[29,30],"class_list":["post-53853","post","type-post","status-publish","format-standard","has-post-thumbnail","hentry","category-local","category-opinion","category-seguridad","category-sonora","tag-nogales-la-gran-frontera","tag-sonora-tierra-de-oportunidades"],"_links":{"self":[{"href":"https:\/\/elpajaritonews.com\/index.php?rest_route=\/wp\/v2\/posts\/53853","targetHints":{"allow":["GET"]}}],"collection":[{"href":"https:\/\/elpajaritonews.com\/index.php?rest_route=\/wp\/v2\/posts"}],"about":[{"href":"https:\/\/elpajaritonews.com\/index.php?rest_route=\/wp\/v2\/types\/post"}],"author":[{"embeddable":true,"href":"https:\/\/elpajaritonews.com\/index.php?rest_route=\/wp\/v2\/users\/2"}],"replies":[{"embeddable":true,"href":"https:\/\/elpajaritonews.com\/index.php?rest_route=%2Fwp%2Fv2%2Fcomments&post=53853"}],"version-history":[{"count":1,"href":"https:\/\/elpajaritonews.com\/index.php?rest_route=\/wp\/v2\/posts\/53853\/revisions"}],"predecessor-version":[{"id":53857,"href":"https:\/\/elpajaritonews.com\/index.php?rest_route=\/wp\/v2\/posts\/53853\/revisions\/53857"}],"wp:featuredmedia":[{"embeddable":true,"href":"https:\/\/elpajaritonews.com\/index.php?rest_route=\/wp\/v2\/media\/53854"}],"wp:attachment":[{"href":"https:\/\/elpajaritonews.com\/index.php?rest_route=%2Fwp%2Fv2%2Fmedia&parent=53853"}],"wp:term":[{"taxonomy":"category","embeddable":true,"href":"https:\/\/elpajaritonews.com\/index.php?rest_route=%2Fwp%2Fv2%2Fcategories&post=53853"},{"taxonomy":"post_tag","embeddable":true,"href":"https:\/\/elpajaritonews.com\/index.php?rest_route=%2Fwp%2Fv2%2Ftags&post=53853"}],"curies":[{"name":"wp","href":"https:\/\/api.w.org\/{rel}","templated":true}]}}