{"id":53858,"date":"2023-11-07T16:47:18","date_gmt":"2023-11-07T16:47:18","guid":{"rendered":"https:\/\/elpajaritonews.com\/?p=53858"},"modified":"2023-11-07T16:47:19","modified_gmt":"2023-11-07T16:47:19","slug":"recibe-congreso-de-sonora-iniciativa-para-modificar-ley-de-educacion","status":"publish","type":"post","link":"https:\/\/elpajaritonews.com\/?p=53858","title":{"rendered":"RECIBE CONGRESO DE SONORA INICIATIVA PARA MODIFICAR LEY DE EDUCACI\u00d3N"},"content":{"rendered":"\n<p class=\"wp-block-paragraph\">Mediante un ejercicio de Parlamento Abierto, diputadas y diputados de la 63 Legislatura recibieron, por parte de integrantes de la organizaci\u00f3n Desarrollo de Talento y Altas Capacidades (Destaca A.C); una iniciativa que plantea modificar la Ley de Educaci\u00f3n estatal, para incluir en la norma el concepto de \u201caltas capacidades\u201d.<\/p>\n\n\n\n<figure class=\"wp-block-image size-full is-resized\"><img loading=\"lazy\" decoding=\"async\" width=\"592\" height=\"72\" src=\"https:\/\/elpajaritonews.com\/wp-content\/uploads\/2023\/11\/BANER-1.jpg\" alt=\"\" class=\"wp-image-53860\" style=\"aspect-ratio:8.222222222222221;width:743px;height:auto\" srcset=\"https:\/\/elpajaritonews.com\/wp-content\/uploads\/2023\/11\/BANER-1.jpg 592w, https:\/\/elpajaritonews.com\/wp-content\/uploads\/2023\/11\/BANER-1-300x36.jpg 300w\" sizes=\"auto, (max-width: 592px) 100vw, 592px\" \/><\/figure>\n\n\n\n<p class=\"wp-block-paragraph\">Al encabezar la reuni\u00f3n, el diputado Sebasti\u00e1n Antonio Ordu\u00f1o Fragoza destac\u00f3 que el actual gobierno mantiene un compromiso con la educaci\u00f3n al establecer el programa universal de becas como un derecho constitucional, y se dijo dispuesto a analizar la iniciativa presentada, adem\u00e1s de socializarla con el<\/p>\n\n\n\n<p class=\"wp-block-paragraph\">resto de las y los integrantes de la legislatura.<\/p>\n\n\n\n<p class=\"wp-block-paragraph\">Acompa\u00f1ado por Ana Hirata Barraza y Arlen Santoyo V\u00e9jar, presidenta y vicepresidenta de la organizaci\u00f3n Destaca A. C; respectivamente, Jonatan V\u00e1squez Pacheco, impulsor de la iniciativa y diputado infantil, edici\u00f3n 2023, explic\u00f3 que las personas con altas capacidades van mucho m\u00e1s all\u00e1 de tener un coeficiente elevado; tienen una inteligencia superior, as\u00ed como emotividad, motivaci\u00f3n, personalidad, creatividad y temperamento que desarrollan de forma diferente a las y los ni\u00f1os de su edad.<\/p>\n\n\n\n<p class=\"wp-block-paragraph\">Propuso que, como parte de la modificaci\u00f3n a la disposici\u00f3n legal, se d\u00e9 mayor difusi\u00f3n a las altas capacidades en el entorno escolar;<\/p>\n\n\n\n<p class=\"wp-block-paragraph\">se brinde acompa\u00f1amiento a alumnos y familiares de ni\u00f1os, ni\u00f1as y j\u00f3venes por parte de psic\u00f3logos escolares.<\/p>\n\n\n\n<p class=\"wp-block-paragraph\">Tambi\u00e9n, edificaci\u00f3n de escuelas e institutos especializados; capacitaci\u00f3n para maestros en servicio y en formaci\u00f3n; impulso a las becas; as\u00ed como ampliar la ley en la materia a favor de la comunidad con altas capacidades; entre otras acciones. En la reuni\u00f3n estuvieron presentes las diputadas Beatriz Cota Ponce (NA), Sagrario Monta\u00f1o Palomares (PAN), Claudia Zulema Bours Corral (PV), Azalia Guevara Espinoza<\/p>\n","protected":false},"excerpt":{"rendered":"<p>Mediante un ejercicio de Parlamento Abierto, diputadas y diputados de la 63 Legislatura recibieron, por parte de integrantes de la organizaci\u00f3n Desarrollo de Talento y Altas Capacidades (Destaca A.C); una iniciativa que plantea modificar la Ley de Educaci\u00f3n estatal, para incluir en la norma el concepto de \u201caltas capacidades\u201d. Al encabezar la reuni\u00f3n, el diputado&#8230;<\/p>\n","protected":false},"author":2,"featured_media":53859,"comment_status":"closed","ping_status":"closed","sticky":false,"template":"","format":"standard","meta":{"_crdt_document":"","_exactmetrics_skip_tracking":false,"_exactmetrics_sitenote_active":false,"_exactmetrics_sitenote_note":"","_exactmetrics_sitenote_category":0,"footnotes":""},"categories":[20,19,27],"tags":[28,29,30],"class_list":["post-53858","post","type-post","status-publish","format-standard","has-post-thumbnail","hentry","category-congreso","category-opinion","category-sonora","tag-nogales","tag-nogales-la-gran-frontera","tag-sonora-tierra-de-oportunidades"],"_links":{"self":[{"href":"https:\/\/elpajaritonews.com\/index.php?rest_route=\/wp\/v2\/posts\/53858","targetHints":{"allow":["GET"]}}],"collection":[{"href":"https:\/\/elpajaritonews.com\/index.php?rest_route=\/wp\/v2\/posts"}],"about":[{"href":"https:\/\/elpajaritonews.com\/index.php?rest_route=\/wp\/v2\/types\/post"}],"author":[{"embeddable":true,"href":"https:\/\/elpajaritonews.com\/index.php?rest_route=\/wp\/v2\/users\/2"}],"replies":[{"embeddable":true,"href":"https:\/\/elpajaritonews.com\/index.php?rest_route=%2Fwp%2Fv2%2Fcomments&post=53858"}],"version-history":[{"count":1,"href":"https:\/\/elpajaritonews.com\/index.php?rest_route=\/wp\/v2\/posts\/53858\/revisions"}],"predecessor-version":[{"id":53861,"href":"https:\/\/elpajaritonews.com\/index.php?rest_route=\/wp\/v2\/posts\/53858\/revisions\/53861"}],"wp:featuredmedia":[{"embeddable":true,"href":"https:\/\/elpajaritonews.com\/index.php?rest_route=\/wp\/v2\/media\/53859"}],"wp:attachment":[{"href":"https:\/\/elpajaritonews.com\/index.php?rest_route=%2Fwp%2Fv2%2Fmedia&parent=53858"}],"wp:term":[{"taxonomy":"category","embeddable":true,"href":"https:\/\/elpajaritonews.com\/index.php?rest_route=%2Fwp%2Fv2%2Fcategories&post=53858"},{"taxonomy":"post_tag","embeddable":true,"href":"https:\/\/elpajaritonews.com\/index.php?rest_route=%2Fwp%2Fv2%2Ftags&post=53858"}],"curies":[{"name":"wp","href":"https:\/\/api.w.org\/{rel}","templated":true}]}}