{"id":53904,"date":"2023-11-12T17:22:44","date_gmt":"2023-11-12T17:22:44","guid":{"rendered":"https:\/\/elpajaritonews.com\/?p=53904"},"modified":"2023-11-12T17:22:53","modified_gmt":"2023-11-12T17:22:53","slug":"tengo-la-conciencia-tranquila-por-colosio-rodolfo-mayoral","status":"publish","type":"post","link":"https:\/\/elpajaritonews.com\/?p=53904","title":{"rendered":"\u201cTENGO LA CONCIENCIA TRANQUILA POR COLOSIO\u201d: RODOLFO MAYORAL"},"content":{"rendered":"<p>\u201cTengo la conciencia tranquila por Colosio\u201d: Rodolfo\u00a0Mayoral<\/p>\n<p>Alejandro Matty Ortega\/Irreverente Noticias\/Especial<\/p>\n<p>Hermosillo, Sonora (IN).- Cansado de cargar con \u201cla marca\u201d de implicado en el asesinato del extinto candidato presidencial y sonorense, Luis Donaldo Colosio Murrieta, ocurrido el 23 de marzo de 1994 en Lomas Taurinas, Tijuana, Rodolfo\u00a0Mayoral\u00a0Esquer rompe el largo silencio y afirma que despu\u00e9s de un a\u00f1o y medio preso el juez lo absolvi\u00f3 como a su se\u00f1or padre, don Vicente\u00a0 Mayoral\u00a0Valenzuela.<\/p>\n<p>Con el apoyo del periodista Rodolfo Santos Esquer, en entrevista telef\u00f3nica concedida en exclusiva al reportero de este medio binacional IRREVERENTE NOTICIAS, revela que la sombra del homicidio de Colosio Murrieta lo ha perseguido por el juicio social y la ambici\u00f3n de compa\u00f1\u00edas extranjeras cinematogr\u00e1ficas que se enriquecen \u00a0con su nombre e imagen, como uno de los supuestos responsables de ese crimen que enlut\u00f3 al pa\u00eds.<\/p>\n<p>Mayoral\u00a0Esquer, uno de los 4 detenidos junto al llamado \u201casesino solitario\u201d, Mario Aburto, pas\u00f3 18 meses su proceso dentro del penal de \u201cAlmoloya de Ju\u00e1rez\u201d hasta que el juez de la causa determin\u00f3 su no participaci\u00f3n en los hechos registrados la fat\u00eddica tarde del 23 de marzo de 1994, durante un mitin en la populosa Lomas Taurinas, barrio que hoy reviste un embovedado que sepult\u00f3 una tragedia que a\u00fan retumba la conciencia del sistema pol\u00edtico mexicano y acelera los corazones de millones de mexicanos, que vieron en Colosio Murrieta el fin a los privilegios y corrupci\u00f3n en M\u00e9xico.<\/p>\n<p>El 11 de enero 2012 muere su se\u00f1or padre, Vicente\u00a0Mayoral\u00a0Valenzuela; quien junto a Tranquilino S\u00e1nchez y Rodolfo Riva Palacio,\u00a0Mayoral\u00a0Esquer, fueron detenidos luego de que el fiscal Miguel Montes Garc\u00eda y posteriormente, Pablo Chapa Bezanilla determinaron su participaci\u00f3n por ayudar o distraer la seguridad de Colosio.<\/p>\n<p>Sorteando su vida entre el se\u00f1alamiento, la cr\u00edtica y \u201cla marca\u201d, sobrevive de la herrer\u00eda y trabajos en el campo, \u201cun tod\u00f3logo que sobrevive para poder comer, como millones de mexicanos que salen a buscar el pan de cada d\u00eda, con la conciencia tranquila de no ser mala persona y menos un asesino\u201d.<\/p>\n<p>IN\/- Gracias por la entrevista Rodolfo, \u00bfC\u00f3mo se encuentra, qu\u00e9 hace, c\u00f3mo sigue el proceso por el caso Colosio, qu\u00e9 sigue?<\/p>\n<p>RME: \u201cAntes que nada gracias por tomar la llamada y la oportunidad don Alejandro, hoy trabajando, soy un \u00b4tod\u00f3logo\u00b4 que sobrevive para poder comer, como millones de mexicanos que salen a buscar el pan de cada d\u00eda, con la conciencia tranquila de no ser mala persona y menos un asesino.<\/p>\n<p>Llevar \u00b4la marca\u00b4 de esa experiencia es doloroso, aunque han pasado muchos a\u00f1os a\u00fan se siente con las cr\u00edticas, el juicio de la gente, me ha afectado mucho en mi vida, en el negocio, yo con mi padre iniciamos un taller hace mucho, de herrer\u00eda, aunque me dedico a muchas cosas en el campo, siempre de manera honesta, viajando donde el cliente lo pida\u201d.<\/p>\n<p>IN: \u00bfConoci\u00f3 usted a Luis Donaldo Colosio Murrieta?<\/p>\n<p>RME: \u201cNunca lo hab\u00eda visto, lo conoc\u00ed hasta esa tarde cuando muri\u00f3\u201d.<\/p>\n<p>IN. Lo implican en el homicidio de Colosio Murrieta<\/p>\n<p>RME: \u201cAs\u00ed es, las autoridades nos implicaron en este lamentable hecho y fuimos presos por ello, despu\u00e9s de comprobar que nada tuvimos qu\u00e9 ver y despu\u00e9s de un a\u00f1o y medio, el juez dict\u00f3 la libertad y nos absolvieron\u201d.<\/p>\n<p>IN: \u00bfUsted ha expresado que el homicidio de Colosio se trat\u00f3 de una acci\u00f3n concertada?<\/p>\n<p>RME: \u201cNo, jam\u00e1s lo he hecho, no s\u00e9 si como se dijo fue un complot, pero nunca he dicho o afirmado que fue una acci\u00f3n concertada, jam\u00e1s\u201d.<\/p>\n<p>IN: \u00bfQu\u00e9 es \u201cla marca\u201d?<\/p>\n<p>RME: \u201cEl se\u00f1alamiento, que a uno injustamente lo acusen de algo que no sucedi\u00f3, nunca tuvimos responsabilidad en la muerte del se\u00f1or Colosio, ya el juez dict\u00f3 sentencia absolutoria, despu\u00e9s de muchos a\u00f1os nos siguen exhibiendo como el 2012, en una pel\u00edcula porque unos empresarios cinematogr\u00e1ficos extranjeros decidieron hacer dinero a costa de ese hecho.<\/p>\n<p>Existen muchos medios que s\u00f3lo les interesa vender, les gusta y hacen negocio con el amarillismo, eso nos ha provocado mucho da\u00f1o a todos los mexicanos que exigimos justicia, no es justo que sigan difamando a la gente para vender m\u00e1s, en la prensa lamentablemente existe corrupci\u00f3n tambi\u00e9n\u201d.<\/p>\n<p>IN: \u00bfQu\u00e9 medidas tom\u00f3 en el caso de la pel\u00edcula?<\/p>\n<p>RME: \u201cDemandamos a la empresa cinematogr\u00e1fica el 2012, pero no pas\u00f3 nada, tiene mucho dinero y uno no puede pagar abogados\u201d.<\/p>\n<p>IN: \u00bfTr\u00e1fico de influencias?<\/p>\n<p>RME: \u201cTiene mucho dinero, pueden hacer lo que quieran y no se vale, la demanda est\u00e1 en un juzgado en Toluca que pusimos el 2012 y a la fecha est\u00e1 igual como entr\u00f3\u201d.<\/p>\n<p>IN: \u00bfOtra injusticia?<\/p>\n<p>\u201cLamentablemente las autoridades encargadas de la justicia no hacen su trabajo, existe mucha corrupci\u00f3n e impunidad, por eso llamo a esas autoridades a que cumplan con la ley y no abusen de las personas, que haya justicia\u201d.<\/p>\n<p>IN: Despu\u00e9s de todo este tiempo, el recuerdo de esa tragedia a\u00fan duele a los sonorenses, \u00bfqu\u00e9 les puede expresar a ellos?<\/p>\n<p>RME: \u201cTengo familia en Sonora, mucha familia, yo respeto a los sonorenses, quiero decirles que tengo la conciencia tranquila, que he sufrido mucho por ese hecho, como cualquier mexicano trabajo mucho para llevar comida a mi familia, tengo tres hijas, una ya para la universidad, siempre mis respetos para todos don Alejandro\u201d.<\/p>\n<p>Caso Colosio<\/p>\n<p>El 26 de octubre del 2021, a 27 a\u00f1os, 7 meses y 3 d\u00edas del magnicidio del sonorense y entonces candidato a la Presidencia de la Rep\u00fablica, Luis Donaldo Colosio Murrieta, la Comisi\u00f3n Nacional de los Derechos Humanos solicit\u00f3 a la Fiscal\u00eda General de la Rep\u00fablica reabrir las investigaciones por actos de tortura a incomunicaci\u00f3n contra el llamado :asesino confeso\u00bb Mario Aburto Mart\u00ednez.<\/p>\n<p>En la Recomendaci\u00f3n 48VG\/2021 al Fiscal General de la Rep\u00fablica (FGR) y al Comisionado del \u00d3rgano Administrativo Desconcentrado Prevenci\u00f3n y Readaptaci\u00f3n Social (OADPRS) por violaciones graves a los derechos humanos, a la integridad personal y trato digno, por actos de tortura e incomunicaci\u00f3n, as\u00ed como al debido proceso, la CNDH expone que \u201cdesde hace 27 a\u00f1os la v\u00edctima ha denunciado actos de tortura en su contra\u201d.<\/p>\n<p>La CNDH precisa que \u201cen agravio de una persona que se encuentra en el Centro Federal de Readaptaci\u00f3n Social (Cefereso) n\u00famero 12 en el municipio de Ocampo, Guanajuato, donde incluso, se le prohibi\u00f3 establecer comunicaci\u00f3n con este Organismo Aut\u00f3nomo\u00bb.<\/p>\n<p>El organismo indica adem\u00e1s que \u201cla v\u00edctima fue detenida el 23 de marzo de 1994 en Lomas Taurinas, Tijuana, Baja California, al finalizar un evento de proselitismo pol\u00edtico en el que un candidato a la Presidencia de la Rep\u00fablica fue herido por disparos de arma de fuego, falleciendo horas m\u00e1s tarde\u201d.<\/p>\n<p>Expone que \u201cen esa ocasi\u00f3n, la v\u00edctima fue trasladada en calidad de acusada a la Agencia del Ministerio P\u00fablico Federal de la entonces Procuradur\u00eda General de la Rep\u00fablica (PGR) de esa ciudad y, el 25 de marzo de 1994, ingres\u00f3 a las instalaciones del Cefereso 1 \u00b4Altiplano\u00b4 en Almoloya de Ju\u00e1rez, Estado de M\u00e9xico\u201d.<\/p>\n<p>Posteriormente, \u201cha sido internado en Centros Federales de Readaptaci\u00f3n Social de diferentes entidades y desde el 21 de octubre de 2020 se encuentra en el Cefereso 12 \u201cCPS-Guanajuato\u201d, ubicado en el municipio de Ocampo, Guanajuato\u201d.<\/p>\n<p>A\u00f1ade que \u201cesta Comisi\u00f3n Nacional ha se\u00f1alado en reiteradas ocasiones que la persecuci\u00f3n y sanci\u00f3n de los delitos debe realizarse siempre en el marco de la ley y el respeto a los derechos humanos, enfatizando la importancia de que las conductas il\u00edcitas de personal al servicio p\u00fablico tambi\u00e9n sean motivo de investigaci\u00f3n y sanci\u00f3n para evitar la impunidad\u201d.<\/p>\n<p>Hace siete meses, \u201cla CNDH recibi\u00f3 una nueva queja por parte del agraviado, donde se\u00f1al\u00f3 que desde hace 27 a\u00f1os ha denunciado ante esta Comisi\u00f3n actos de tortura reiterada y continuamente, puntualizando que, desde el 31 de agosto de 1994, existe en la FGR una investigaci\u00f3n por esos hechos, agregando que reclama la reapertura de su caso para que se d\u00e9 a conocer la verdad a toda la sociedad\u201d.<\/p>\n<p>La CNDH indica que \u201c\u201cen este caso, y en esta nueva etapa de la CNDH no se puede omitir la menci\u00f3n de su responsabilidad, toda vez que, pr\u00e1cticamente desde que tuvieron lugar los hechos, en abril de 1994, este Organismo Nacional tuvo posibilidad de actuar para proteger los derechos humanos de la v\u00edctima y sus familiares e incluso, garantizar una investigaci\u00f3n y un proceso justo y apegado a Derecho, lo cual no ocurri\u00f3.<\/p>\n<p>Incluso obra en los archivos de esta Comisi\u00f3n una entrevista de la cual no se tiene registro en ning\u00fan expediente de queja de aquellos a\u00f1os y realizada sin autorizaci\u00f3n del hoy agraviado, lo que cuestionar\u00eda las actuaciones de esta Comisi\u00f3n Nacional porque no corresponden a su funci\u00f3n legal.<\/p>\n<p>Por ello, tras investigar el caso, \u201cla CNDH determin\u00f3 que elementos de entonces la Polic\u00eda Judicial Federal adscritos a la Procuradur\u00eda General de la Rep\u00fablica -hoy Fiscal\u00eda General, as\u00ed como los agentes del Ministerio P\u00fablico Federal que intervinieron tanto en la detenci\u00f3n como en las primeras diligencias ministeriales y en el traslado de la v\u00edctima a las instalaciones del Cefereso n\u00famero 1, incurrieron en actos de tortura en su contra y los m\u00e9dicos que intervinieron en los hechos actuaron de forma irregular al pretender ocultar o tolerar dichos actos\u201d.<\/p>\n<p>Tambi\u00e9n se acredit\u00f3 que personal m\u00e9dico y custodios de dicho centro de reclusi\u00f3n incurrieron en actos de tortura y que el Oadprs incomunic\u00f3 al quejoso y lo ha mantenido en Ceferesos lejanos al lugar en donde habita su familia, lo que constituye una violaci\u00f3n a los derechos humanos a la integridad personal y trato digno.<\/p>\n<p>Puntualiza tambi\u00e9n que \u201clas nuevas consideraciones y hallazgos, advierten violaciones graves a derechos humanos, por ello, la CNDH establece que la FGR deber\u00e1 realizar una investigaci\u00f3n del caso que dio origen a la detenci\u00f3n y sentencia de la v\u00edctima&#8217;.<\/p>\n<p>Adem\u00e1s, estas nuevas diligencias &#8216;se deber\u00e1n abordar sin perjuicio y con perspectiva pro homine, aportar como prueba la propia Recomendaci\u00f3n y considerar las m\u00faltiples omisiones, ocultamientos y acciones generados en el pasado\u201d.<\/p>\n<p>Esta nueva investigaci\u00f3n o \u201cla reapertura de la anterior tendr\u00e1 como finalidad subsanar deficiencias y llegar al pleno esclarecimiento de los hechos, que permitan a la v\u00edctima y a la sociedad mexicana acceder al derecho a la verdad de manera individual y colectiva de las reiteradas violaciones a los derechos humanos cometidas y que el Estado responda por sus actos&#8217;\/<\/p>\n<p>Lo anterior, no s\u00f3lo a trav\u00e9s de acciones de reconocimiento y reparaci\u00f3n integral del da\u00f1o, \u00absino tambi\u00e9n mediante acciones y pol\u00edticas de no repetici\u00f3n, para que hechos de este tipo no vuelvan a suceder al margen de la protecci\u00f3n y garant\u00eda de los derechos humanos de cualquier persona, con el fin de romper el c\u00edrculo de impunidad e injusticia que por d\u00e9cadas ha lastimado a nuestro pa\u00eds\u201d.<\/p>\n<p>Por ello, \u201cla CNDH recomend\u00f3 al titular de la FGR y al comisionado de Prevenci\u00f3n y Readaptaci\u00f3n Social reparar integralmente el da\u00f1o al agraviado y a sus familiares en los t\u00e9rminos de la Ley General de V\u00edctimas&#8217;.<\/p>\n<p>Inscribirse en el Registro Nacional de V\u00edctimas y otorgarles atenci\u00f3n m\u00e9dica y psicol\u00f3gica, as\u00ed como colaborar en el tr\u00e1mite y seguimiento de la queja que se promueva ante el \u00d3rgano Interno de Control en la FGR y en el Oadprs en contra de los servidores p\u00fablicos involucrados.<\/p>\n<p>Libertad de Aburto<\/p>\n<p>Tras casi 30 a\u00f1os en prisi\u00f3n por el homicidio de Luis Donaldo Colosio Murrieta, Mario Aburto saldr\u00e1 libre en los pr\u00f3ximos d\u00edas.<\/p>\n<p>Lo anterior, luego de que el Primer Tribunal Colegiado en Materia Penal del Segundo Circuito\u00a0declarara inv\u00e1lida la sentencia de 45 a\u00f1os de prisi\u00f3n que Mario Aburto Mart\u00ednez recibi\u00f3 en diciembre de 1994.<\/p>\n<p>Aburto fue sentenciado con el C\u00f3digo Penal Federal y no con el local del estado de Baja California que establece una condena de entre 15 y 30 a\u00f1os de prisi\u00f3n.<\/p>\n<p>Adem\u00e1s, solicita que dicha resoluci\u00f3n se cumpla en un plazo de 15 d\u00edas.<\/p>\n<p>Esto por el asesinato del ex candidato a la Presidencia de la Rep\u00fablica registrado la tarde del 23 de marzo en Lomas Taurinas, Tijuana.<\/p>\n<p>Ahora, solicita que se emita una resoluci\u00f3n, en la que se determine una nueva pena por el delito por el que fue imputado, pena no mayor a 30 a\u00f1os.<\/p>\n<p>Al respecto, la CNDH consider\u00f3 que &#8216;la resoluci\u00f3n del juez respecto a la sentencia de Mario Aburto, es un paso m\u00e1s hacia la verdad y la justicia&#8217;.<\/p>\n<p>Emite medidas cautelares para garantizar su integridad y reitera su compromiso hasta el cumplimiento de la recomendaci\u00f3n 48VG\/2021.<\/p>\n<p>La Comisi\u00f3n Nacional de los Derechos Humanos (CNDH) ha tomado nota de la resoluci\u00f3n del Primer Tribunal Colegiado en Materia Penal del Segundo Circuito, que declar\u00f3 inv\u00e1lida la sentencia de 45 a\u00f1os de prisi\u00f3n que Mario Aburto Mart\u00ednez recibi\u00f3 en diciembre de 1994.<\/p>\n<p>Considera que &#8216;se trata de un paso m\u00e1s para lograr la verdad y la justicia en un caso que, como qued\u00f3 asentado en la Recomendaci\u00f3n 48VG\/2021, est\u00e1 plagado de irregularidades, omisiones, encubrimientos y que, tarde o temprano, deber\u00e1n ser plenamente esclarecidos&#8217;.<\/p>\n<p>Ese es el sentido de la Recomendaci\u00f3n emitida el mes de octubre de 2021, &#8216;cuyo seguimiento avanza por otra v\u00eda, y a lo que estamos abocados desde el d\u00eda en que se public\u00f3&#8217;.<\/p>\n<p>Al confirmarse la invalidez de la sentencia de 1994 y que, al emitirla, \u201chubo una inadecuada defensa en su vertiente material y el juzgador natural omiti\u00f3 recabar diversas pruebas\u201d.<\/p>\n<p>Adem\u00e1s de que &#8216;no se establecieron las razones para que, en su momento, el caso fuera analizado en el fuero federal, se confirman tambi\u00e9n, las violaciones a derechos humanos cometidas en contra, no solamente de Mario Aburto y su familia, sino de todo el pueblo mexicano&#8217;.<\/p>\n<p>Conforme a lo asentado en la sentencia &#8216;es relevante mencionar la disposici\u00f3n hecha por el Tribunal Colegiado para agilizar la investigaci\u00f3n de la denuncia por tortura presentada por Mario Aburto hace 29 a\u00f1os, as\u00ed como su consideraci\u00f3n sobre la posible fabricaci\u00f3n de pruebas en contra suya, que aun cuando en este \u00faltimo caso reconoce que no es el tema central del nuevo estudio de la sentencia que deber\u00e1 emitirse, abre la posibilidad de que, al fin, tengamos claridad sobre lo que ocurri\u00f3 el 23 de marzo de 1994&#8243;.<\/p>\n<p>La confesi\u00f3n de Aburto &#8216;se hab\u00eda obtenido bajo tortura; que innumerables veces, desde que fue detenido, \u00e9l sostuvo que no era el responsable y tambi\u00e9n que hab\u00eda sido sometido a tortura, y que esto nunca fue valorad&#8217;.<\/p>\n<p>Tambi\u00e9n que &#8216;el proceso adoleci\u00f3 de vicios y fallas que derivaron en violaciones graves y entre otras m\u00e1s, en la violaci\u00f3n del derecho a la verdad que merece todo el pueblo mexicano&#8217;.<\/p>\n<p>Y adicional a lo anterior que, &#8216;a\u00fan estando enterada de todo esto la CNDH, nunca hizo \u00a0nada para defender a las v\u00edctimas ni para garantizar un proceso justo y apegado al derecho&#8217;.<\/p>\n<p>La CNDH seguir\u00e1 trabajando por el cumplimiento total de la Recomendaci\u00f3n 48VG\/2021 y velando por la seguridad e integridad de las v\u00edctimas en ella reconocidas, &#8216;por lo que, en vista de la resoluci\u00f3n del Tribunal, y las consecuencias que por esta pudieran generarse, ha solicitado ya al Director del Centro Federal de Readaptaci\u00f3n Social No 12, en Ocampo, Gto., la emisi\u00f3n de Medidas Cautelares en protecci\u00f3n de Mario Aburto Mart\u00ednez, hasta en tanto no se d\u00e9 el cumplimiento de dicha resoluci\u00f3n&#8217;.<\/p>\n<p>Por ello, permanecer\u00e1 atento del cumplimiento del fallo emitido por el Tribunal, y &#8216;no cejar\u00e1 en su empe\u00f1o en lograr que la verdad y la justicia sean restituidas a Mario Aburto y a su familia, y a todo el pueblo de M\u00e9xico\u00bb.<\/p>\n<p>No son pocos los mexicanos que piensan que el atentado contra Colosio Murrieta fue una conspiraci\u00f3n, que tradicionalmente llamamos \u201ccomplot\u201d por estar m\u00e1s apegada a nuestra idiosincrasia, como bien lo estableciera en su momento el l\u00edder de la Izquierda y hoy presidente de M\u00e9xico, Andr\u00e9s Manuel L\u00f3pez Obrador.<\/p>\n<p>Despu\u00e9s de casi 30 a\u00f1os de la muerte de Luis Donaldo, sigue en la conciencia colectiva la idea del crimen de Estado; sin embargo, en la de los pol\u00edticos pri\u00edstas se mantiene la versi\u00f3n del asesino solitario pues para ellos es la pel\u00edcula que se grabaron en su memoria y ambici\u00f3n de poder.<\/p>\n<p>Con una estrategia similar a la de una Dictadura Perfecta, la clase pol\u00edtica de M\u00e9xico har\u00e1 hasta lo imposible para que las nuevas generaciones de mexicanos no conozcan la verdad jur\u00eddica e hist\u00f3rica.<\/p>\n","protected":false},"excerpt":{"rendered":"<p>\u201cTengo la conciencia tranquila por Colosio\u201d: Rodolfo\u00a0Mayoral Alejandro Matty Ortega\/Irreverente Noticias\/Especial Hermosillo, Sonora (IN).- Cansado de cargar con \u201cla marca\u201d de implicado en el asesinato del extinto candidato presidencial y sonorense, Luis Donaldo Colosio Murrieta, ocurrido el 23 de marzo de 1994 en Lomas Taurinas, Tijuana, Rodolfo\u00a0Mayoral\u00a0Esquer rompe el largo silencio y afirma que despu\u00e9s&#8230;<\/p>\n","protected":false},"author":2,"featured_media":53905,"comment_status":"closed","ping_status":"closed","sticky":false,"template":"","format":"standard","meta":{"_crdt_document":"","_exactmetrics_skip_tracking":false,"_exactmetrics_sitenote_active":false,"_exactmetrics_sitenote_note":"","_exactmetrics_sitenote_category":0,"footnotes":""},"categories":[35,26,19,31,27],"tags":[],"class_list":["post-53904","post","type-post","status-publish","format-standard","has-post-thumbnail","hentry","category-elecciones-2024","category-local","category-opinion","category-politica","category-sonora"],"_links":{"self":[{"href":"https:\/\/elpajaritonews.com\/index.php?rest_route=\/wp\/v2\/posts\/53904","targetHints":{"allow":["GET"]}}],"collection":[{"href":"https:\/\/elpajaritonews.com\/index.php?rest_route=\/wp\/v2\/posts"}],"about":[{"href":"https:\/\/elpajaritonews.com\/index.php?rest_route=\/wp\/v2\/types\/post"}],"author":[{"embeddable":true,"href":"https:\/\/elpajaritonews.com\/index.php?rest_route=\/wp\/v2\/users\/2"}],"replies":[{"embeddable":true,"href":"https:\/\/elpajaritonews.com\/index.php?rest_route=%2Fwp%2Fv2%2Fcomments&post=53904"}],"version-history":[{"count":1,"href":"https:\/\/elpajaritonews.com\/index.php?rest_route=\/wp\/v2\/posts\/53904\/revisions"}],"predecessor-version":[{"id":53906,"href":"https:\/\/elpajaritonews.com\/index.php?rest_route=\/wp\/v2\/posts\/53904\/revisions\/53906"}],"wp:featuredmedia":[{"embeddable":true,"href":"https:\/\/elpajaritonews.com\/index.php?rest_route=\/wp\/v2\/media\/53905"}],"wp:attachment":[{"href":"https:\/\/elpajaritonews.com\/index.php?rest_route=%2Fwp%2Fv2%2Fmedia&parent=53904"}],"wp:term":[{"taxonomy":"category","embeddable":true,"href":"https:\/\/elpajaritonews.com\/index.php?rest_route=%2Fwp%2Fv2%2Fcategories&post=53904"},{"taxonomy":"post_tag","embeddable":true,"href":"https:\/\/elpajaritonews.com\/index.php?rest_route=%2Fwp%2Fv2%2Ftags&post=53904"}],"curies":[{"name":"wp","href":"https:\/\/api.w.org\/{rel}","templated":true}]}}