{"id":53907,"date":"2023-11-12T17:43:15","date_gmt":"2023-11-12T17:43:15","guid":{"rendered":"https:\/\/elpajaritonews.com\/?p=53907"},"modified":"2023-11-12T17:43:15","modified_gmt":"2023-11-12T17:43:15","slug":"toca-a-congreso-decretar-municipio-73-alfonso-canaan","status":"publish","type":"post","link":"https:\/\/elpajaritonews.com\/?p=53907","title":{"rendered":"\u00abTOCA A CONGRESO DECRETAR MUNICIPIO 73\u00bb: ALFONSO CANAAN"},"content":{"rendered":"<p>Alegandro Matty Ortega\/Irreverente Noticias<\/p>\n<p>Hermosillo, Sonora (IN).- Una vez aprobado por el Cabildo de Hermosillo, toca al Congreso del Estado decretar a \u00abMiguel Alem\u00e1n\u00bb como el Municipio 73 en Sonora.<\/p>\n<p>El activista Alfonso Canaan Casta\u00f1os celebr\u00f3 la iniciativa de los regidores para lograr la autonom\u00eda de la a\u00fan comisar\u00eda.<\/p>\n<p>Expuso que como luchador social y parte del Partido del Trabajo seguir\u00e1n trabajando para alcanzar este fin.<\/p>\n<p><img loading=\"lazy\" decoding=\"async\" class=\"alignnone  wp-image-53909\" src=\"https:\/\/elpajaritonews.com\/wp-content\/uploads\/2023\/11\/62f4cd51-3771-4f99-a3c5-5b5be315319d-300x93.jpg\" alt=\"\" width=\"497\" height=\"154\" srcset=\"https:\/\/elpajaritonews.com\/wp-content\/uploads\/2023\/11\/62f4cd51-3771-4f99-a3c5-5b5be315319d-300x93.jpg 300w, https:\/\/elpajaritonews.com\/wp-content\/uploads\/2023\/11\/62f4cd51-3771-4f99-a3c5-5b5be315319d-640x198.jpg 640w, https:\/\/elpajaritonews.com\/wp-content\/uploads\/2023\/11\/62f4cd51-3771-4f99-a3c5-5b5be315319d-681x211.jpg 681w, https:\/\/elpajaritonews.com\/wp-content\/uploads\/2023\/11\/62f4cd51-3771-4f99-a3c5-5b5be315319d.jpg 695w\" sizes=\"auto, (max-width: 497px) 100vw, 497px\" \/><\/p>\n<p>Canaan Casta\u00f1os dijo que \u00abMiguel Alem\u00e1n\u00bb cuenta con todos los requisitos constitucionales para ser el Municipio 73 en Sonora.<\/p>\n<p>Tras 37 largos a\u00f1os de ser una comisar\u00eda de Hermosillo abandonada, marginada y sumida en la pobreza, \u00abMiguel Alem\u00e1n\u00bb camina firme hacia la justicia social y a convertirse pronto en el Municipio 73 de Sonora.<\/p>\n<p>Este medio binacional IRREVERENTE NOTICIAS consign\u00f3 lo anterior tras el voto un\u00e1nime de los integrantes del Cabildo de Hermosillo a favor de la propuesta de los regidores Antonio Contreras y Ren\u00e9 Garc\u00eda para emitir la opini\u00f3n positiva al respecto.<\/p>\n<p>Ello posibilita iniciar el tr\u00e1mite legal ante el Poder Legislativo que permita que la comisar\u00eda \u00abMiguel Alem\u00e1n\u00bb se convierta en el Municipio n\u00famero 73 de Sonora.<\/p>\n<p>En la sesi\u00f3n junto al alcalde Antonio Astiazar\u00e1n Guti\u00e9rrez, los regidores Ren\u00e9 Garc\u00eda y Antonio Contreras expusieron la situaci\u00f3n actual y ventajas de elevar a rango de municipio a la Comisar\u00eda Miguel Alem\u00e1n.<\/p>\n<p>Antonio Contreras agradeci\u00f3 al regidor Ren\u00e9 Garc\u00eda sumarse a esta propuesta en la que se ha involucrado desde hace a\u00f1os.<\/p>\n<p>Agrega que \u00abMiguel Alem\u00e1n\u00bb tiene la categor\u00eda de Comisar\u00eda desde 1986 y es notable el crecimiento y la necesidad de gestionar directamente recursos y apoyos ante el Estado y la Federaci\u00f3n.<\/p>\n<p>Por su parte, el regidor Ren\u00e9 Garc\u00eda subray\u00f3 que \u00abMiguel Alem\u00e1n\u00bb, en condiciones actuales, estar\u00eda ya entre los 10 municipios m\u00e1s poblados de Sonora.<\/p>\n<p>Durante 37 a\u00f1os, la marginaci\u00f3n, pobreza extrema en amplios sectores y el olvido oficial del Ayuntamiento de Hermosillo, Gobierno del Estado y Federaci\u00f3n, han llevado a decenas de habitantes a aspirar a que el poblado \u00abMiguel Alem\u00e1n\u00bb se convierta en el Municipio 73 de Sonora.<\/p>\n<p>\u00abMiguel Alem\u00e1n\u00bb cuenta al d\u00eda de hoy con m\u00e1s de 60 mil habitantes del mill\u00f3n que conforman la capital de Sonora.<\/p>\n<p>Lo anterior, de acuerdo a datos del Inegi que coloca a este poblado en el lugar n\u00famero 10 en la entidad sin ser a\u00fan Municipio.<\/p>\n<p>El poblado supera en 5 los 10 mil habitantes que establece el Art\u00edculo 64, Fracci\u00f3n XII de la Constituci\u00f3n Pol\u00edtica del Estado de Sonora.<\/p>\n<p>En su momento, el Congreso del Estado deber\u00e1 aprobar con las 2 terceras partes de los diputados integrantes de la Legislatura en turno.<\/p>\n<p>Esta disposici\u00f3n sobre las Facultades del Congreso del Estado que establece el Art\u00edculo 64, Fracci\u00f3n XII, adem\u00e1s enumera lo siguiente:<\/p>\n<p>XII.- Para erigir nuevos Municipios dentro de los l\u00edmites de los existentes, siendo necesario, al efecto:<\/p>\n<p>a) Que la porci\u00f3n territorial de que se trate cuente con una poblaci\u00f3n de diez mil habitantes cuando menos.<\/p>\n<p>b) Que se compruebe debidamente ante el Congreso que tiene elementos bastantes para proveer a su existencia pol\u00edtica.<\/p>\n<p>c) Que se conceda al Ayuntamiento o Ayuntamientos afectados el derecho de ser o\u00eddo dentro del t\u00e9rmino de dos meses, contados desde el d\u00eda en que reciban la comunicaci\u00f3n respectiva, sobre la conveniencia o inconveniencia de la nueva creaci\u00f3n Municipal.<\/p>\n<p>d) Que igualmente se oiga sobre el particular al Ejecutivo del Estado. El informe de \u00e9ste deber\u00e1 rendirse dentro de los sesenta d\u00edas de la fecha en que se hubiese solicitado.<\/p>\n<p>e) Que la creaci\u00f3n del nuevo Municipio sea aprobada por las dos terceras partes de los miembros del Congreso.<\/p>\n<p>Respecto al Presupuesto que podr\u00eda requerir en base a la densidad poblacional, se estima que superar\u00eda los 120 a 150 millones de pesos anuales.<\/p>\n<p>Actualmente existe un comit\u00e9 que trabaja intensamente en concretar este anhelo que por d\u00e9cadas familias enteras han buscado a trav\u00e9s de reformas constitucionales y del reconocimiento de las autoridades de los tres \u00f3rdenes de gobierno.<\/p>\n<p>La densidad poblacional en \u00abMiguel Alem\u00e1n\u00bb representa uno de los motivos para lograr en los pr\u00f3ximos meses el estatus de Municipio 73 y con ello alcanzar el grado de bienestar que por m\u00e1s de 30 a\u00f1os se les ha negado.<\/p>\n<p>Canaan Casta\u00f1os destac\u00f3 que son m\u00e1s de 60 mil habitantes los que a diario conviven y generan la riqueza local que aspira a convertirse en el Municipio 73 en Sonora.<\/p>\n","protected":false},"excerpt":{"rendered":"<p>Alegandro Matty Ortega\/Irreverente Noticias Hermosillo, Sonora (IN).- Una vez aprobado por el Cabildo de Hermosillo, toca al Congreso del Estado decretar a \u00abMiguel Alem\u00e1n\u00bb como el Municipio 73 en Sonora. El activista Alfonso Canaan Casta\u00f1os celebr\u00f3 la iniciativa de los regidores para lograr la autonom\u00eda de la a\u00fan comisar\u00eda. Expuso que como luchador social y&#8230;<\/p>\n","protected":false},"author":2,"featured_media":53908,"comment_status":"open","ping_status":"closed","sticky":false,"template":"","format":"standard","meta":{"_crdt_document":"","_exactmetrics_skip_tracking":false,"_exactmetrics_sitenote_active":false,"_exactmetrics_sitenote_note":"","_exactmetrics_sitenote_category":0,"footnotes":""},"categories":[26,19,31,27],"tags":[],"class_list":["post-53907","post","type-post","status-publish","format-standard","has-post-thumbnail","hentry","category-local","category-opinion","category-politica","category-sonora"],"_links":{"self":[{"href":"https:\/\/elpajaritonews.com\/index.php?rest_route=\/wp\/v2\/posts\/53907","targetHints":{"allow":["GET"]}}],"collection":[{"href":"https:\/\/elpajaritonews.com\/index.php?rest_route=\/wp\/v2\/posts"}],"about":[{"href":"https:\/\/elpajaritonews.com\/index.php?rest_route=\/wp\/v2\/types\/post"}],"author":[{"embeddable":true,"href":"https:\/\/elpajaritonews.com\/index.php?rest_route=\/wp\/v2\/users\/2"}],"replies":[{"embeddable":true,"href":"https:\/\/elpajaritonews.com\/index.php?rest_route=%2Fwp%2Fv2%2Fcomments&post=53907"}],"version-history":[{"count":1,"href":"https:\/\/elpajaritonews.com\/index.php?rest_route=\/wp\/v2\/posts\/53907\/revisions"}],"predecessor-version":[{"id":53910,"href":"https:\/\/elpajaritonews.com\/index.php?rest_route=\/wp\/v2\/posts\/53907\/revisions\/53910"}],"wp:featuredmedia":[{"embeddable":true,"href":"https:\/\/elpajaritonews.com\/index.php?rest_route=\/wp\/v2\/media\/53908"}],"wp:attachment":[{"href":"https:\/\/elpajaritonews.com\/index.php?rest_route=%2Fwp%2Fv2%2Fmedia&parent=53907"}],"wp:term":[{"taxonomy":"category","embeddable":true,"href":"https:\/\/elpajaritonews.com\/index.php?rest_route=%2Fwp%2Fv2%2Fcategories&post=53907"},{"taxonomy":"post_tag","embeddable":true,"href":"https:\/\/elpajaritonews.com\/index.php?rest_route=%2Fwp%2Fv2%2Ftags&post=53907"}],"curies":[{"name":"wp","href":"https:\/\/api.w.org\/{rel}","templated":true}]}}