{"id":53914,"date":"2023-11-13T06:23:05","date_gmt":"2023-11-13T06:23:05","guid":{"rendered":"https:\/\/elpajaritonews.com\/?p=53914"},"modified":"2023-11-13T06:23:05","modified_gmt":"2023-11-13T06:23:05","slug":"encabeza-ramon-flores-reunion-distrital-en-caborca","status":"publish","type":"post","link":"https:\/\/elpajaritonews.com\/?p=53914","title":{"rendered":"ENCABEZA RAM\u00d3N FLORES REUNI\u00d3N DISTRITAL EN CABORCA"},"content":{"rendered":"<p>Lleva a cabo el Partido del Trabajo en Sonora Congreso del Primer Distrito Federal en Caborca e igualmente presentar oficialmente a Ramon Flores Robles como aspirante al Senado de la Rep\u00fablica en el 2024.<br \/>\n<img loading=\"lazy\" decoding=\"async\" class=\"alignnone  wp-image-53916\" src=\"https:\/\/elpajaritonews.com\/wp-content\/uploads\/2023\/11\/983e41d7-a407-4e40-b04d-ad06f841f52b-300x169.jpg\" alt=\"\" width=\"520\" height=\"293\" srcset=\"https:\/\/elpajaritonews.com\/wp-content\/uploads\/2023\/11\/983e41d7-a407-4e40-b04d-ad06f841f52b-300x169.jpg 300w, https:\/\/elpajaritonews.com\/wp-content\/uploads\/2023\/11\/983e41d7-a407-4e40-b04d-ad06f841f52b-1024x577.jpg 1024w, https:\/\/elpajaritonews.com\/wp-content\/uploads\/2023\/11\/983e41d7-a407-4e40-b04d-ad06f841f52b-768x433.jpg 768w, https:\/\/elpajaritonews.com\/wp-content\/uploads\/2023\/11\/983e41d7-a407-4e40-b04d-ad06f841f52b-746x420.jpg 746w, https:\/\/elpajaritonews.com\/wp-content\/uploads\/2023\/11\/983e41d7-a407-4e40-b04d-ad06f841f52b-640x361.jpg 640w, https:\/\/elpajaritonews.com\/wp-content\/uploads\/2023\/11\/983e41d7-a407-4e40-b04d-ad06f841f52b-681x384.jpg 681w, https:\/\/elpajaritonews.com\/wp-content\/uploads\/2023\/11\/983e41d7-a407-4e40-b04d-ad06f841f52b.jpg 1280w\" sizes=\"auto, (max-width: 520px) 100vw, 520px\" \/><br \/>\nEl Comisionado Pol\u00edtico Nacional del Partido del Trabajo en Sonora, Ram\u00f3n Flores Robles, encabez\u00f3 ese Congreso del Primer Distrito Federal en el municipio de Caborca y en donde adem\u00e1s se cont\u00f3 con la presencia de diversos liderazgos de la regi\u00f3n que apoyan el proyecto del PT rumbo al 2024 en la entidad.<br \/>\n<img loading=\"lazy\" decoding=\"async\" class=\"alignnone  wp-image-53917\" src=\"https:\/\/elpajaritonews.com\/wp-content\/uploads\/2023\/11\/6cddb65d-51d0-43a2-8e38-1373bc48d911-300x300.jpg\" alt=\"\" width=\"532\" height=\"532\" srcset=\"https:\/\/elpajaritonews.com\/wp-content\/uploads\/2023\/11\/6cddb65d-51d0-43a2-8e38-1373bc48d911-300x300.jpg 300w, https:\/\/elpajaritonews.com\/wp-content\/uploads\/2023\/11\/6cddb65d-51d0-43a2-8e38-1373bc48d911-1024x1024.jpg 1024w, https:\/\/elpajaritonews.com\/wp-content\/uploads\/2023\/11\/6cddb65d-51d0-43a2-8e38-1373bc48d911-150x150.jpg 150w, https:\/\/elpajaritonews.com\/wp-content\/uploads\/2023\/11\/6cddb65d-51d0-43a2-8e38-1373bc48d911-768x768.jpg 768w, https:\/\/elpajaritonews.com\/wp-content\/uploads\/2023\/11\/6cddb65d-51d0-43a2-8e38-1373bc48d911-420x420.jpg 420w, https:\/\/elpajaritonews.com\/wp-content\/uploads\/2023\/11\/6cddb65d-51d0-43a2-8e38-1373bc48d911-640x640.jpg 640w, https:\/\/elpajaritonews.com\/wp-content\/uploads\/2023\/11\/6cddb65d-51d0-43a2-8e38-1373bc48d911-681x681.jpg 681w, https:\/\/elpajaritonews.com\/wp-content\/uploads\/2023\/11\/6cddb65d-51d0-43a2-8e38-1373bc48d911.jpg 1280w\" sizes=\"auto, (max-width: 532px) 100vw, 532px\" \/><br \/>\n\u201cAgradezco que militancia del PT y simpatizantes de esta regi\u00f3n de Sonora, est\u00e1n aqu\u00ed con nosotros en Caborca acompa\u00f1\u00e1ndonos, ya que para nosotros es fundamental el realizar todos los d\u00edas un trabajo de posicionamiento de la marca PT y para eso los convocamos, a seguir haci\u00e9ndonos m\u00e1s fuerte en cada una de las regiones de este nuestro gran estado.<br \/>\nDe la misma forma les expreso aqu\u00ed de frente mi entera gratitud por su apoyo incondicional tanto para el partido como para un servidor en la b\u00fasqueda de ser su pr\u00f3ximo representante desde el Senado de la Rep\u00fablica y con el coraz\u00f3n en la mano les digo que en estos tiempos actuales, el pueblo requiere de no hacer m\u00e1s de lo mismo en la pol\u00edtica y para ello lo digo con mucho orgullo que soy Ramon flores y vengo a construir de la mano de un pueblo a lo que en verdad requieren los sonorenses y los mexicanos\u201d, dijo.<br \/>\n<img loading=\"lazy\" decoding=\"async\" class=\"alignnone  wp-image-53918\" src=\"https:\/\/elpajaritonews.com\/wp-content\/uploads\/2023\/11\/503cd271-a3d7-4d92-91e4-cf59d71b2f13-300x300.jpg\" alt=\"\" width=\"536\" height=\"536\" srcset=\"https:\/\/elpajaritonews.com\/wp-content\/uploads\/2023\/11\/503cd271-a3d7-4d92-91e4-cf59d71b2f13-300x300.jpg 300w, https:\/\/elpajaritonews.com\/wp-content\/uploads\/2023\/11\/503cd271-a3d7-4d92-91e4-cf59d71b2f13-1024x1024.jpg 1024w, https:\/\/elpajaritonews.com\/wp-content\/uploads\/2023\/11\/503cd271-a3d7-4d92-91e4-cf59d71b2f13-150x150.jpg 150w, https:\/\/elpajaritonews.com\/wp-content\/uploads\/2023\/11\/503cd271-a3d7-4d92-91e4-cf59d71b2f13-768x768.jpg 768w, https:\/\/elpajaritonews.com\/wp-content\/uploads\/2023\/11\/503cd271-a3d7-4d92-91e4-cf59d71b2f13-420x420.jpg 420w, https:\/\/elpajaritonews.com\/wp-content\/uploads\/2023\/11\/503cd271-a3d7-4d92-91e4-cf59d71b2f13-640x640.jpg 640w, https:\/\/elpajaritonews.com\/wp-content\/uploads\/2023\/11\/503cd271-a3d7-4d92-91e4-cf59d71b2f13-681x681.jpg 681w, https:\/\/elpajaritonews.com\/wp-content\/uploads\/2023\/11\/503cd271-a3d7-4d92-91e4-cf59d71b2f13.jpg 1280w\" sizes=\"auto, (max-width: 536px) 100vw, 536px\" \/><br \/>\nAdem\u00e1s, invit\u00f3 a las y los presentes, a seguir haciendo equipo con el Partido del Trabajo en una revoluci\u00f3n de ideas, de propuestas y de soluciones a muchas cosas que la sociedad sonorense y mexicana exige de sus gobernantes para tener una mejor calidad de vida.<\/p>\n<p>\u201cLes aplaudo a todas esas personas que conforman a este gran equipo que es el PT Sonora, gracias a todos ellos es que estamos decididos a hacer una revoluci\u00f3n que se trabaja con el coraz\u00f3n para despertar al pueblo, porque encontramos a\u00fan desconfianza y la cual se ha ido revirtiendo en los \u00faltimos a\u00f1os gracias a los grandes cimientos que en el pa\u00eds con el presidente L\u00f3pez Obrador y aqu\u00ed en Sonora con el gobernador Alfonso Durazo\u201d, precis\u00f3.<br \/>\n<img loading=\"lazy\" decoding=\"async\" class=\"alignnone  wp-image-53919\" src=\"https:\/\/elpajaritonews.com\/wp-content\/uploads\/2023\/11\/080585aa-aea4-4fd9-892a-995064d01689-300x225.jpg\" alt=\"\" width=\"525\" height=\"394\" srcset=\"https:\/\/elpajaritonews.com\/wp-content\/uploads\/2023\/11\/080585aa-aea4-4fd9-892a-995064d01689-300x225.jpg 300w, https:\/\/elpajaritonews.com\/wp-content\/uploads\/2023\/11\/080585aa-aea4-4fd9-892a-995064d01689-1024x768.jpg 1024w, https:\/\/elpajaritonews.com\/wp-content\/uploads\/2023\/11\/080585aa-aea4-4fd9-892a-995064d01689-768x576.jpg 768w, https:\/\/elpajaritonews.com\/wp-content\/uploads\/2023\/11\/080585aa-aea4-4fd9-892a-995064d01689-560x420.jpg 560w, https:\/\/elpajaritonews.com\/wp-content\/uploads\/2023\/11\/080585aa-aea4-4fd9-892a-995064d01689-80x60.jpg 80w, https:\/\/elpajaritonews.com\/wp-content\/uploads\/2023\/11\/080585aa-aea4-4fd9-892a-995064d01689-100x75.jpg 100w, https:\/\/elpajaritonews.com\/wp-content\/uploads\/2023\/11\/080585aa-aea4-4fd9-892a-995064d01689-180x135.jpg 180w, https:\/\/elpajaritonews.com\/wp-content\/uploads\/2023\/11\/080585aa-aea4-4fd9-892a-995064d01689-238x178.jpg 238w, https:\/\/elpajaritonews.com\/wp-content\/uploads\/2023\/11\/080585aa-aea4-4fd9-892a-995064d01689-640x480.jpg 640w, https:\/\/elpajaritonews.com\/wp-content\/uploads\/2023\/11\/080585aa-aea4-4fd9-892a-995064d01689-681x511.jpg 681w, https:\/\/elpajaritonews.com\/wp-content\/uploads\/2023\/11\/080585aa-aea4-4fd9-892a-995064d01689.jpg 1280w\" sizes=\"auto, (max-width: 525px) 100vw, 525px\" \/><br \/>\nEntre las personalidades que acompa\u00f1aron al Comisionado Pol\u00edtico Nacional del PT Sonora, Ram\u00f3n Flores en Caborca, fue el Coordinador de afiliaci\u00f3n en la regi\u00f3n R\u00edo Altar, Mart\u00edn L\u00f3pez Ca\u00f1ez y el Comisionado Nacional Electoral del PT Sonora Ren\u00e9 Edmundo Garc\u00eda Rojo.<br \/>\n<img loading=\"lazy\" decoding=\"async\" class=\"alignnone  wp-image-53920\" src=\"https:\/\/elpajaritonews.com\/wp-content\/uploads\/2023\/11\/ca418a31-da12-4acf-8a8d-41a99b3c53d6-300x300.jpg\" alt=\"\" width=\"531\" height=\"531\" srcset=\"https:\/\/elpajaritonews.com\/wp-content\/uploads\/2023\/11\/ca418a31-da12-4acf-8a8d-41a99b3c53d6-300x300.jpg 300w, https:\/\/elpajaritonews.com\/wp-content\/uploads\/2023\/11\/ca418a31-da12-4acf-8a8d-41a99b3c53d6-1024x1024.jpg 1024w, https:\/\/elpajaritonews.com\/wp-content\/uploads\/2023\/11\/ca418a31-da12-4acf-8a8d-41a99b3c53d6-150x150.jpg 150w, https:\/\/elpajaritonews.com\/wp-content\/uploads\/2023\/11\/ca418a31-da12-4acf-8a8d-41a99b3c53d6-768x768.jpg 768w, https:\/\/elpajaritonews.com\/wp-content\/uploads\/2023\/11\/ca418a31-da12-4acf-8a8d-41a99b3c53d6-420x420.jpg 420w, https:\/\/elpajaritonews.com\/wp-content\/uploads\/2023\/11\/ca418a31-da12-4acf-8a8d-41a99b3c53d6-640x640.jpg 640w, https:\/\/elpajaritonews.com\/wp-content\/uploads\/2023\/11\/ca418a31-da12-4acf-8a8d-41a99b3c53d6-681x681.jpg 681w, https:\/\/elpajaritonews.com\/wp-content\/uploads\/2023\/11\/ca418a31-da12-4acf-8a8d-41a99b3c53d6.jpg 1280w\" sizes=\"auto, (max-width: 531px) 100vw, 531px\" \/><br \/>\nTambi\u00e9n asistieron a esa reuni\u00f3n las Comisiones Ejecutivas Municipales de Caborca y su comisionada Ang\u00e9lica Vanegas; de San Luis R\u00edo Colorado y el Comisionado Alberto \u00abBeto\u00bb Ru\u00edz; de Santa Ana y su comisionada Esmeralda Castillo; de Saric y su comisionado Renan Nido; de Altar y su comisionado Guillermo L\u00f3pez Ca\u00f1ez; de Sonoyta y Comisionada Teresa Guzm\u00e1n; de Puerto Pe\u00f1asco y su comisionado Mtro. Ra\u00fal M\u00e9ndez; de Pitiquito y su Comisionado Sa\u00fal Ru\u00edz y por \u00faltimo de Trincheras y su Comisionado Rafael Murrieta Mata.<\/p>\n","protected":false},"excerpt":{"rendered":"<p>Lleva a cabo el Partido del Trabajo en Sonora Congreso del Primer Distrito Federal en Caborca e igualmente presentar oficialmente a Ramon Flores Robles como aspirante al Senado de la Rep\u00fablica en el 2024. El Comisionado Pol\u00edtico Nacional del Partido del Trabajo en Sonora, Ram\u00f3n Flores Robles, encabez\u00f3 ese Congreso del Primer Distrito Federal en&#8230;<\/p>\n","protected":false},"author":2,"featured_media":53915,"comment_status":"closed","ping_status":"closed","sticky":false,"template":"","format":"standard","meta":{"_crdt_document":"","_exactmetrics_skip_tracking":false,"_exactmetrics_sitenote_active":false,"_exactmetrics_sitenote_note":"","_exactmetrics_sitenote_category":0,"footnotes":""},"categories":[35,31,27],"tags":[],"class_list":["post-53914","post","type-post","status-publish","format-standard","has-post-thumbnail","hentry","category-elecciones-2024","category-politica","category-sonora"],"_links":{"self":[{"href":"https:\/\/elpajaritonews.com\/index.php?rest_route=\/wp\/v2\/posts\/53914","targetHints":{"allow":["GET"]}}],"collection":[{"href":"https:\/\/elpajaritonews.com\/index.php?rest_route=\/wp\/v2\/posts"}],"about":[{"href":"https:\/\/elpajaritonews.com\/index.php?rest_route=\/wp\/v2\/types\/post"}],"author":[{"embeddable":true,"href":"https:\/\/elpajaritonews.com\/index.php?rest_route=\/wp\/v2\/users\/2"}],"replies":[{"embeddable":true,"href":"https:\/\/elpajaritonews.com\/index.php?rest_route=%2Fwp%2Fv2%2Fcomments&post=53914"}],"version-history":[{"count":1,"href":"https:\/\/elpajaritonews.com\/index.php?rest_route=\/wp\/v2\/posts\/53914\/revisions"}],"predecessor-version":[{"id":53921,"href":"https:\/\/elpajaritonews.com\/index.php?rest_route=\/wp\/v2\/posts\/53914\/revisions\/53921"}],"wp:featuredmedia":[{"embeddable":true,"href":"https:\/\/elpajaritonews.com\/index.php?rest_route=\/wp\/v2\/media\/53915"}],"wp:attachment":[{"href":"https:\/\/elpajaritonews.com\/index.php?rest_route=%2Fwp%2Fv2%2Fmedia&parent=53914"}],"wp:term":[{"taxonomy":"category","embeddable":true,"href":"https:\/\/elpajaritonews.com\/index.php?rest_route=%2Fwp%2Fv2%2Fcategories&post=53914"},{"taxonomy":"post_tag","embeddable":true,"href":"https:\/\/elpajaritonews.com\/index.php?rest_route=%2Fwp%2Fv2%2Ftags&post=53914"}],"curies":[{"name":"wp","href":"https:\/\/api.w.org\/{rel}","templated":true}]}}