{"id":53927,"date":"2023-11-13T07:19:50","date_gmt":"2023-11-13T07:19:50","guid":{"rendered":"https:\/\/elpajaritonews.com\/?p=53927"},"modified":"2023-11-13T07:20:48","modified_gmt":"2023-11-13T07:20:48","slug":"rinde-congreso-de-sonora-homenaje-a-jesus-garcia-corona-heroe-de-nacozari","status":"publish","type":"post","link":"https:\/\/elpajaritonews.com\/?p=53927","title":{"rendered":"RINDE CONGRESO DE SONORA HOMENAJE A JES\u00daS GARC\u00cdA CORONA, H\u00c9ROE DE NACOZARI"},"content":{"rendered":"<p>El Congreso de Sonora rindi\u00f3 homenaje, con motivo del 116 aniversario de su gesta heroica, a Jes\u00fas Garc\u00eda Corona, H\u00e9roe de Nacozari e hijo ilustre de la ciudad de Hermosillo.<\/p>\n<p><img loading=\"lazy\" decoding=\"async\" class=\"alignnone  wp-image-53930\" src=\"https:\/\/elpajaritonews.com\/wp-content\/uploads\/2023\/11\/BANER-2-300x36.jpg\" alt=\"\" width=\"542\" height=\"65\" srcset=\"https:\/\/elpajaritonews.com\/wp-content\/uploads\/2023\/11\/BANER-2-300x36.jpg 300w, https:\/\/elpajaritonews.com\/wp-content\/uploads\/2023\/11\/BANER-2.jpg 592w\" sizes=\"auto, (max-width: 542px) 100vw, 542px\" \/><\/p>\n<p>En el acto protocolario, encabezado por la presidenta de la mesa directiva, diputada Claudia Bours Corral (PVEM), a solicitud de la Asociaci\u00f3n Hist\u00f3rica de Nacozari al Poder Legislativo, se guard\u00f3 un minuto de silencio en memoria de quien, el 7 de noviembre de 1907, salv\u00f3 al pueblo minero al llevar lejos<br \/>\nde la poblaci\u00f3n la m\u00e1quina del ferrocarril que en esos momentos se incendiaba, cargada con cuatro toneladas de explosivos.<\/p>\n<p>Sobre el tema, la diputada Rebeca Irene Silva Gallardo (Morena) present\u00f3 un posicionamiento con motivo del suceso hist\u00f3rico, mismo que dio pie a la conmemoraci\u00f3n del D\u00eda del Ferrocarrilero, establecido por decreto presidencial a partir del 7 de noviembre de 1944.<\/p>\n<p>La legisladora dijo que, a pesar de los esfuerzos por preservar la memoria del H\u00e9roe de Nacozari, todav\u00eda no se le ha dado cumplimiento<br \/>\nal decreto n\u00famero 55, de 1953, que crea la condecoraci\u00f3n Medalla Jes\u00fas Garc\u00eda, ni a la Ley que ordena el traslado de la estatua en su honor al Cerro de la Campana de esta ciudad.<\/p>\n<p>El diputado Jacobo Mendoza Ruiz (Morena) record\u00f3 que dicha Ley declara al cerro como monumento c\u00edvico del Estado de Sonora, dedicado permanentemente a honrar la memoria de Garc\u00eda Corona, por lo que se espera ver pronto su efigie en este lugar designado.<\/p>\n<p>La pr\u00f3xima sesi\u00f3n del pleno se cit\u00f3 para este jueves 9 de noviembre, a las 10:00 horas.<\/p>\n","protected":false},"excerpt":{"rendered":"<p>El Congreso de Sonora rindi\u00f3 homenaje, con motivo del 116 aniversario de su gesta heroica, a Jes\u00fas Garc\u00eda Corona, H\u00e9roe de Nacozari e hijo ilustre de la ciudad de Hermosillo. En el acto protocolario, encabezado por la presidenta de la mesa directiva, diputada Claudia Bours Corral (PVEM), a solicitud de la Asociaci\u00f3n Hist\u00f3rica de Nacozari&#8230;<\/p>\n","protected":false},"author":2,"featured_media":53928,"comment_status":"closed","ping_status":"closed","sticky":false,"template":"","format":"standard","meta":{"_crdt_document":"","_exactmetrics_skip_tracking":false,"_exactmetrics_sitenote_active":false,"_exactmetrics_sitenote_note":"","_exactmetrics_sitenote_category":0,"footnotes":""},"categories":[20,31,27],"tags":[],"class_list":["post-53927","post","type-post","status-publish","format-standard","has-post-thumbnail","hentry","category-congreso","category-politica","category-sonora"],"_links":{"self":[{"href":"https:\/\/elpajaritonews.com\/index.php?rest_route=\/wp\/v2\/posts\/53927","targetHints":{"allow":["GET"]}}],"collection":[{"href":"https:\/\/elpajaritonews.com\/index.php?rest_route=\/wp\/v2\/posts"}],"about":[{"href":"https:\/\/elpajaritonews.com\/index.php?rest_route=\/wp\/v2\/types\/post"}],"author":[{"embeddable":true,"href":"https:\/\/elpajaritonews.com\/index.php?rest_route=\/wp\/v2\/users\/2"}],"replies":[{"embeddable":true,"href":"https:\/\/elpajaritonews.com\/index.php?rest_route=%2Fwp%2Fv2%2Fcomments&post=53927"}],"version-history":[{"count":2,"href":"https:\/\/elpajaritonews.com\/index.php?rest_route=\/wp\/v2\/posts\/53927\/revisions"}],"predecessor-version":[{"id":53931,"href":"https:\/\/elpajaritonews.com\/index.php?rest_route=\/wp\/v2\/posts\/53927\/revisions\/53931"}],"wp:featuredmedia":[{"embeddable":true,"href":"https:\/\/elpajaritonews.com\/index.php?rest_route=\/wp\/v2\/media\/53928"}],"wp:attachment":[{"href":"https:\/\/elpajaritonews.com\/index.php?rest_route=%2Fwp%2Fv2%2Fmedia&parent=53927"}],"wp:term":[{"taxonomy":"category","embeddable":true,"href":"https:\/\/elpajaritonews.com\/index.php?rest_route=%2Fwp%2Fv2%2Fcategories&post=53927"},{"taxonomy":"post_tag","embeddable":true,"href":"https:\/\/elpajaritonews.com\/index.php?rest_route=%2Fwp%2Fv2%2Ftags&post=53927"}],"curies":[{"name":"wp","href":"https:\/\/api.w.org\/{rel}","templated":true}]}}