{"id":53936,"date":"2023-11-14T04:36:45","date_gmt":"2023-11-14T04:36:45","guid":{"rendered":"https:\/\/elpajaritonews.com\/?p=53936"},"modified":"2023-11-14T04:36:50","modified_gmt":"2023-11-14T04:36:50","slug":"invadido-derecho-de-via-en-nogales","status":"publish","type":"post","link":"https:\/\/elpajaritonews.com\/?p=53936","title":{"rendered":"\u00abINVADIDO\u00bb, DERECHO DE V\u00cdA EN NOGALES"},"content":{"rendered":"<p>Alejandro Matty Ortega\/Irreverente Noticias<\/p>\n<p>&nbsp;<\/p>\n<p>Nogales, Sonora (IN).- Por d\u00e9cadas, el derecho de v\u00eda del ferrocarril a la altura del kil\u00f3metro 271-272, en la colonia \u00abDemetrio Vallejo\u00bb, ha estado invadido por viviendas y comercios asentados de manera irregular en Nogales, Sonora.<\/p>\n<p>&nbsp;<\/p>\n<p>Ante la solicitud de informaci\u00f3n realizada por la Sindicatura Municipal de Nogales en el inter\u00e9s de conocer el estatus legal de dicho tramo de derecho de v\u00eda en aras de implementar un programa gubernamental de electrificaci\u00f3n en la colonia, la Secretar\u00eda de Comunicaciones y Transportes (SCT) responde que antes debe regularizar la situaci\u00f3n de las viviendas y servicios construidos.<\/p>\n<p>&nbsp;<\/p>\n<p>IRREVERENTE NOTICIAS consign\u00f3 que el pasado 3 de noviembre, la Sindicatura Municipal pidi\u00f3 a la SCT informes sobre dichos el estatus legal de terrenos, ante el inter\u00e9s del Ayuntamiento de Nogales de aplicar un programa de electrificaci\u00f3n en la colonia \u00abDemetrio Vallejo\u00bb.<\/p>\n<p>&nbsp;<\/p>\n<p>La respuesta de la SCT fue que \u00aben ese tramo existe un derecho de v\u00eda, es necesario mencionar que en esa zona de la ciudad a ambos lados de la v\u00eda f\u00e9rrea existen algunas instalaciones como viviendas y servicios que se encuentran invadiendo el derecho de v\u00eda concesionado\u00bb<\/p>\n<p><img loading=\"lazy\" decoding=\"async\" class=\"alignnone size-medium wp-image-53938\" src=\"https:\/\/elpajaritonews.com\/wp-content\/uploads\/2023\/11\/b0b1a48e-8348-45df-abb5-cb95ff93963d-225x300.jpg\" alt=\"\" width=\"225\" height=\"300\" srcset=\"https:\/\/elpajaritonews.com\/wp-content\/uploads\/2023\/11\/b0b1a48e-8348-45df-abb5-cb95ff93963d-225x300.jpg 225w, https:\/\/elpajaritonews.com\/wp-content\/uploads\/2023\/11\/b0b1a48e-8348-45df-abb5-cb95ff93963d-315x420.jpg 315w, https:\/\/elpajaritonews.com\/wp-content\/uploads\/2023\/11\/b0b1a48e-8348-45df-abb5-cb95ff93963d-640x853.jpg 640w, https:\/\/elpajaritonews.com\/wp-content\/uploads\/2023\/11\/b0b1a48e-8348-45df-abb5-cb95ff93963d-681x908.jpg 681w, https:\/\/elpajaritonews.com\/wp-content\/uploads\/2023\/11\/b0b1a48e-8348-45df-abb5-cb95ff93963d.jpg 768w\" sizes=\"auto, (max-width: 225px) 100vw, 225px\" \/><\/p>\n<p>En este sentido, la SCT expone que \u00abse sugiere que antes de ejecutar el programa referido en su escrito, se busque la manera de regularizar\u00a0 dichas instalaciones que se encuentran de manera irregular\u00bb.<\/p>\n<p>&nbsp;<\/p>\n<p>El proyecto binacional de cambio de v\u00edas en Nogales, detonar\u00e1 la econom\u00eda de M\u00e9xico y Estados Unidos, aunque por asuntos t\u00e9cnicos, crediticios y presupuestales, avanza lento este proyecto binacional fronterizo que en el futuro mejorar\u00e1, adem\u00e1s, el flujo de la comunidad sonorense en Arizona.<\/p>\n<p>&nbsp;<\/p>\n<p>En agosto, en conferencia de prensa, este medio binacional cuestion\u00f3 al gobernador Alfonso Durazo Monta\u00f1o quien destac\u00f3 la importancia de sacar la v\u00edas del tren en esta frontera para convertir a Sonora en el principal corredor comercial de M\u00e9xico con la Uni\u00f3n Americana.<\/p>\n<p>&nbsp;<\/p>\n<p>A pregunta expresa del periodista Julio S\u00e1nchez Pasos, director general de este medio, Durazo Monta\u00f1o dijo que \u00absigue adelante el proyecto de reubicaci\u00f3n de las v\u00edas ferrocarril\u00bb.<\/p>\n<p>&nbsp;<\/p>\n<p>Precis\u00f3 que \u00abvamos a presentar un informe el pr\u00f3ximo martes, vamos a pedirle a Adolfo (Salazar) quien est\u00e1 coordinando los trabajos para la adquisici\u00f3n de derechos de v\u00eda\u00bb.<\/p>\n<p>&nbsp;<\/p>\n<p>Apunt\u00f3 que la construcci\u00f3n est\u00e1 a cargo de la Secretar\u00eda de la Defensa Nacional. Destac\u00f3 que \u00abya inici\u00f3 la construcci\u00f3n del nuevo trazo que va a representar una inversi\u00f3n de 7 mil millones de pesos\u00bb.<\/p>\n<p>&nbsp;<\/p>\n<p>Durazo Monta\u00f1o agreg\u00f3 que \u00abesto nos va a permitir liberar todos los obst\u00e1culos que representa y tiene ahora el ferrocarril en su cruce por la ciudad de Nogales\u00bb.<\/p>\n<p>&nbsp;<\/p>\n<p>Se\u00f1al\u00f3 adem\u00e1s que el ferrocarril en su paso por Nogales, \u00abtiene 35 cruces todos ellos a nivel de superficie, con todos los riesgos que implica para la seguridad de las personas y conductores\u00bb.<\/p>\n<p>&nbsp;<\/p>\n<p>Dijo que la reubicaci\u00f3n de las v\u00edas permitir\u00e1 liberar \u00ab68 hect\u00e1reas de derecho de v\u00eda en el coraz\u00f3n de Nogales\u00bb.<\/p>\n<p>&nbsp;<\/p>\n<p>Apunt\u00f3 que \u00abvamos a convertirlo en un Vado del R\u00edo que es uno de los principales puntos de desarrollo de Hermosillo\u00bb.<\/p>\n<p>&nbsp;<\/p>\n<p>El gobernador indic\u00f3 tambi\u00e9n que \u00abya tenemos la concesi\u00f3n del libramiento de Nogales\u00bb.<\/p>\n<p>&nbsp;<\/p>\n<p>Destac\u00f3 que a pesar de contar con el 49 % de la concesi\u00f3n, se han detenido por un adeudo de esta con un banco que ronda en los 500 millones de pesos.<\/p>\n<p>&nbsp;<\/p>\n<p>Actualmente, \u00abse est\u00e1 en una renegociaci\u00f3n porque estimamos que una parte de esta solicitud de cr\u00e9dito no se utiliz\u00f3 en el mejoramiento de este libramiento\u00bb.<\/p>\n<p>&nbsp;<\/p>\n<p>Dijo que \u00abse est\u00e1 avanzando pero lamentablemente camina de manera muy lenta\u00bb.<\/p>\n<p>&nbsp;<\/p>\n<p>El 2 de marzo de este a\u00f1o, el gobernador apunt\u00f3 que se requiere una inversi\u00f3n de 6 mil 800 millones de pesos para el proyecto de la reubicaci\u00f3n de las v\u00edas del tren en Nogales.<\/p>\n<p>&nbsp;<\/p>\n<p>Expuso que no s\u00f3lo es una obra para el mejoramiento de la imagen de la frontera y el cruce internacional de mercanc\u00edas hacia Estados Unidos, sino el aprovechamiento del derecho de v\u00eda que cambiar\u00e1 por completo el desarrollo de esta frontera.<\/p>\n<p>&nbsp;<\/p>\n<p>Durazo Monta\u00f1o se\u00f1al\u00f3 que en la actualidad el Gobierno Federal que encabeza el presidente Andr\u00e9s Manuel L\u00f3pez Obrador, contin\u00faa adelante con la ubicaci\u00f3n de las probables rutas para cumplir con todos los requisitos exigidos por las autoridades de Estados Unidos.<\/p>\n<p>&nbsp;<\/p>\n<p>\u201cEstamos conscientes que es un proceso largo, pero nosotros vamos a terminar la parte que nos corresponde y vamos a seguir con el proceso en Estados Unidos hasta que consigamos la autorizaci\u00f3n estadounidense para la apertura de una nueva aduana que sirva exclusivamente para el cruce del ferrocarril\u201d.<\/p>\n<p>&nbsp;<\/p>\n<p>El gobernador confi\u00f3 en lograr el objetivo de convertir a Sonora en el principal corredor comercial para ingresar al mercado m\u00e1s importante del mundo.<\/p>\n<p>&nbsp;<\/p>\n<p>Se\u00f1al\u00f3 que se tiene que mejorar sustancialmente la infraestructura portuaria, carretera y ferroviaria, para poder cumplir las exigencias de la globalizaci\u00f3n en el tema de comercio internacional.<\/p>\n<p>&nbsp;<\/p>\n<p>Ese d\u00eda confirm\u00f3 que durante la visita del presidente de Estados Unidos Joe Biden a M\u00e9xico, el presidente Andr\u00e9s Manuel L\u00f3pez Obrador le hizo saber los avances de proyectos de modernizaci\u00f3n en Sonora, especialmente en cuanto a la modernizaci\u00f3n del Puerto de Guaymas y reubicaci\u00f3n de las v\u00edas de Nogales, para solicitarle su apoyo para concretizarlos y trabajar de la mano en el intercambio de mercanc\u00edas.<\/p>\n<p>&nbsp;<\/p>\n<p>A\u00f1adi\u00f3 que \u201cno obstante la intervenci\u00f3n pol\u00edtica del presidente Biden debemos cubrir una serie de requisitos, particularmente el de la manifestaci\u00f3n de impacto ambiental y en el caso nuestro ya la tenemos\u201d.<\/p>\n<p>&nbsp;<\/p>\n<p>El mandatario estatal mencion\u00f3 que las paralelas saldr\u00e1n a la altura del Municipio de Imuris, pr\u00e1cticamente paralelas a la Carretera Internacional N\u00famero 15.<\/p>\n<p>&nbsp;<\/p>\n<p>A\u00f1adi\u00f3 que los trabajos que se realizar\u00e1n hasta lograr el objetivo tendr\u00e1n una importante inversi\u00f3n econ\u00f3mica.<\/p>\n<p>&nbsp;<\/p>\n<p>\u201cNo podemos dejar de lado que para concluir el importante proyecto para fortalecer el comercio internacional se tiene contemplada una inversi\u00f3n de seis mil 800 millones de pesos y no s\u00f3lo es la reubicaci\u00f3n de las v\u00edas del ferrocarril, sino el aprovechamiento del derecho de v\u00eda que quedar\u00e1 libre tras la reubicaci\u00f3n de las paralelas\u201d.<\/p>\n<p>&nbsp;<\/p>\n<p>Insisti\u00f3 que todo ese terreno del derecho de v\u00eda recuperado habr\u00e1 de cambiar totalmente el rostro de Nogales, que tendr\u00e1 un gran impacto en el desarrollo urbano de la frontera, similar al que tuvo el desarrollo del Vado del R\u00edo en Tijuana hace m\u00e1s de 50 a\u00f1os y que desde entonces esa importante ciudad no ha tenido un proyecto de desarrollo semejante.<\/p>\n<p>&nbsp;<\/p>\n<p>El aprovechamiento del derecho de v\u00eda recuperado ser\u00e1 para la construcci\u00f3n de parques deportivos, parques lineales y una porci\u00f3n del terreno ser\u00e1 destinada al rubro habitacional, precis\u00f3 ese d\u00eda el gobernador de Sonora.<\/p>\n<p>&nbsp;<\/p>\n<p>El 22 de noviembre del 2022, el alcalde Juan Gim\u00a0 destac\u00f3 que Nogales est\u00e1 en v\u00edas de la modernizaci\u00f3n \u00abgracias al empe\u00f1o del gobernador Alfonso Durazo Monta\u00f1o y del presidente Andr\u00e9s Manuel L\u00f3pez Obrador en mejorar los cruces fronterizos que habr\u00e1n de facilitar el intercambio comercial y de personas\u201d,<\/p>\n<p>&nbsp;<\/p>\n<p>Gim Nogales se refiri\u00f3 as\u00ed despu\u00e9s de la visita del embajador de Estados Unidos en M\u00e9xico, Ken Salazar, qui\u00e9n reiter\u00f3 la disposici\u00f3n del gobierno del presidente Joe Biden, de hacer realidad la cooperaci\u00f3n entre ambos pa\u00edses.<\/p>\n<p>&nbsp;<\/p>\n<p>En su estancia en esta frontera, el diplom\u00e1tico estadounidense fue acompa\u00f1ado por la C\u00f3nsul de Estados Unidos en Nogales, Sonora, Laura Biedebach, as\u00ed como funcionarios de Nogales, Arizona y funcionarios del Gobierno del Estado de Sonora.<\/p>\n<p>&nbsp;<\/p>\n<p>Ese d\u00eda, Ken Salazar dio a conocer que para la modernizaci\u00f3n de los puertos fronterizos entre ambas naciones se tiene contemplada una inversi\u00f3n superior a los tres mil 400 millones de d\u00f3lares, en las m\u00e1s de tres mil millas de frontera con Estados Unidos.<\/p>\n<p>&nbsp;<\/p>\n<p>\u201cPara nosotros, los temas m\u00e1s importantes que se manejaron, entre otros muchos, sobresale la modernizaci\u00f3n de la Garita Comercial Mariposa, as\u00ed como la Garita N\u00famero Uno Puerta de M\u00e9xico y el proyecto de remoci\u00f3n de las v\u00edas del tren que han sido promovidos por el presidente L\u00f3pez Obrador y el gobernador Alfonso Durazo\u201d, expres\u00f3 Juan Gim.<\/p>\n<p>&nbsp;<\/p>\n<p>El 4 de marzo de este a\u00f1o, Juan Gim Nogales dijo que \u00abel mover las v\u00edas del ferrocarril es m\u00e1s grande que esa movilizaci\u00f3n, es crear un corredor econ\u00f3mico como lo ha anunciado desde el presidente L\u00f3pez Obrador y el gobernador Alfonso Durazo, de crear una econom\u00eda donde est\u00e9 presente la transferencia de tecnolog\u00eda, favorecer el comercio exterior y tambi\u00e9n el comercio personal\u00bb.<\/p>\n<p>&nbsp;<\/p>\n<p>El alcalde de Nogales resalt\u00f3 que \u00abde esa manera se incrementa y se le abona a la econom\u00eda circulante con el movimiento de las v\u00edas del tren, es decir, el cambio de las v\u00edas del tren viene a desahogar o a facilitar la comercializaci\u00f3n entre la industria de Asia\u201d, culmin\u00f3 Gim Nogales.<\/p>\n","protected":false},"excerpt":{"rendered":"<p>Alejandro Matty Ortega\/Irreverente Noticias &nbsp; Nogales, Sonora (IN).- Por d\u00e9cadas, el derecho de v\u00eda del ferrocarril a la altura del kil\u00f3metro 271-272, en la colonia \u00abDemetrio Vallejo\u00bb, ha estado invadido por viviendas y comercios asentados de manera irregular en Nogales, Sonora. &nbsp; Ante la solicitud de informaci\u00f3n realizada por la Sindicatura Municipal de Nogales en&#8230;<\/p>\n","protected":false},"author":2,"featured_media":53937,"comment_status":"closed","ping_status":"closed","sticky":false,"template":"","format":"standard","meta":{"_crdt_document":"","_exactmetrics_skip_tracking":false,"_exactmetrics_sitenote_active":false,"_exactmetrics_sitenote_note":"","_exactmetrics_sitenote_category":0,"footnotes":""},"categories":[36,26,19,31,1,27],"tags":[],"class_list":["post-53936","post","type-post","status-publish","format-standard","has-post-thumbnail","hentry","category-economia","category-local","category-opinion","category-politica","category-seguridad","category-sonora"],"_links":{"self":[{"href":"https:\/\/elpajaritonews.com\/index.php?rest_route=\/wp\/v2\/posts\/53936","targetHints":{"allow":["GET"]}}],"collection":[{"href":"https:\/\/elpajaritonews.com\/index.php?rest_route=\/wp\/v2\/posts"}],"about":[{"href":"https:\/\/elpajaritonews.com\/index.php?rest_route=\/wp\/v2\/types\/post"}],"author":[{"embeddable":true,"href":"https:\/\/elpajaritonews.com\/index.php?rest_route=\/wp\/v2\/users\/2"}],"replies":[{"embeddable":true,"href":"https:\/\/elpajaritonews.com\/index.php?rest_route=%2Fwp%2Fv2%2Fcomments&post=53936"}],"version-history":[{"count":1,"href":"https:\/\/elpajaritonews.com\/index.php?rest_route=\/wp\/v2\/posts\/53936\/revisions"}],"predecessor-version":[{"id":53939,"href":"https:\/\/elpajaritonews.com\/index.php?rest_route=\/wp\/v2\/posts\/53936\/revisions\/53939"}],"wp:featuredmedia":[{"embeddable":true,"href":"https:\/\/elpajaritonews.com\/index.php?rest_route=\/wp\/v2\/media\/53937"}],"wp:attachment":[{"href":"https:\/\/elpajaritonews.com\/index.php?rest_route=%2Fwp%2Fv2%2Fmedia&parent=53936"}],"wp:term":[{"taxonomy":"category","embeddable":true,"href":"https:\/\/elpajaritonews.com\/index.php?rest_route=%2Fwp%2Fv2%2Fcategories&post=53936"},{"taxonomy":"post_tag","embeddable":true,"href":"https:\/\/elpajaritonews.com\/index.php?rest_route=%2Fwp%2Fv2%2Ftags&post=53936"}],"curies":[{"name":"wp","href":"https:\/\/api.w.org\/{rel}","templated":true}]}}