{"id":53940,"date":"2023-11-14T05:10:41","date_gmt":"2023-11-14T05:10:41","guid":{"rendered":"https:\/\/elpajaritonews.com\/?p=53940"},"modified":"2023-11-14T05:10:45","modified_gmt":"2023-11-14T05:10:45","slug":"trabajamos-a-paso-firme-junto-al-presidente-lopez-obrador-por-derechos-de-los-pueblos-yaquis-alfonso-durazo","status":"publish","type":"post","link":"https:\/\/elpajaritonews.com\/?p=53940","title":{"rendered":"TRABAJAMOS A PASO FIRME JUNTO AL PRESIDENTE L\u00d3PEZ OBRADOR POR DERECHOS DE LOS PUEBLOS YAQUIS: ALFONSO DURAZO"},"content":{"rendered":"<p>Hu\u00edrivis, municipio de Guaymas, Sonora; 13 de noviembre de 2023.- Continuar con el legado hist\u00f3rico del presidente Andr\u00e9s Manuel L\u00f3pez Obrador, para la restituci\u00f3n de los derechos de los pueblos ind\u00edgenas de Sonora, particularmente, con la etnia yaqui, es uno de los compromisos que refrend\u00f3 el gobernador Alfonso Durazo Monta\u00f1o, durante la gira presidencial en la que se llev\u00f3 a cabo una reuni\u00f3n con autoridades tradicionales para presentar una evaluaci\u00f3n a los avances del Plan de Justicia Yaqui.<\/p>\n<p><img loading=\"lazy\" decoding=\"async\" class=\"alignnone wp-image-53942\" src=\"https:\/\/elpajaritonews.com\/wp-content\/uploads\/2023\/11\/d8377db3-6b29-4860-8bf5-66dcca2d15ee-300x199.jpg\" alt=\"\" width=\"537\" height=\"356\" srcset=\"https:\/\/elpajaritonews.com\/wp-content\/uploads\/2023\/11\/d8377db3-6b29-4860-8bf5-66dcca2d15ee-300x199.jpg 300w, https:\/\/elpajaritonews.com\/wp-content\/uploads\/2023\/11\/d8377db3-6b29-4860-8bf5-66dcca2d15ee-1024x681.jpg 1024w, https:\/\/elpajaritonews.com\/wp-content\/uploads\/2023\/11\/d8377db3-6b29-4860-8bf5-66dcca2d15ee-768x511.jpg 768w, https:\/\/elpajaritonews.com\/wp-content\/uploads\/2023\/11\/d8377db3-6b29-4860-8bf5-66dcca2d15ee-632x420.jpg 632w, https:\/\/elpajaritonews.com\/wp-content\/uploads\/2023\/11\/d8377db3-6b29-4860-8bf5-66dcca2d15ee-640x426.jpg 640w, https:\/\/elpajaritonews.com\/wp-content\/uploads\/2023\/11\/d8377db3-6b29-4860-8bf5-66dcca2d15ee-681x453.jpg 681w, https:\/\/elpajaritonews.com\/wp-content\/uploads\/2023\/11\/d8377db3-6b29-4860-8bf5-66dcca2d15ee.jpg 1280w\" sizes=\"auto, (max-width: 537px) 100vw, 537px\" \/><\/p>\n<p>El titular del Ejecutivo estatal, expres\u00f3 que, la visita del presidente tiene una connotaci\u00f3n especial porque ratifica su legado por la restituci\u00f3n de los derechos de la etnia yaqui y atenci\u00f3n a sus demandas leg\u00edtimas de justicia y bienestar en los temas de agua, tierra, certeza jur\u00eddica y programas sociales, bajo la premisa de democratizaci\u00f3n a ras de suelo junto a los pueblos originarios.<\/p>\n<p><img loading=\"lazy\" decoding=\"async\" class=\"alignnone wp-image-53943\" src=\"https:\/\/elpajaritonews.com\/wp-content\/uploads\/2023\/11\/0dfac822-a37e-4da2-b90a-529ebf8eca10-300x199.jpg\" alt=\"\" width=\"532\" height=\"353\" srcset=\"https:\/\/elpajaritonews.com\/wp-content\/uploads\/2023\/11\/0dfac822-a37e-4da2-b90a-529ebf8eca10-300x199.jpg 300w, https:\/\/elpajaritonews.com\/wp-content\/uploads\/2023\/11\/0dfac822-a37e-4da2-b90a-529ebf8eca10-1024x681.jpg 1024w, https:\/\/elpajaritonews.com\/wp-content\/uploads\/2023\/11\/0dfac822-a37e-4da2-b90a-529ebf8eca10-768x511.jpg 768w, https:\/\/elpajaritonews.com\/wp-content\/uploads\/2023\/11\/0dfac822-a37e-4da2-b90a-529ebf8eca10-632x420.jpg 632w, https:\/\/elpajaritonews.com\/wp-content\/uploads\/2023\/11\/0dfac822-a37e-4da2-b90a-529ebf8eca10-640x426.jpg 640w, https:\/\/elpajaritonews.com\/wp-content\/uploads\/2023\/11\/0dfac822-a37e-4da2-b90a-529ebf8eca10-681x453.jpg 681w, https:\/\/elpajaritonews.com\/wp-content\/uploads\/2023\/11\/0dfac822-a37e-4da2-b90a-529ebf8eca10.jpg 1280w\" sizes=\"auto, (max-width: 532px) 100vw, 532px\" \/><\/p>\n<p>\u201cEs hasta ahora que luego de los actos de L\u00e1zaro C\u00e1rdenas, se vuelve a sentar ante ellos la justicia a trav\u00e9s del Plan de Justicia Yaqui; en esta tierra marcada por una historia de resistencia ante el avance de una modernidad excluyente que no tomaba en cuenta la preservaci\u00f3n de su identidad ni un presente aut\u00f3nomo para los ocho pueblos, su legado se significa por atender las reivindicaciones de la comunidad\u201d, enfatiz\u00f3.<\/p>\n<p><img loading=\"lazy\" decoding=\"async\" class=\"alignnone wp-image-53944\" src=\"https:\/\/elpajaritonews.com\/wp-content\/uploads\/2023\/11\/16260378-a2f0-4014-8608-53e9f080f46a-300x200.jpg\" alt=\"\" width=\"536\" height=\"357\" srcset=\"https:\/\/elpajaritonews.com\/wp-content\/uploads\/2023\/11\/16260378-a2f0-4014-8608-53e9f080f46a-300x200.jpg 300w, https:\/\/elpajaritonews.com\/wp-content\/uploads\/2023\/11\/16260378-a2f0-4014-8608-53e9f080f46a-1024x684.jpg 1024w, https:\/\/elpajaritonews.com\/wp-content\/uploads\/2023\/11\/16260378-a2f0-4014-8608-53e9f080f46a-768x513.jpg 768w, https:\/\/elpajaritonews.com\/wp-content\/uploads\/2023\/11\/16260378-a2f0-4014-8608-53e9f080f46a-629x420.jpg 629w, https:\/\/elpajaritonews.com\/wp-content\/uploads\/2023\/11\/16260378-a2f0-4014-8608-53e9f080f46a-640x428.jpg 640w, https:\/\/elpajaritonews.com\/wp-content\/uploads\/2023\/11\/16260378-a2f0-4014-8608-53e9f080f46a-681x455.jpg 681w, https:\/\/elpajaritonews.com\/wp-content\/uploads\/2023\/11\/16260378-a2f0-4014-8608-53e9f080f46a.jpg 1280w\" sizes=\"auto, (max-width: 536px) 100vw, 536px\" \/><\/p>\n<p>Durante la reuni\u00f3n de evaluaci\u00f3n con las autoridades yaquis, se present\u00f3 un avance del 80 por ciento de los 20 acuerdos del Plan de Justicia Yaqui, con una inversi\u00f3n total de 15 mil 441 millones de pesos, en la que destacan la restituci\u00f3n de 32 mil 141 hect\u00e1reas de tierra, caminos artesanales, comedores de la ni\u00f1ez ind\u00edgena, bancos del bienestar, apoyos de agricultura, pesca y artesan\u00eda.<\/p>\n<p><img loading=\"lazy\" decoding=\"async\" class=\"alignnone wp-image-53945\" src=\"https:\/\/elpajaritonews.com\/wp-content\/uploads\/2023\/11\/a98a0bb1-6ede-4928-9612-e7433b62ab71-300x201.jpg\" alt=\"\" width=\"528\" height=\"354\" srcset=\"https:\/\/elpajaritonews.com\/wp-content\/uploads\/2023\/11\/a98a0bb1-6ede-4928-9612-e7433b62ab71-300x201.jpg 300w, https:\/\/elpajaritonews.com\/wp-content\/uploads\/2023\/11\/a98a0bb1-6ede-4928-9612-e7433b62ab71-1024x685.jpg 1024w, https:\/\/elpajaritonews.com\/wp-content\/uploads\/2023\/11\/a98a0bb1-6ede-4928-9612-e7433b62ab71-768x514.jpg 768w, https:\/\/elpajaritonews.com\/wp-content\/uploads\/2023\/11\/a98a0bb1-6ede-4928-9612-e7433b62ab71-628x420.jpg 628w, https:\/\/elpajaritonews.com\/wp-content\/uploads\/2023\/11\/a98a0bb1-6ede-4928-9612-e7433b62ab71-537x360.jpg 537w, https:\/\/elpajaritonews.com\/wp-content\/uploads\/2023\/11\/a98a0bb1-6ede-4928-9612-e7433b62ab71-640x428.jpg 640w, https:\/\/elpajaritonews.com\/wp-content\/uploads\/2023\/11\/a98a0bb1-6ede-4928-9612-e7433b62ab71-681x455.jpg 681w, https:\/\/elpajaritonews.com\/wp-content\/uploads\/2023\/11\/a98a0bb1-6ede-4928-9612-e7433b62ab71.jpg 1280w\" sizes=\"auto, (max-width: 528px) 100vw, 528px\" \/><\/p>\n<p>El presidente Andr\u00e9s Manuel L\u00f3pez Obrador, llev\u00f3 a cabo la entrega de los objetos sagrados de Masocoba, devueltos por el gobierno de Suecia, a los gobernadores tradicionales Yaquis y se comprometi\u00f3 a dar celeridad a los temas pendientes del Plan de Justicia, que son la construcci\u00f3n del Acueducto Yaqui para llevar agua a todos los pueblos y la transferencia de la titularidad del Distrito de Riego 018, hecho in\u00e9dito en el pa\u00eds, la construcci\u00f3n del hospital rural en V\u00edcam, programas sociales, vivienda y electrificaci\u00f3n.<\/p>\n<div style=\"width: 640px;\" class=\"wp-video\"><video class=\"wp-video-shortcode\" id=\"video-53940-1\" width=\"640\" height=\"362\" preload=\"metadata\" controls=\"controls\"><source type=\"video\/mp4\" src=\"https:\/\/elpajaritonews.com\/wp-content\/uploads\/2023\/11\/1.mp4?_=1\" \/><a href=\"https:\/\/elpajaritonews.com\/wp-content\/uploads\/2023\/11\/1.mp4\">https:\/\/elpajaritonews.com\/wp-content\/uploads\/2023\/11\/1.mp4<\/a><\/video><\/div>\n<p>\u201cHay que avanzar m\u00e1s para terminar el hospital para agosto, hay que avanzar en todo lo que tiene que ver con desarrollo urbano, vivienda, con los caminos, con la electrificaci\u00f3n, en fin, terminar todo. Yo vendr\u00eda todav\u00eda tres veces m\u00e1s, a finales de febrero, regreso el d\u00eda 9 de junio y antes de irme, que me voy a finales de septiembre, vuelvo a estar con ustedes\u201d, apunt\u00f3.<\/p>\n","protected":false},"excerpt":{"rendered":"<p>Hu\u00edrivis, municipio de Guaymas, Sonora; 13 de noviembre de 2023.- Continuar con el legado hist\u00f3rico del presidente Andr\u00e9s Manuel L\u00f3pez Obrador, para la restituci\u00f3n de los derechos de los pueblos ind\u00edgenas de Sonora, particularmente, con la etnia yaqui, es uno de los compromisos que refrend\u00f3 el gobernador Alfonso Durazo Monta\u00f1o, durante la gira presidencial en&#8230;<\/p>\n","protected":false},"author":2,"featured_media":53941,"comment_status":"closed","ping_status":"closed","sticky":false,"template":"","format":"standard","meta":{"_crdt_document":"","_exactmetrics_skip_tracking":false,"_exactmetrics_sitenote_active":false,"_exactmetrics_sitenote_note":"","_exactmetrics_sitenote_category":0,"footnotes":""},"categories":[23,31,27],"tags":[],"class_list":["post-53940","post","type-post","status-publish","format-standard","has-post-thumbnail","hentry","category-mexico","category-politica","category-sonora"],"_links":{"self":[{"href":"https:\/\/elpajaritonews.com\/index.php?rest_route=\/wp\/v2\/posts\/53940","targetHints":{"allow":["GET"]}}],"collection":[{"href":"https:\/\/elpajaritonews.com\/index.php?rest_route=\/wp\/v2\/posts"}],"about":[{"href":"https:\/\/elpajaritonews.com\/index.php?rest_route=\/wp\/v2\/types\/post"}],"author":[{"embeddable":true,"href":"https:\/\/elpajaritonews.com\/index.php?rest_route=\/wp\/v2\/users\/2"}],"replies":[{"embeddable":true,"href":"https:\/\/elpajaritonews.com\/index.php?rest_route=%2Fwp%2Fv2%2Fcomments&post=53940"}],"version-history":[{"count":1,"href":"https:\/\/elpajaritonews.com\/index.php?rest_route=\/wp\/v2\/posts\/53940\/revisions"}],"predecessor-version":[{"id":53947,"href":"https:\/\/elpajaritonews.com\/index.php?rest_route=\/wp\/v2\/posts\/53940\/revisions\/53947"}],"wp:featuredmedia":[{"embeddable":true,"href":"https:\/\/elpajaritonews.com\/index.php?rest_route=\/wp\/v2\/media\/53941"}],"wp:attachment":[{"href":"https:\/\/elpajaritonews.com\/index.php?rest_route=%2Fwp%2Fv2%2Fmedia&parent=53940"}],"wp:term":[{"taxonomy":"category","embeddable":true,"href":"https:\/\/elpajaritonews.com\/index.php?rest_route=%2Fwp%2Fv2%2Fcategories&post=53940"},{"taxonomy":"post_tag","embeddable":true,"href":"https:\/\/elpajaritonews.com\/index.php?rest_route=%2Fwp%2Fv2%2Ftags&post=53940"}],"curies":[{"name":"wp","href":"https:\/\/api.w.org\/{rel}","templated":true}]}}