{"id":53958,"date":"2023-11-15T22:31:22","date_gmt":"2023-11-15T22:31:22","guid":{"rendered":"https:\/\/elpajaritonews.com\/?p=53958"},"modified":"2023-11-15T22:31:50","modified_gmt":"2023-11-15T22:31:50","slug":"formara-uuh-a-mediador-comunitario","status":"publish","type":"post","link":"https:\/\/elpajaritonews.com\/?p=53958","title":{"rendered":"FORMAR\u00c1 UUH A \u00abMEDIADOR COMUNITARIO\u00bb"},"content":{"rendered":"<p>Alejandro Matty Ortega\/Irreverente Noticias<\/p>\n<p>&nbsp;<\/p>\n<p>Ciudad de M\u00e9xico (IN).- La Uni\u00f3n de Usuarios de Hermosillo y Sonora present\u00f3 en el Congreso Mundial y Nacional de Mediaci\u00f3n la figura del \u00abMediador Comunitario\u00bb.<\/p>\n<p>&nbsp;<\/p>\n<p>En entrevista exclusiva este jueves 15 de noviembre con este medio binacional IRREVERENTE NOTICIAS, Ignacio Peinado Luna revela que este proyecto formar\u00e1 ciudadanos participativos y comprometidos con el bien com\u00fan y el bienestar de todos.<\/p>\n<p>&nbsp;<\/p>\n<p>Expresa que \u00abla UUH formar\u00e1 cuadros ciudadanos comprometidos con las causas comunes para mediar ante las autoridades y contar con mejores servicios p\u00fablicos y una mejor calidad de vida para todas y todos en los barrios, colonias y periferias.<\/p>\n<p>&nbsp;<\/p>\n<p>Peinado Luna agrega que \u00abse ha presentado el proyecto en el marco del Congreso Mundial de Mediaci\u00f3n celebrado la semana pasada en Quer\u00e9taro\u00bb.<\/p>\n<p>&nbsp;<\/p>\n<p>Apunta adem\u00e1s que \u00abMediador Comunitario es un proyecto que aspira a organizar a todos los usuarios en los barrios, en las colonias, en las periferias para ser ese medio tan indispensable hacia la Uni\u00f3n y hacia las autoridades\u00bb.<\/p>\n<p>&nbsp;<\/p>\n<p>Lo anterior, \u00abpara incidir positivamente en los servicios y que eso se traduzca en mejor calidad de vida para todas las personas y sobre todo, organizar a los usuarios\u00bb.<\/p>\n<p>&nbsp;<\/p>\n<p>Es importante, dijo, \u00abprovocar la participaci\u00f3n consciente de organizarnos para los temas comunes de nuestra comunidad y es justamente el Mediador Comunitario\u00bb.<\/p>\n<p>&nbsp;<\/p>\n<p>Pretende \u00abdarle una formaci\u00f3n muy precisa para ser ese pacificador, ese instrumento de sus vecinos, de su colonia, ante la Uni\u00f3n y ante las autoridades\u00bb.<\/p>\n<p>&nbsp;<\/p>\n<p>De esta manera, \u00abse tendr\u00e1n mejores espacios, mejores servicios p\u00fablicos para todas y todos en nuestra comunidad\u00bb.<\/p>\n<p><img loading=\"lazy\" decoding=\"async\" class=\"alignnone wp-image-53960\" src=\"https:\/\/elpajaritonews.com\/wp-content\/uploads\/2023\/11\/84f39215-c265-416d-a017-e4accfa7a4f8-300x225.jpg\" alt=\"\" width=\"556\" height=\"417\" srcset=\"https:\/\/elpajaritonews.com\/wp-content\/uploads\/2023\/11\/84f39215-c265-416d-a017-e4accfa7a4f8-300x225.jpg 300w, https:\/\/elpajaritonews.com\/wp-content\/uploads\/2023\/11\/84f39215-c265-416d-a017-e4accfa7a4f8-768x576.jpg 768w, https:\/\/elpajaritonews.com\/wp-content\/uploads\/2023\/11\/84f39215-c265-416d-a017-e4accfa7a4f8-560x420.jpg 560w, https:\/\/elpajaritonews.com\/wp-content\/uploads\/2023\/11\/84f39215-c265-416d-a017-e4accfa7a4f8-80x60.jpg 80w, https:\/\/elpajaritonews.com\/wp-content\/uploads\/2023\/11\/84f39215-c265-416d-a017-e4accfa7a4f8-100x75.jpg 100w, https:\/\/elpajaritonews.com\/wp-content\/uploads\/2023\/11\/84f39215-c265-416d-a017-e4accfa7a4f8-180x135.jpg 180w, https:\/\/elpajaritonews.com\/wp-content\/uploads\/2023\/11\/84f39215-c265-416d-a017-e4accfa7a4f8-238x178.jpg 238w, https:\/\/elpajaritonews.com\/wp-content\/uploads\/2023\/11\/84f39215-c265-416d-a017-e4accfa7a4f8-640x480.jpg 640w, https:\/\/elpajaritonews.com\/wp-content\/uploads\/2023\/11\/84f39215-c265-416d-a017-e4accfa7a4f8-681x511.jpg 681w, https:\/\/elpajaritonews.com\/wp-content\/uploads\/2023\/11\/84f39215-c265-416d-a017-e4accfa7a4f8.jpg 960w\" sizes=\"auto, (max-width: 556px) 100vw, 556px\" \/><\/p>\n<p>Destaca la importancia de la participaci\u00f3n ciudadana activa para impulsar este proyecto de la Uni\u00f3n de Usuarios\u00a0 de Hermosillo que fue presentado en el Congreso Mundial y Nacional de Medici\u00f3n la semana pasada.<\/p>\n<p>&nbsp;<\/p>\n<p>Expresa que en la medida del compromiso social, se contar\u00e1 con mejores servicios p\u00fablicos que vendr\u00e1n a mejorar la calidad de vida de todos, sobre todo de los grupos vulnerables de Hermosillo, Sonora y M\u00e9xico.<\/p>\n<p>&nbsp;<\/p>\n<p>Nacho Peinado adelanta al reportero que la pr\u00f3xima semana la Uni\u00f3n de Usuarios continuar\u00e1 con la ampliaci\u00f3n de cobertura de servicios en Sonora.<\/p>\n<p>&nbsp;<\/p>\n<p>Previamente, se consolid\u00f3 la Uni\u00f3n de Usuarios de Nogales y Cananea, ahora seguir\u00e1 la creaci\u00f3n de la Uni\u00f3n de Usuarios de Guaymas gracias al inter\u00e9s de los ciudadanos en sumarse a la lucha social en Sonora.<\/p>\n<p>&nbsp;<\/p>\n<p>El l\u00edder de la Uni\u00f3n de Usuarios de Sonora celebra que cada d\u00eda son m\u00e1s los sonorenses interesados en participar en acciones encaminadas al bien com\u00fan y mejorar la calidad de vida de todas y todos.<\/p>\n","protected":false},"excerpt":{"rendered":"<p>Alejandro Matty Ortega\/Irreverente Noticias &nbsp; Ciudad de M\u00e9xico (IN).- La Uni\u00f3n de Usuarios de Hermosillo y Sonora present\u00f3 en el Congreso Mundial y Nacional de Mediaci\u00f3n la figura del \u00abMediador Comunitario\u00bb. &nbsp; En entrevista exclusiva este jueves 15 de noviembre con este medio binacional IRREVERENTE NOTICIAS, Ignacio Peinado Luna revela que este proyecto formar\u00e1 ciudadanos&#8230;<\/p>\n","protected":false},"author":2,"featured_media":53959,"comment_status":"closed","ping_status":"closed","sticky":false,"template":"","format":"standard","meta":{"_crdt_document":"","_exactmetrics_skip_tracking":false,"_exactmetrics_sitenote_active":false,"_exactmetrics_sitenote_note":"","_exactmetrics_sitenote_category":0,"footnotes":""},"categories":[36,26,19,31,1,27],"tags":[28,29,30],"class_list":["post-53958","post","type-post","status-publish","format-standard","has-post-thumbnail","hentry","category-economia","category-local","category-opinion","category-politica","category-seguridad","category-sonora","tag-nogales","tag-nogales-la-gran-frontera","tag-sonora-tierra-de-oportunidades"],"_links":{"self":[{"href":"https:\/\/elpajaritonews.com\/index.php?rest_route=\/wp\/v2\/posts\/53958","targetHints":{"allow":["GET"]}}],"collection":[{"href":"https:\/\/elpajaritonews.com\/index.php?rest_route=\/wp\/v2\/posts"}],"about":[{"href":"https:\/\/elpajaritonews.com\/index.php?rest_route=\/wp\/v2\/types\/post"}],"author":[{"embeddable":true,"href":"https:\/\/elpajaritonews.com\/index.php?rest_route=\/wp\/v2\/users\/2"}],"replies":[{"embeddable":true,"href":"https:\/\/elpajaritonews.com\/index.php?rest_route=%2Fwp%2Fv2%2Fcomments&post=53958"}],"version-history":[{"count":2,"href":"https:\/\/elpajaritonews.com\/index.php?rest_route=\/wp\/v2\/posts\/53958\/revisions"}],"predecessor-version":[{"id":53962,"href":"https:\/\/elpajaritonews.com\/index.php?rest_route=\/wp\/v2\/posts\/53958\/revisions\/53962"}],"wp:featuredmedia":[{"embeddable":true,"href":"https:\/\/elpajaritonews.com\/index.php?rest_route=\/wp\/v2\/media\/53959"}],"wp:attachment":[{"href":"https:\/\/elpajaritonews.com\/index.php?rest_route=%2Fwp%2Fv2%2Fmedia&parent=53958"}],"wp:term":[{"taxonomy":"category","embeddable":true,"href":"https:\/\/elpajaritonews.com\/index.php?rest_route=%2Fwp%2Fv2%2Fcategories&post=53958"},{"taxonomy":"post_tag","embeddable":true,"href":"https:\/\/elpajaritonews.com\/index.php?rest_route=%2Fwp%2Fv2%2Ftags&post=53958"}],"curies":[{"name":"wp","href":"https:\/\/api.w.org\/{rel}","templated":true}]}}