{"id":53963,"date":"2023-11-15T22:36:47","date_gmt":"2023-11-15T22:36:47","guid":{"rendered":"https:\/\/elpajaritonews.com\/?p=53963"},"modified":"2023-11-15T22:36:47","modified_gmt":"2023-11-15T22:36:47","slug":"vencimos-a-cfe-sonora-peinado","status":"publish","type":"post","link":"https:\/\/elpajaritonews.com\/?p=53963","title":{"rendered":"\u00abVENCIMOS A CFE SONORA\u00bb: PEINADO"},"content":{"rendered":"<p>Alejandro Matty Ortega\/Irreverente Noticias<\/p>\n<p>&nbsp;<\/p>\n<p>Hermosillo, Sonora (IN).- \u00abEn la lucha por la justicia social contra los abusos y excesivos cobros de energ\u00eda el\u00e9ctrica, vencimos a la CFE en la calle y en los tribunales en Sonora\u00bb, asever\u00f3 Ignacio Peinado Luna.<\/p>\n<p>&nbsp;<\/p>\n<p>En entrevista para IRREVERENTE NOTICIAS, el l\u00edder de la Union de Usuarios de Hermosillo y Sonora celebra que los tribunales federales concedieron la raz\u00f3n a la defensa de los derechos humanos de los usuarios de la Comisi\u00f3n Federal de Electricidad en Sonora.<\/p>\n<p>&nbsp;<\/p>\n<p>La v\u00edspera, Peinado Luna dijo que \u00absi en esto dejamos la vida misma, la dejamos\u00bb.<\/p>\n<p>&nbsp;<\/p>\n<p>Lo anterior, luego de denunciar persecuci\u00f3n y hostigamiento de CFE por las protestas de la UUH realizadas en el 2022.<\/p>\n<p>&nbsp;<\/p>\n<p>Ello por las denuncias presentadas ante la Fiscal\u00eda General de la Rep\u00fablica por los plantones realizados por la Uni\u00f3n de Usuarios de Hermosillo el a\u00f1o pasado.<\/p>\n<p>&nbsp;<\/p>\n<p>Peinado Luna afirm\u00f3 que \u00absi es preciso estar en prisi\u00f3n, no tenemos ning\u00fan inconveniente\u00bb.<\/p>\n<p>&nbsp;<\/p>\n<p>Reiter\u00f3 que \u00abdonde nos encontremos, vamos a seguir elevando la voz, de \u00abde nuestra parte, no hay titubeo, si en esto dejamos la vida misma, la dejamos\u00bb.<\/p>\n<p>&nbsp;<\/p>\n<p>Ello \u00abante la persecuci\u00f3n sistem\u00e1tica de la que hemos sido objeto los ciudadanos y su servidor\u00bb.<\/p>\n<p>&nbsp;<\/p>\n<p>Lament\u00f3 que luego de que la FGR determinara que no hay delito qu\u00e9 perseguir, la CFE impugn\u00f3 la resoluci\u00f3n para da\u00f1ar y erradicar la lucha social contra las altas tarifas de energ\u00eda el\u00e9ctrica en Sonora.<\/p>\n<p>&nbsp;<\/p>\n<p>La acusaci\u00f3n de la CFE es por sabotaje y delitos contra el consumo y la riqueza nacional contra Ignacio Peinado y varios usuarios manifestantes de Hermosillo.<\/p>\n<p><img loading=\"lazy\" decoding=\"async\" class=\"alignnone  wp-image-53965\" src=\"https:\/\/elpajaritonews.com\/wp-content\/uploads\/2023\/11\/679fba10-423c-457c-b722-609dc5f87217-1-300x207.jpg\" alt=\"\" width=\"539\" height=\"372\" srcset=\"https:\/\/elpajaritonews.com\/wp-content\/uploads\/2023\/11\/679fba10-423c-457c-b722-609dc5f87217-1-300x207.jpg 300w, https:\/\/elpajaritonews.com\/wp-content\/uploads\/2023\/11\/679fba10-423c-457c-b722-609dc5f87217-1.jpg 428w\" sizes=\"auto, (max-width: 539px) 100vw, 539px\" \/><\/p>\n<p>Dijo que \u00abpor la v\u00eda jur\u00eddica, desde el a\u00f1o pasado se ha dado la batalla por nuestra defensa, luego de que se nos imputaran delitos por las manifestaciones del a\u00f1o pasado\u00bb.<\/p>\n<p>&nbsp;<\/p>\n<p>Sin embargo, \u00abya que la FGR determin\u00f3 que no hab\u00eda delitos qu\u00e9 perseguir, a principios de agosto la CFE impugna sobre este resultado\u201c.<\/p>\n<p>&nbsp;<\/p>\n<p>De ah\u00ed se deriva la escalada de persecuciones y hostigamientos de los directivos y gerentes de la CFE Sonora.<\/p>\n","protected":false},"excerpt":{"rendered":"<p>Alejandro Matty Ortega\/Irreverente Noticias &nbsp; Hermosillo, Sonora (IN).- \u00abEn la lucha por la justicia social contra los abusos y excesivos cobros de energ\u00eda el\u00e9ctrica, vencimos a la CFE en la calle y en los tribunales en Sonora\u00bb, asever\u00f3 Ignacio Peinado Luna. &nbsp; En entrevista para IRREVERENTE NOTICIAS, el l\u00edder de la Union de Usuarios de&#8230;<\/p>\n","protected":false},"author":2,"featured_media":53964,"comment_status":"closed","ping_status":"closed","sticky":false,"template":"","format":"standard","meta":{"_crdt_document":"","_exactmetrics_skip_tracking":false,"_exactmetrics_sitenote_active":false,"_exactmetrics_sitenote_note":"","_exactmetrics_sitenote_category":0,"footnotes":""},"categories":[36,26,23,19,31,1,27],"tags":[],"class_list":["post-53963","post","type-post","status-publish","format-standard","has-post-thumbnail","hentry","category-economia","category-local","category-mexico","category-opinion","category-politica","category-seguridad","category-sonora"],"_links":{"self":[{"href":"https:\/\/elpajaritonews.com\/index.php?rest_route=\/wp\/v2\/posts\/53963","targetHints":{"allow":["GET"]}}],"collection":[{"href":"https:\/\/elpajaritonews.com\/index.php?rest_route=\/wp\/v2\/posts"}],"about":[{"href":"https:\/\/elpajaritonews.com\/index.php?rest_route=\/wp\/v2\/types\/post"}],"author":[{"embeddable":true,"href":"https:\/\/elpajaritonews.com\/index.php?rest_route=\/wp\/v2\/users\/2"}],"replies":[{"embeddable":true,"href":"https:\/\/elpajaritonews.com\/index.php?rest_route=%2Fwp%2Fv2%2Fcomments&post=53963"}],"version-history":[{"count":1,"href":"https:\/\/elpajaritonews.com\/index.php?rest_route=\/wp\/v2\/posts\/53963\/revisions"}],"predecessor-version":[{"id":53966,"href":"https:\/\/elpajaritonews.com\/index.php?rest_route=\/wp\/v2\/posts\/53963\/revisions\/53966"}],"wp:featuredmedia":[{"embeddable":true,"href":"https:\/\/elpajaritonews.com\/index.php?rest_route=\/wp\/v2\/media\/53964"}],"wp:attachment":[{"href":"https:\/\/elpajaritonews.com\/index.php?rest_route=%2Fwp%2Fv2%2Fmedia&parent=53963"}],"wp:term":[{"taxonomy":"category","embeddable":true,"href":"https:\/\/elpajaritonews.com\/index.php?rest_route=%2Fwp%2Fv2%2Fcategories&post=53963"},{"taxonomy":"post_tag","embeddable":true,"href":"https:\/\/elpajaritonews.com\/index.php?rest_route=%2Fwp%2Fv2%2Ftags&post=53963"}],"curies":[{"name":"wp","href":"https:\/\/api.w.org\/{rel}","templated":true}]}}