{"id":53968,"date":"2023-11-17T02:41:58","date_gmt":"2023-11-17T02:41:58","guid":{"rendered":"https:\/\/elpajaritonews.com\/?p=53968"},"modified":"2023-11-17T02:41:58","modified_gmt":"2023-11-17T02:41:58","slug":"exito-en-la-proyeccion-del-documental-un-sobreviviente-de-la-alemania-nazi-en-arizona-en-tucson-arizona","status":"publish","type":"post","link":"https:\/\/elpajaritonews.com\/?p=53968","title":{"rendered":"\u00c9XITO EN LA PROYECCI\u00d3N DEL DOCUMENTAL \u00abUN SOBREVIVIENTE DE LA ALEMANIA NAZI EN ARIZONA\u00bb EN TUCSON, ARIZONA"},"content":{"rendered":"<p>En una emotiva presentaci\u00f3n en la Galer\u00eda Leonora Carrington del Consulado General de los Estados Unidos Mexicanos en Tucson, Arizona, se llev\u00f3 a cabo la proyecci\u00f3n del documental \u00abUn Sobreviviente de la Alemania Nazi en Arizona. Creando Conexiones Educativas y Culturales con Sonora\u00bb. El evento fue un testimonio conmovedor de la vida de Mike Rohrbach, un ciudadano distinguido de Tucson y sobreviviente del Holocausto.<\/p>\n<p><img loading=\"lazy\" decoding=\"async\" class=\"alignnone  wp-image-53970\" src=\"https:\/\/elpajaritonews.com\/wp-content\/uploads\/2023\/11\/a447a79c-7923-46a0-a18e-33b6ce488221-225x300.jpg\" alt=\"\" width=\"575\" height=\"767\" srcset=\"https:\/\/elpajaritonews.com\/wp-content\/uploads\/2023\/11\/a447a79c-7923-46a0-a18e-33b6ce488221-225x300.jpg 225w, https:\/\/elpajaritonews.com\/wp-content\/uploads\/2023\/11\/a447a79c-7923-46a0-a18e-33b6ce488221-768x1024.jpg 768w, https:\/\/elpajaritonews.com\/wp-content\/uploads\/2023\/11\/a447a79c-7923-46a0-a18e-33b6ce488221-1152x1536.jpg 1152w, https:\/\/elpajaritonews.com\/wp-content\/uploads\/2023\/11\/a447a79c-7923-46a0-a18e-33b6ce488221-315x420.jpg 315w, https:\/\/elpajaritonews.com\/wp-content\/uploads\/2023\/11\/a447a79c-7923-46a0-a18e-33b6ce488221-640x853.jpg 640w, https:\/\/elpajaritonews.com\/wp-content\/uploads\/2023\/11\/a447a79c-7923-46a0-a18e-33b6ce488221-681x908.jpg 681w, https:\/\/elpajaritonews.com\/wp-content\/uploads\/2023\/11\/a447a79c-7923-46a0-a18e-33b6ce488221.jpg 1200w\" sizes=\"auto, (max-width: 575px) 100vw, 575px\" \/><\/p>\n<p>La periodista Isela Hong, quien dirigi\u00f3 el documental, junto con el productor y priodista Vinicio Sanchez quienes\u00a0 compartieron sus motivaciones personales para llevar a cabo este proyecto. Desde su adolescencia, Hong ha sentido un profundo inter\u00e9s por la historia, particularmente por la Alemania Nazi, Adolf Hitler y el Holocausto. El encuentro fortuito con Mike en 2019 durante un festival cultural en \u00c1lamos, Sonora, marc\u00f3 el comienzo de la fascinante historia que se presenta en este documental.<\/p>\n<p><img loading=\"lazy\" decoding=\"async\" class=\"alignnone  wp-image-53971\" src=\"https:\/\/elpajaritonews.com\/wp-content\/uploads\/2023\/11\/90878450-3bf6-43f8-86ce-a2804b249c41-300x225.jpg\" alt=\"\" width=\"579\" height=\"434\" srcset=\"https:\/\/elpajaritonews.com\/wp-content\/uploads\/2023\/11\/90878450-3bf6-43f8-86ce-a2804b249c41-300x225.jpg 300w, https:\/\/elpajaritonews.com\/wp-content\/uploads\/2023\/11\/90878450-3bf6-43f8-86ce-a2804b249c41-1024x768.jpg 1024w, https:\/\/elpajaritonews.com\/wp-content\/uploads\/2023\/11\/90878450-3bf6-43f8-86ce-a2804b249c41-768x576.jpg 768w, https:\/\/elpajaritonews.com\/wp-content\/uploads\/2023\/11\/90878450-3bf6-43f8-86ce-a2804b249c41-1536x1152.jpg 1536w, https:\/\/elpajaritonews.com\/wp-content\/uploads\/2023\/11\/90878450-3bf6-43f8-86ce-a2804b249c41-560x420.jpg 560w, https:\/\/elpajaritonews.com\/wp-content\/uploads\/2023\/11\/90878450-3bf6-43f8-86ce-a2804b249c41-80x60.jpg 80w, https:\/\/elpajaritonews.com\/wp-content\/uploads\/2023\/11\/90878450-3bf6-43f8-86ce-a2804b249c41-100x75.jpg 100w, https:\/\/elpajaritonews.com\/wp-content\/uploads\/2023\/11\/90878450-3bf6-43f8-86ce-a2804b249c41-180x135.jpg 180w, https:\/\/elpajaritonews.com\/wp-content\/uploads\/2023\/11\/90878450-3bf6-43f8-86ce-a2804b249c41-238x178.jpg 238w, https:\/\/elpajaritonews.com\/wp-content\/uploads\/2023\/11\/90878450-3bf6-43f8-86ce-a2804b249c41-640x480.jpg 640w, https:\/\/elpajaritonews.com\/wp-content\/uploads\/2023\/11\/90878450-3bf6-43f8-86ce-a2804b249c41-681x511.jpg 681w, https:\/\/elpajaritonews.com\/wp-content\/uploads\/2023\/11\/90878450-3bf6-43f8-86ce-a2804b249c41.jpg 1600w\" sizes=\"auto, (max-width: 579px) 100vw, 579px\" \/><\/p>\n<p>Mike Rohrbach, nacido en Alemania, es un testimonio viviente de los desaf\u00edos y las luchas de aquellos que huyeron de la Alemania Nazi. Aunque no fue v\u00edctima del Holocausto, sus padres tomaron la decisi\u00f3n valiente de dejar su pa\u00eds para garantizar la supervivencia de su familia. En Tucson, Arizona, Mike se ha convertido en un enlace cultural y educativo entre Sonora y Arizona, desempe\u00f1ando un papel fundamental en la promoci\u00f3n de programas de alfabetizaci\u00f3n digital y empoderamiento juvenil.<\/p>\n<p><img loading=\"lazy\" decoding=\"async\" class=\"alignnone  wp-image-53972\" src=\"https:\/\/elpajaritonews.com\/wp-content\/uploads\/2023\/11\/d0456672-aa27-4603-af34-15b87033bd92-225x300.jpg\" alt=\"\" width=\"559\" height=\"745\" srcset=\"https:\/\/elpajaritonews.com\/wp-content\/uploads\/2023\/11\/d0456672-aa27-4603-af34-15b87033bd92-225x300.jpg 225w, https:\/\/elpajaritonews.com\/wp-content\/uploads\/2023\/11\/d0456672-aa27-4603-af34-15b87033bd92-768x1024.jpg 768w, https:\/\/elpajaritonews.com\/wp-content\/uploads\/2023\/11\/d0456672-aa27-4603-af34-15b87033bd92-1152x1536.jpg 1152w, https:\/\/elpajaritonews.com\/wp-content\/uploads\/2023\/11\/d0456672-aa27-4603-af34-15b87033bd92-315x420.jpg 315w, https:\/\/elpajaritonews.com\/wp-content\/uploads\/2023\/11\/d0456672-aa27-4603-af34-15b87033bd92-640x853.jpg 640w, https:\/\/elpajaritonews.com\/wp-content\/uploads\/2023\/11\/d0456672-aa27-4603-af34-15b87033bd92-681x908.jpg 681w, https:\/\/elpajaritonews.com\/wp-content\/uploads\/2023\/11\/d0456672-aa27-4603-af34-15b87033bd92.jpg 1200w\" sizes=\"auto, (max-width: 559px) 100vw, 559px\" \/><\/p>\n<p>Las palabras de Mike durante la presentaci\u00f3n reflejaron su gratitud y emoci\u00f3n por el reconocimiento recibido. Agradeci\u00f3 especialmente al C\u00f3nsul de M\u00e9xico en Tucson por brindarle esta oportunidad \u00fanica.<\/p>\n<p><img loading=\"lazy\" decoding=\"async\" class=\"alignnone  wp-image-53973\" src=\"https:\/\/elpajaritonews.com\/wp-content\/uploads\/2023\/11\/f1ea3749-1b0a-4c53-ba64-f81593896719-225x300.jpg\" alt=\"\" width=\"583\" height=\"777\" srcset=\"https:\/\/elpajaritonews.com\/wp-content\/uploads\/2023\/11\/f1ea3749-1b0a-4c53-ba64-f81593896719-225x300.jpg 225w, https:\/\/elpajaritonews.com\/wp-content\/uploads\/2023\/11\/f1ea3749-1b0a-4c53-ba64-f81593896719-768x1024.jpg 768w, https:\/\/elpajaritonews.com\/wp-content\/uploads\/2023\/11\/f1ea3749-1b0a-4c53-ba64-f81593896719-1152x1536.jpg 1152w, https:\/\/elpajaritonews.com\/wp-content\/uploads\/2023\/11\/f1ea3749-1b0a-4c53-ba64-f81593896719-315x420.jpg 315w, https:\/\/elpajaritonews.com\/wp-content\/uploads\/2023\/11\/f1ea3749-1b0a-4c53-ba64-f81593896719-640x853.jpg 640w, https:\/\/elpajaritonews.com\/wp-content\/uploads\/2023\/11\/f1ea3749-1b0a-4c53-ba64-f81593896719-681x908.jpg 681w, https:\/\/elpajaritonews.com\/wp-content\/uploads\/2023\/11\/f1ea3749-1b0a-4c53-ba64-f81593896719.jpg 1200w\" sizes=\"auto, (max-width: 583px) 100vw, 583px\" \/><\/p>\n<p>El C\u00f3nsul Rafael Barcel\u00f3 Durazo tambi\u00e9n comparti\u00f3 unas palabras,\u00a0 \u201cSomos una tierra de oportunidades, aunque hay gente que nos ve como una gente de problemas, somos de oportunidades, el testimonio y la vida de Mike refleja mucho esas oportunidades que se dan cuando no tenemos miedo de cruzar fronteras\u201d, destacando la historia de Mike como un testimonio vivo de las oportunidades que ofrece la tierra de oportunidades que es Arizona, a pesar de los desaf\u00edos y estigmas que a veces enfrenta.<\/p>\n<p><img loading=\"lazy\" decoding=\"async\" class=\"alignnone  wp-image-53974\" src=\"https:\/\/elpajaritonews.com\/wp-content\/uploads\/2023\/11\/c414e5f3-65e0-4272-8b0e-c6ba25b4286e-225x300.jpg\" alt=\"\" width=\"555\" height=\"740\" srcset=\"https:\/\/elpajaritonews.com\/wp-content\/uploads\/2023\/11\/c414e5f3-65e0-4272-8b0e-c6ba25b4286e-225x300.jpg 225w, https:\/\/elpajaritonews.com\/wp-content\/uploads\/2023\/11\/c414e5f3-65e0-4272-8b0e-c6ba25b4286e-768x1024.jpg 768w, https:\/\/elpajaritonews.com\/wp-content\/uploads\/2023\/11\/c414e5f3-65e0-4272-8b0e-c6ba25b4286e-1152x1536.jpg 1152w, https:\/\/elpajaritonews.com\/wp-content\/uploads\/2023\/11\/c414e5f3-65e0-4272-8b0e-c6ba25b4286e-315x420.jpg 315w, https:\/\/elpajaritonews.com\/wp-content\/uploads\/2023\/11\/c414e5f3-65e0-4272-8b0e-c6ba25b4286e-640x853.jpg 640w, https:\/\/elpajaritonews.com\/wp-content\/uploads\/2023\/11\/c414e5f3-65e0-4272-8b0e-c6ba25b4286e-681x908.jpg 681w, https:\/\/elpajaritonews.com\/wp-content\/uploads\/2023\/11\/c414e5f3-65e0-4272-8b0e-c6ba25b4286e.jpg 1536w\" sizes=\"auto, (max-width: 555px) 100vw, 555px\" \/><\/p>\n<p>Bernardo Mendez Lugo, ex C\u00f3nsul Alterno de M\u00e9xico en Tucson, proporcion\u00f3 un testimonio en el que destac\u00f3 la modestia de Mike y su contribuci\u00f3n significativa al fortalecimiento de las relaciones educativas entre Arizona y Sonora.<\/p>\n<p><img loading=\"lazy\" decoding=\"async\" class=\"alignnone  wp-image-53975\" src=\"https:\/\/elpajaritonews.com\/wp-content\/uploads\/2023\/11\/d4b1603c-1341-426c-bc1f-df94c7d940dd-225x300.jpg\" alt=\"\" width=\"570\" height=\"760\" srcset=\"https:\/\/elpajaritonews.com\/wp-content\/uploads\/2023\/11\/d4b1603c-1341-426c-bc1f-df94c7d940dd-225x300.jpg 225w, https:\/\/elpajaritonews.com\/wp-content\/uploads\/2023\/11\/d4b1603c-1341-426c-bc1f-df94c7d940dd-768x1024.jpg 768w, https:\/\/elpajaritonews.com\/wp-content\/uploads\/2023\/11\/d4b1603c-1341-426c-bc1f-df94c7d940dd-1152x1536.jpg 1152w, https:\/\/elpajaritonews.com\/wp-content\/uploads\/2023\/11\/d4b1603c-1341-426c-bc1f-df94c7d940dd-315x420.jpg 315w, https:\/\/elpajaritonews.com\/wp-content\/uploads\/2023\/11\/d4b1603c-1341-426c-bc1f-df94c7d940dd-640x853.jpg 640w, https:\/\/elpajaritonews.com\/wp-content\/uploads\/2023\/11\/d4b1603c-1341-426c-bc1f-df94c7d940dd-681x908.jpg 681w, https:\/\/elpajaritonews.com\/wp-content\/uploads\/2023\/11\/d4b1603c-1341-426c-bc1f-df94c7d940dd.jpg 1200w\" sizes=\"auto, (max-width: 570px) 100vw, 570px\" \/><\/p>\n<p>El compromiso de Mike con la alfabetizaci\u00f3n digital y el empoderamiento juvenil fue elogiado por Lugo, quien se\u00f1al\u00f3 los esfuerzos continuos del sobreviviente del Holocausto para mejorar la educaci\u00f3n y la formaci\u00f3n de j\u00f3venes en ambos lados de la frontera.<\/p>\n<p><img loading=\"lazy\" decoding=\"async\" class=\"alignnone  wp-image-53976\" src=\"https:\/\/elpajaritonews.com\/wp-content\/uploads\/2023\/11\/IMAGEN-2-CORREGIDA-300x138.jpg\" alt=\"\" width=\"583\" height=\"268\" srcset=\"https:\/\/elpajaritonews.com\/wp-content\/uploads\/2023\/11\/IMAGEN-2-CORREGIDA-300x138.jpg 300w, https:\/\/elpajaritonews.com\/wp-content\/uploads\/2023\/11\/IMAGEN-2-CORREGIDA-768x353.jpg 768w, https:\/\/elpajaritonews.com\/wp-content\/uploads\/2023\/11\/IMAGEN-2-CORREGIDA-640x294.jpg 640w, https:\/\/elpajaritonews.com\/wp-content\/uploads\/2023\/11\/IMAGEN-2-CORREGIDA-681x313.jpg 681w, https:\/\/elpajaritonews.com\/wp-content\/uploads\/2023\/11\/IMAGEN-2-CORREGIDA.jpg 842w\" sizes=\"auto, (max-width: 583px) 100vw, 583px\" \/><\/p>\n<p>En su intervenci\u00f3n, Lina Bueno, periodista con tres d\u00e9cadas de experiencia, elogi\u00f3 el trabajo de Hong en la producci\u00f3n del documental. Destac\u00f3 la calidad human\u00edstica del proyecto y la dedicaci\u00f3n de Hong a lo largo de los a\u00f1os.<\/p>\n<p>&nbsp;<\/p>\n<p>La proyecci\u00f3n del documental no solo honr\u00f3 la vida de Mike Rohrbach sino que tambi\u00e9n sirvi\u00f3 como un recordatorio poderoso de las historias menos conocidas de aquellos que sobrevivieron a la Alemania Nazi y contribuyeron significativamente a sus comunidades de adopci\u00f3n.<\/p>\n<p>&nbsp;<\/p>\n<p>El consulado en Tucson Arizona, a trav\u00e9s de esta iniciativa cultural, ha fortalecido los lazos entre Arizona y Sonora, resaltando la importancia de la educaci\u00f3n y la conexi\u00f3n cultural en la construcci\u00f3n de un mundo m\u00e1s comprensivo y emp\u00e1tico.<\/p>\n<p>&nbsp;<\/p>\n<p>&nbsp;<\/p>\n<p>&nbsp;<\/p>\n","protected":false},"excerpt":{"rendered":"<p>En una emotiva presentaci\u00f3n en la Galer\u00eda Leonora Carrington del Consulado General de los Estados Unidos Mexicanos en Tucson, Arizona, se llev\u00f3 a cabo la proyecci\u00f3n del documental \u00abUn Sobreviviente de la Alemania Nazi en Arizona. Creando Conexiones Educativas y Culturales con Sonora\u00bb. El evento fue un testimonio conmovedor de la vida de Mike Rohrbach,&#8230;<\/p>\n","protected":false},"author":2,"featured_media":53969,"comment_status":"closed","ping_status":"closed","sticky":false,"template":"","format":"standard","meta":{"_crdt_document":"","_exactmetrics_skip_tracking":false,"_exactmetrics_sitenote_active":false,"_exactmetrics_sitenote_note":"","_exactmetrics_sitenote_category":0,"footnotes":""},"categories":[17,22,23,24,27],"tags":[28,29,30],"class_list":["post-53968","post","type-post","status-publish","format-standard","has-post-thumbnail","hentry","category-arizona","category-escena","category-mexico","category-mundo","category-sonora","tag-nogales","tag-nogales-la-gran-frontera","tag-sonora-tierra-de-oportunidades"],"_links":{"self":[{"href":"https:\/\/elpajaritonews.com\/index.php?rest_route=\/wp\/v2\/posts\/53968","targetHints":{"allow":["GET"]}}],"collection":[{"href":"https:\/\/elpajaritonews.com\/index.php?rest_route=\/wp\/v2\/posts"}],"about":[{"href":"https:\/\/elpajaritonews.com\/index.php?rest_route=\/wp\/v2\/types\/post"}],"author":[{"embeddable":true,"href":"https:\/\/elpajaritonews.com\/index.php?rest_route=\/wp\/v2\/users\/2"}],"replies":[{"embeddable":true,"href":"https:\/\/elpajaritonews.com\/index.php?rest_route=%2Fwp%2Fv2%2Fcomments&post=53968"}],"version-history":[{"count":1,"href":"https:\/\/elpajaritonews.com\/index.php?rest_route=\/wp\/v2\/posts\/53968\/revisions"}],"predecessor-version":[{"id":53977,"href":"https:\/\/elpajaritonews.com\/index.php?rest_route=\/wp\/v2\/posts\/53968\/revisions\/53977"}],"wp:featuredmedia":[{"embeddable":true,"href":"https:\/\/elpajaritonews.com\/index.php?rest_route=\/wp\/v2\/media\/53969"}],"wp:attachment":[{"href":"https:\/\/elpajaritonews.com\/index.php?rest_route=%2Fwp%2Fv2%2Fmedia&parent=53968"}],"wp:term":[{"taxonomy":"category","embeddable":true,"href":"https:\/\/elpajaritonews.com\/index.php?rest_route=%2Fwp%2Fv2%2Fcategories&post=53968"},{"taxonomy":"post_tag","embeddable":true,"href":"https:\/\/elpajaritonews.com\/index.php?rest_route=%2Fwp%2Fv2%2Ftags&post=53968"}],"curies":[{"name":"wp","href":"https:\/\/api.w.org\/{rel}","templated":true}]}}