{"id":53984,"date":"2023-11-17T19:45:38","date_gmt":"2023-11-17T19:45:38","guid":{"rendered":"https:\/\/elpajaritonews.com\/?p=53984"},"modified":"2023-11-17T19:45:38","modified_gmt":"2023-11-17T19:45:38","slug":"confirmado-claudia-sheinbaum-se-casa-con-jesus-tarriba","status":"publish","type":"post","link":"https:\/\/elpajaritonews.com\/?p=53984","title":{"rendered":"\u00a1CONFIRMADO! CLAUDIA SHEINBAUM SE CASA CON JES\u00daS TARRIBA"},"content":{"rendered":"<p>Publicado el noviembre 17, 2023 por Janny Barrera<\/p>\n<p>&nbsp;<\/p>\n<p>#\u00daltimoMomento Se nos cas\u00f3 \ud83d\udc8d\ud83d\udc92 la futura presidenta Claudia Sheinbaum Pardo con Jes\u00fas Mar\u00eda Tarriba sin aspavientos, en una ceremonia \u00edntima. As\u00ed lo anunci\u00f3 en la X.<\/p>\n<p><img loading=\"lazy\" decoding=\"async\" class=\"alignnone  wp-image-53986\" src=\"https:\/\/elpajaritonews.com\/wp-content\/uploads\/2023\/11\/img_9295-1-172x300.webp\" alt=\"\" width=\"572\" height=\"998\" srcset=\"https:\/\/elpajaritonews.com\/wp-content\/uploads\/2023\/11\/img_9295-1-172x300.webp 172w, https:\/\/elpajaritonews.com\/wp-content\/uploads\/2023\/11\/img_9295-1-241x420.webp 241w\" sizes=\"auto, (max-width: 572px) 100vw, 572px\" \/><\/p>\n<p>La ex Jefa de Gobierno de la CDMX dijo que se reencontr\u00f3 con Jes\u00fas Mar\u00eda Tarriba despu\u00e9s de 30 a\u00f1os. Y se han mostrado muy unidos despu\u00e9s de este reencuentro que tarde o temprano terminar\u00eda en boda seg\u00fan la opini\u00f3n de quienes seguimos a la jefa Claudia Sheinbaum.<\/p>\n<p>&nbsp;<\/p>\n<p>https:\/\/www.instagram.com\/p\/CzwREnKuwpr\/?utm_source=ig_embed&#038;ig_rid=529e1364-f957-4d2d-bfe6-3e6e437a8bb2<\/p>\n<p>Hoy en su cuenta de Instagram public\u00f3 unos anillos \ud83d\udc8d de boda y fotos con Jes\u00fas por lo que no se hicieron esperar las especulaciones de una posible boda, m\u00e1s tarde confirm\u00f3 la fabulosa noticia.<\/p>\n","protected":false},"excerpt":{"rendered":"<p>Publicado el noviembre 17, 2023 por Janny Barrera &nbsp; #\u00daltimoMomento Se nos cas\u00f3 \ud83d\udc8d\ud83d\udc92 la futura presidenta Claudia Sheinbaum Pardo con Jes\u00fas Mar\u00eda Tarriba sin aspavientos, en una ceremonia \u00edntima. As\u00ed lo anunci\u00f3 en la X. La ex Jefa de Gobierno de la CDMX dijo que se reencontr\u00f3 con Jes\u00fas Mar\u00eda Tarriba despu\u00e9s de 30&#8230;<\/p>\n","protected":false},"author":2,"featured_media":53985,"comment_status":"closed","ping_status":"closed","sticky":false,"template":"","format":"standard","meta":{"_crdt_document":"","_exactmetrics_skip_tracking":false,"_exactmetrics_sitenote_active":false,"_exactmetrics_sitenote_note":"","_exactmetrics_sitenote_category":0,"footnotes":""},"categories":[35,22,38,31],"tags":[],"class_list":["post-53984","post","type-post","status-publish","format-standard","has-post-thumbnail","hentry","category-elecciones-2024","category-escena","category-migracion","category-politica"],"_links":{"self":[{"href":"https:\/\/elpajaritonews.com\/index.php?rest_route=\/wp\/v2\/posts\/53984","targetHints":{"allow":["GET"]}}],"collection":[{"href":"https:\/\/elpajaritonews.com\/index.php?rest_route=\/wp\/v2\/posts"}],"about":[{"href":"https:\/\/elpajaritonews.com\/index.php?rest_route=\/wp\/v2\/types\/post"}],"author":[{"embeddable":true,"href":"https:\/\/elpajaritonews.com\/index.php?rest_route=\/wp\/v2\/users\/2"}],"replies":[{"embeddable":true,"href":"https:\/\/elpajaritonews.com\/index.php?rest_route=%2Fwp%2Fv2%2Fcomments&post=53984"}],"version-history":[{"count":1,"href":"https:\/\/elpajaritonews.com\/index.php?rest_route=\/wp\/v2\/posts\/53984\/revisions"}],"predecessor-version":[{"id":53987,"href":"https:\/\/elpajaritonews.com\/index.php?rest_route=\/wp\/v2\/posts\/53984\/revisions\/53987"}],"wp:featuredmedia":[{"embeddable":true,"href":"https:\/\/elpajaritonews.com\/index.php?rest_route=\/wp\/v2\/media\/53985"}],"wp:attachment":[{"href":"https:\/\/elpajaritonews.com\/index.php?rest_route=%2Fwp%2Fv2%2Fmedia&parent=53984"}],"wp:term":[{"taxonomy":"category","embeddable":true,"href":"https:\/\/elpajaritonews.com\/index.php?rest_route=%2Fwp%2Fv2%2Fcategories&post=53984"},{"taxonomy":"post_tag","embeddable":true,"href":"https:\/\/elpajaritonews.com\/index.php?rest_route=%2Fwp%2Fv2%2Ftags&post=53984"}],"curies":[{"name":"wp","href":"https:\/\/api.w.org\/{rel}","templated":true}]}}