{"id":53988,"date":"2023-11-20T07:42:45","date_gmt":"2023-11-20T07:42:45","guid":{"rendered":"https:\/\/elpajaritonews.com\/?p=53988"},"modified":"2023-11-20T07:43:33","modified_gmt":"2023-11-20T07:43:33","slug":"buenas-tardes-comparto-informacion-generada-por-la-secretaria-de-turismo-agradeciendo-como-siempre-su-amable-difusion","status":"publish","type":"post","link":"https:\/\/elpajaritonews.com\/?p=53988","title":{"rendered":"TIENE SONORA LA SILLA DE MONTAR M\u00c1S GRANDE DEL MUNDO"},"content":{"rendered":"<p>Tiene Sonora la silla de montar m\u00e1s grande del mundo<\/p>\n<p>&#8211; Moctezuma rompi\u00f3 el Record Guinness en el marco de la segunda edici\u00f3n del Festival de la Talabarter\u00eda 2023<br \/>\n<img loading=\"lazy\" decoding=\"async\" class=\"alignnone wp-image-53991\" src=\"https:\/\/elpajaritonews.com\/wp-content\/uploads\/2023\/11\/c816f810-9f5b-40de-9dfd-2872de17737c-300x199.jpg\" alt=\"\" width=\"589\" height=\"391\" srcset=\"https:\/\/elpajaritonews.com\/wp-content\/uploads\/2023\/11\/c816f810-9f5b-40de-9dfd-2872de17737c-300x199.jpg 300w, https:\/\/elpajaritonews.com\/wp-content\/uploads\/2023\/11\/c816f810-9f5b-40de-9dfd-2872de17737c-1024x681.jpg 1024w, https:\/\/elpajaritonews.com\/wp-content\/uploads\/2023\/11\/c816f810-9f5b-40de-9dfd-2872de17737c-768x511.jpg 768w, https:\/\/elpajaritonews.com\/wp-content\/uploads\/2023\/11\/c816f810-9f5b-40de-9dfd-2872de17737c-632x420.jpg 632w, https:\/\/elpajaritonews.com\/wp-content\/uploads\/2023\/11\/c816f810-9f5b-40de-9dfd-2872de17737c-640x426.jpg 640w, https:\/\/elpajaritonews.com\/wp-content\/uploads\/2023\/11\/c816f810-9f5b-40de-9dfd-2872de17737c-681x453.jpg 681w, https:\/\/elpajaritonews.com\/wp-content\/uploads\/2023\/11\/c816f810-9f5b-40de-9dfd-2872de17737c.jpg 1280w\" sizes=\"auto, (max-width: 589px) 100vw, 589px\" \/><br \/>\nMoctezuma, Sonora; s\u00e1bado 18 de noviembre del 2023.- Sonora est\u00e1 de moda, y as\u00ed lo consolida al imponer el R\u00e9cord Guinness con la \u201cSilla de Montar M\u00e1s Grande del Mundo\u201d, en Moctezuma, en el marco de la Segunda Edici\u00f3n del Festival de la Talabarter\u00eda 2023, actividad impulsada de forma prioritaria por el gobernador Alfonso Durazo Monta\u00f1o, para impulsar la cultura y bondades de los municipios de la sierra de la entidad.<br \/>\n<img loading=\"lazy\" decoding=\"async\" class=\"alignnone wp-image-53992\" src=\"https:\/\/elpajaritonews.com\/wp-content\/uploads\/2023\/11\/b30aad80-96ff-4e77-9405-1579045dd491-199x300.jpg\" alt=\"\" width=\"595\" height=\"897\" srcset=\"https:\/\/elpajaritonews.com\/wp-content\/uploads\/2023\/11\/b30aad80-96ff-4e77-9405-1579045dd491-199x300.jpg 199w, https:\/\/elpajaritonews.com\/wp-content\/uploads\/2023\/11\/b30aad80-96ff-4e77-9405-1579045dd491-279x420.jpg 279w\" sizes=\"auto, (max-width: 595px) 100vw, 595px\" \/><br \/>\nTalabarteros de Moctezuma bajo la coordinaci\u00f3n de Jos\u00e9 Fernando Robles Monge, de La Talabarter\u00eda la Industria, fueron los encargados de realizar la silla de montar m\u00e1s grande del mundo, ganando el reconocimiento otorgado por Guinness World Record por medio del verificador Alfredo Aristac, al contar con medidas de 1.68 metros de ancho, 2.75 metros de largo y 3.48 metros del alto.<\/p>\n<p>El secretario de Turismo, Roberto Gradillas Pineda, coment\u00f3 que gracias a este R\u00e9cord Guinness, Moctezuma ahora se reconoce ante los ojos del pa\u00eds y del mundo, logrando atraer m\u00e1s turismo a la regi\u00f3n, consolidando a Sonora como un referente en atracciones a nivel nacional.<br \/>\n<img loading=\"lazy\" decoding=\"async\" class=\"alignnone wp-image-53994\" src=\"https:\/\/elpajaritonews.com\/wp-content\/uploads\/2023\/11\/c6365e4e-2e1c-4d07-946e-c2290380b8e2-300x199.jpg\" alt=\"\" width=\"595\" height=\"395\" srcset=\"https:\/\/elpajaritonews.com\/wp-content\/uploads\/2023\/11\/c6365e4e-2e1c-4d07-946e-c2290380b8e2-300x199.jpg 300w, https:\/\/elpajaritonews.com\/wp-content\/uploads\/2023\/11\/c6365e4e-2e1c-4d07-946e-c2290380b8e2-1024x681.jpg 1024w, https:\/\/elpajaritonews.com\/wp-content\/uploads\/2023\/11\/c6365e4e-2e1c-4d07-946e-c2290380b8e2-768x511.jpg 768w, https:\/\/elpajaritonews.com\/wp-content\/uploads\/2023\/11\/c6365e4e-2e1c-4d07-946e-c2290380b8e2-632x420.jpg 632w, https:\/\/elpajaritonews.com\/wp-content\/uploads\/2023\/11\/c6365e4e-2e1c-4d07-946e-c2290380b8e2-640x426.jpg 640w, https:\/\/elpajaritonews.com\/wp-content\/uploads\/2023\/11\/c6365e4e-2e1c-4d07-946e-c2290380b8e2-681x453.jpg 681w, https:\/\/elpajaritonews.com\/wp-content\/uploads\/2023\/11\/c6365e4e-2e1c-4d07-946e-c2290380b8e2.jpg 1280w\" sizes=\"auto, (max-width: 595px) 100vw, 595px\" \/><br \/>\n\u201cDe parte del Gobierno del Estado, estamos muy contentos de ver aqu\u00ed a gente disfrutando de esta segunda edici\u00f3n del festival, muchas felicidades a comunidad de Moctezuma, por lograr posicionar a su municipio en el \u00e1mbito mundial, agradecemos al gobernador Alfonso Durazo por su compromiso y entrega para que esto sea posible\u201d expres\u00f3 Gradillas Pineda.<\/p>\n<p>En esta Segunda Edici\u00f3n de la Feria de la Talabarter\u00eda, el cual es impulsado de gran forma por el Gobierno de Sonora, se instalaron 26 stands de talabarter\u00eda con el objetivo de promover, posicionar y comercializar este importante oficio en M\u00e9xico y el mundo.<\/p>\n","protected":false},"excerpt":{"rendered":"<p>Tiene Sonora la silla de montar m\u00e1s grande del mundo &#8211; Moctezuma rompi\u00f3 el Record Guinness en el marco de la segunda edici\u00f3n del Festival de la Talabarter\u00eda 2023 Moctezuma, Sonora; s\u00e1bado 18 de noviembre del 2023.- Sonora est\u00e1 de moda, y as\u00ed lo consolida al imponer el R\u00e9cord Guinness con la \u201cSilla de Montar&#8230;<\/p>\n","protected":false},"author":2,"featured_media":53989,"comment_status":"closed","ping_status":"closed","sticky":false,"template":"","format":"standard","meta":{"_crdt_document":"","_exactmetrics_skip_tracking":false,"_exactmetrics_sitenote_active":false,"_exactmetrics_sitenote_note":"","_exactmetrics_sitenote_category":0,"footnotes":""},"categories":[22,26,27],"tags":[28,29,30],"class_list":["post-53988","post","type-post","status-publish","format-standard","has-post-thumbnail","hentry","category-escena","category-local","category-sonora","tag-nogales","tag-nogales-la-gran-frontera","tag-sonora-tierra-de-oportunidades"],"_links":{"self":[{"href":"https:\/\/elpajaritonews.com\/index.php?rest_route=\/wp\/v2\/posts\/53988","targetHints":{"allow":["GET"]}}],"collection":[{"href":"https:\/\/elpajaritonews.com\/index.php?rest_route=\/wp\/v2\/posts"}],"about":[{"href":"https:\/\/elpajaritonews.com\/index.php?rest_route=\/wp\/v2\/types\/post"}],"author":[{"embeddable":true,"href":"https:\/\/elpajaritonews.com\/index.php?rest_route=\/wp\/v2\/users\/2"}],"replies":[{"embeddable":true,"href":"https:\/\/elpajaritonews.com\/index.php?rest_route=%2Fwp%2Fv2%2Fcomments&post=53988"}],"version-history":[{"count":2,"href":"https:\/\/elpajaritonews.com\/index.php?rest_route=\/wp\/v2\/posts\/53988\/revisions"}],"predecessor-version":[{"id":53997,"href":"https:\/\/elpajaritonews.com\/index.php?rest_route=\/wp\/v2\/posts\/53988\/revisions\/53997"}],"wp:featuredmedia":[{"embeddable":true,"href":"https:\/\/elpajaritonews.com\/index.php?rest_route=\/wp\/v2\/media\/53989"}],"wp:attachment":[{"href":"https:\/\/elpajaritonews.com\/index.php?rest_route=%2Fwp%2Fv2%2Fmedia&parent=53988"}],"wp:term":[{"taxonomy":"category","embeddable":true,"href":"https:\/\/elpajaritonews.com\/index.php?rest_route=%2Fwp%2Fv2%2Fcategories&post=53988"},{"taxonomy":"post_tag","embeddable":true,"href":"https:\/\/elpajaritonews.com\/index.php?rest_route=%2Fwp%2Fv2%2Ftags&post=53988"}],"curies":[{"name":"wp","href":"https:\/\/api.w.org\/{rel}","templated":true}]}}