{"id":53998,"date":"2023-11-20T20:41:30","date_gmt":"2023-11-20T20:41:30","guid":{"rendered":"https:\/\/elpajaritonews.com\/?p=53998"},"modified":"2023-11-20T20:41:30","modified_gmt":"2023-11-20T20:41:30","slug":"fortalece-pt-sonora-comites-municipales-en-cananea-agua-prieta-y-nogales","status":"publish","type":"post","link":"https:\/\/elpajaritonews.com\/?p=53998","title":{"rendered":"FORTALECE PT SONORA COMIT\u00c9S MUNICIPALES EN CANANEA, AGUA PRIETA Y NOGALES"},"content":{"rendered":"<p>Con la finalidad de seguir estrechando lazos y hacer m\u00e1s s\u00f3lida a la instituci\u00f3n pol\u00edtica, el Partido del Trabajo en Sonora (PT), particip\u00f3 este fin de semana en toma de protesta de comit\u00e9s municipales en Cananea, Agua Prieta y Nogales<\/p>\n<p><img loading=\"lazy\" decoding=\"async\" class=\"alignnone  wp-image-54000\" src=\"https:\/\/elpajaritonews.com\/wp-content\/uploads\/2023\/11\/6725579a-950f-45b7-b623-99bc8dfe5d67-300x225.jpg\" alt=\"\" width=\"597\" height=\"448\" srcset=\"https:\/\/elpajaritonews.com\/wp-content\/uploads\/2023\/11\/6725579a-950f-45b7-b623-99bc8dfe5d67-300x225.jpg 300w, https:\/\/elpajaritonews.com\/wp-content\/uploads\/2023\/11\/6725579a-950f-45b7-b623-99bc8dfe5d67-1024x768.jpg 1024w, https:\/\/elpajaritonews.com\/wp-content\/uploads\/2023\/11\/6725579a-950f-45b7-b623-99bc8dfe5d67-768x576.jpg 768w, https:\/\/elpajaritonews.com\/wp-content\/uploads\/2023\/11\/6725579a-950f-45b7-b623-99bc8dfe5d67-560x420.jpg 560w, https:\/\/elpajaritonews.com\/wp-content\/uploads\/2023\/11\/6725579a-950f-45b7-b623-99bc8dfe5d67-80x60.jpg 80w, https:\/\/elpajaritonews.com\/wp-content\/uploads\/2023\/11\/6725579a-950f-45b7-b623-99bc8dfe5d67-100x75.jpg 100w, https:\/\/elpajaritonews.com\/wp-content\/uploads\/2023\/11\/6725579a-950f-45b7-b623-99bc8dfe5d67-180x135.jpg 180w, https:\/\/elpajaritonews.com\/wp-content\/uploads\/2023\/11\/6725579a-950f-45b7-b623-99bc8dfe5d67-238x178.jpg 238w, https:\/\/elpajaritonews.com\/wp-content\/uploads\/2023\/11\/6725579a-950f-45b7-b623-99bc8dfe5d67-640x480.jpg 640w, https:\/\/elpajaritonews.com\/wp-content\/uploads\/2023\/11\/6725579a-950f-45b7-b623-99bc8dfe5d67-681x511.jpg 681w, https:\/\/elpajaritonews.com\/wp-content\/uploads\/2023\/11\/6725579a-950f-45b7-b623-99bc8dfe5d67.jpg 1280w\" sizes=\"auto, (max-width: 597px) 100vw, 597px\" \/><\/p>\n<p>Ram\u00f3n Flores Robles, Comisionado Pol\u00edtico Nacional del Partido del Trabajo en Sonora fue quien encabez\u00f3 esta \u00faltima gira de la dirigencia del PT estatal por esos dos municipios del norte y el primer sitio que se visit\u00f3 fue la ciudad de Cananea para formar parte de la toma de protesta a la Comisi\u00f3n Ejecutiva Municipal del PT en ese municipio que encabezar\u00e1 Mario S\u00e1nchez Acosta y adem\u00e1s el Comisionado Pol\u00edtico Nacional del PT en Sonora escuch\u00f3 las necesidades de los ciudadanos.<\/p>\n<p>Por la tarde del mismo s\u00e1bado se visit\u00f3 la ciudad de Agua Prieta donde el comisionado Ram\u00f3n Flores atendi\u00f3 una rueda de prensa con medios locales y despu\u00e9s encabez\u00f3 una reuni\u00f3n con militantes y simpatizantes del Partido del Trabajo en ese municipio que colinda con Chihuahua.<\/p>\n<p><img loading=\"lazy\" decoding=\"async\" class=\"alignnone  wp-image-54001\" src=\"https:\/\/elpajaritonews.com\/wp-content\/uploads\/2023\/11\/a2254b14-001c-4bdf-9ef9-48ab40990912-300x169.jpg\" alt=\"\" width=\"607\" height=\"342\" srcset=\"https:\/\/elpajaritonews.com\/wp-content\/uploads\/2023\/11\/a2254b14-001c-4bdf-9ef9-48ab40990912-300x169.jpg 300w, https:\/\/elpajaritonews.com\/wp-content\/uploads\/2023\/11\/a2254b14-001c-4bdf-9ef9-48ab40990912-1024x577.jpg 1024w, https:\/\/elpajaritonews.com\/wp-content\/uploads\/2023\/11\/a2254b14-001c-4bdf-9ef9-48ab40990912-768x433.jpg 768w, https:\/\/elpajaritonews.com\/wp-content\/uploads\/2023\/11\/a2254b14-001c-4bdf-9ef9-48ab40990912-746x420.jpg 746w, https:\/\/elpajaritonews.com\/wp-content\/uploads\/2023\/11\/a2254b14-001c-4bdf-9ef9-48ab40990912-640x361.jpg 640w, https:\/\/elpajaritonews.com\/wp-content\/uploads\/2023\/11\/a2254b14-001c-4bdf-9ef9-48ab40990912-681x384.jpg 681w, https:\/\/elpajaritonews.com\/wp-content\/uploads\/2023\/11\/a2254b14-001c-4bdf-9ef9-48ab40990912.jpg 1280w\" sizes=\"auto, (max-width: 607px) 100vw, 607px\" \/><\/p>\n<p>En esa reuni\u00f3n estuvieron presentes El Comisionado municipal del PT Agua Prieta Aar\u00f3n Menchaca y Leticia Partida Comisionada Municipal del PT Naco.<\/p>\n<p>Para el domingo 19 de noviembre, el contingente del PT Sonora se dirigi\u00f3 al municipio de Nogales donde ofreci\u00f3 por una conferencia de prensa y desayuno con medios de esa ciudad, posteriormente se tom\u00f3 protesta a los Coordinadores de afiliaci\u00f3n Municipal del PT en Nogales: Francisco Mend\u00edvil, Local Jhonatan Grijalva y Federal Leticia Calder\u00f3n.<\/p>\n<p><img loading=\"lazy\" decoding=\"async\" class=\"alignnone  wp-image-54002\" src=\"https:\/\/elpajaritonews.com\/wp-content\/uploads\/2023\/11\/073fa6e0-26f5-4430-8385-37aa024124fb-300x225.jpg\" alt=\"\" width=\"604\" height=\"453\" srcset=\"https:\/\/elpajaritonews.com\/wp-content\/uploads\/2023\/11\/073fa6e0-26f5-4430-8385-37aa024124fb-300x225.jpg 300w, https:\/\/elpajaritonews.com\/wp-content\/uploads\/2023\/11\/073fa6e0-26f5-4430-8385-37aa024124fb-1024x768.jpg 1024w, https:\/\/elpajaritonews.com\/wp-content\/uploads\/2023\/11\/073fa6e0-26f5-4430-8385-37aa024124fb-768x576.jpg 768w, https:\/\/elpajaritonews.com\/wp-content\/uploads\/2023\/11\/073fa6e0-26f5-4430-8385-37aa024124fb-560x420.jpg 560w, https:\/\/elpajaritonews.com\/wp-content\/uploads\/2023\/11\/073fa6e0-26f5-4430-8385-37aa024124fb-80x60.jpg 80w, https:\/\/elpajaritonews.com\/wp-content\/uploads\/2023\/11\/073fa6e0-26f5-4430-8385-37aa024124fb-100x75.jpg 100w, https:\/\/elpajaritonews.com\/wp-content\/uploads\/2023\/11\/073fa6e0-26f5-4430-8385-37aa024124fb-180x135.jpg 180w, https:\/\/elpajaritonews.com\/wp-content\/uploads\/2023\/11\/073fa6e0-26f5-4430-8385-37aa024124fb-238x178.jpg 238w, https:\/\/elpajaritonews.com\/wp-content\/uploads\/2023\/11\/073fa6e0-26f5-4430-8385-37aa024124fb-640x480.jpg 640w, https:\/\/elpajaritonews.com\/wp-content\/uploads\/2023\/11\/073fa6e0-26f5-4430-8385-37aa024124fb-681x511.jpg 681w, https:\/\/elpajaritonews.com\/wp-content\/uploads\/2023\/11\/073fa6e0-26f5-4430-8385-37aa024124fb.jpg 1440w\" sizes=\"auto, (max-width: 604px) 100vw, 604px\" \/><\/p>\n<p>Finalmente, a la una de la tarde de este domingo 19 de noviembre, el Comisionado Pol\u00edtico Nacional del Partido del Trabajo en Sonora y acompa\u00f1ado por su hijo Ram\u00f3n Flores, asistieron a una misa de congregaci\u00f3n cristiana VN3 en el Colegio Andares que dirige el pastor Esteban Ramos.<\/p>\n","protected":false},"excerpt":{"rendered":"<p>Con la finalidad de seguir estrechando lazos y hacer m\u00e1s s\u00f3lida a la instituci\u00f3n pol\u00edtica, el Partido del Trabajo en Sonora (PT), particip\u00f3 este fin de semana en toma de protesta de comit\u00e9s municipales en Cananea, Agua Prieta y Nogales Ram\u00f3n Flores Robles, Comisionado Pol\u00edtico Nacional del Partido del Trabajo en Sonora fue quien encabez\u00f3&#8230;<\/p>\n","protected":false},"author":2,"featured_media":53999,"comment_status":"closed","ping_status":"closed","sticky":false,"template":"","format":"standard","meta":{"_crdt_document":"","_exactmetrics_skip_tracking":false,"_exactmetrics_sitenote_active":false,"_exactmetrics_sitenote_note":"","_exactmetrics_sitenote_category":0,"footnotes":""},"categories":[35,26,31,27],"tags":[],"class_list":["post-53998","post","type-post","status-publish","format-standard","has-post-thumbnail","hentry","category-elecciones-2024","category-local","category-politica","category-sonora"],"_links":{"self":[{"href":"https:\/\/elpajaritonews.com\/index.php?rest_route=\/wp\/v2\/posts\/53998","targetHints":{"allow":["GET"]}}],"collection":[{"href":"https:\/\/elpajaritonews.com\/index.php?rest_route=\/wp\/v2\/posts"}],"about":[{"href":"https:\/\/elpajaritonews.com\/index.php?rest_route=\/wp\/v2\/types\/post"}],"author":[{"embeddable":true,"href":"https:\/\/elpajaritonews.com\/index.php?rest_route=\/wp\/v2\/users\/2"}],"replies":[{"embeddable":true,"href":"https:\/\/elpajaritonews.com\/index.php?rest_route=%2Fwp%2Fv2%2Fcomments&post=53998"}],"version-history":[{"count":1,"href":"https:\/\/elpajaritonews.com\/index.php?rest_route=\/wp\/v2\/posts\/53998\/revisions"}],"predecessor-version":[{"id":54003,"href":"https:\/\/elpajaritonews.com\/index.php?rest_route=\/wp\/v2\/posts\/53998\/revisions\/54003"}],"wp:featuredmedia":[{"embeddable":true,"href":"https:\/\/elpajaritonews.com\/index.php?rest_route=\/wp\/v2\/media\/53999"}],"wp:attachment":[{"href":"https:\/\/elpajaritonews.com\/index.php?rest_route=%2Fwp%2Fv2%2Fmedia&parent=53998"}],"wp:term":[{"taxonomy":"category","embeddable":true,"href":"https:\/\/elpajaritonews.com\/index.php?rest_route=%2Fwp%2Fv2%2Fcategories&post=53998"},{"taxonomy":"post_tag","embeddable":true,"href":"https:\/\/elpajaritonews.com\/index.php?rest_route=%2Fwp%2Fv2%2Ftags&post=53998"}],"curies":[{"name":"wp","href":"https:\/\/api.w.org\/{rel}","templated":true}]}}