{"id":54004,"date":"2023-11-21T05:25:20","date_gmt":"2023-11-21T05:25:20","guid":{"rendered":"https:\/\/elpajaritonews.com\/?p=54004"},"modified":"2023-11-21T05:25:20","modified_gmt":"2023-11-21T05:25:20","slug":"sonora-sera-anfitrion-de-la-asamblea-nacional-de-hoteles-y-moteles","status":"publish","type":"post","link":"https:\/\/elpajaritonews.com\/?p=54004","title":{"rendered":"SONORA SER\u00c1 ANFITRI\u00d3N DE LA ASAMBLEA NACIONAL DE HOTELES Y MOTELES"},"content":{"rendered":"<p>El Gobierno del Estado de Sonora, a trav\u00e9s de la Secretar\u00eda de Turismo y en coordinaci\u00f3n con la Asociaci\u00f3n de Hoteles y Moteles, presentaron la Octog\u00e9sima Segunda Asamblea Nacional de Asociaci\u00f3n Mexicana de Hoteles y Moteles.<\/p>\n<p><img loading=\"lazy\" decoding=\"async\" class=\"alignnone  wp-image-54006\" src=\"https:\/\/elpajaritonews.com\/wp-content\/uploads\/2023\/11\/d6047250-2dd1-47ae-8230-22d3534e93c0-300x190.jpg\" alt=\"\" width=\"553\" height=\"350\" srcset=\"https:\/\/elpajaritonews.com\/wp-content\/uploads\/2023\/11\/d6047250-2dd1-47ae-8230-22d3534e93c0-300x190.jpg 300w, https:\/\/elpajaritonews.com\/wp-content\/uploads\/2023\/11\/d6047250-2dd1-47ae-8230-22d3534e93c0-1024x650.jpg 1024w, https:\/\/elpajaritonews.com\/wp-content\/uploads\/2023\/11\/d6047250-2dd1-47ae-8230-22d3534e93c0-768x487.jpg 768w, https:\/\/elpajaritonews.com\/wp-content\/uploads\/2023\/11\/d6047250-2dd1-47ae-8230-22d3534e93c0-662x420.jpg 662w, https:\/\/elpajaritonews.com\/wp-content\/uploads\/2023\/11\/d6047250-2dd1-47ae-8230-22d3534e93c0-640x406.jpg 640w, https:\/\/elpajaritonews.com\/wp-content\/uploads\/2023\/11\/d6047250-2dd1-47ae-8230-22d3534e93c0-681x432.jpg 681w, https:\/\/elpajaritonews.com\/wp-content\/uploads\/2023\/11\/d6047250-2dd1-47ae-8230-22d3534e93c0.jpg 1280w\" sizes=\"auto, (max-width: 553px) 100vw, 553px\" \/><\/p>\n<p>Dicha asamblea se llevar\u00e1 acabo del 29 de noviembre al 01 de diciembre en Hermosillo y el pueblo m\u00e1gico de San Carlos, donde se pretende mostrar las maravillas de Sonora al empresariado hotelero de M\u00e9xico.<\/p>\n<p><img loading=\"lazy\" decoding=\"async\" class=\"alignnone  wp-image-54007\" src=\"https:\/\/elpajaritonews.com\/wp-content\/uploads\/2023\/11\/e7e4219f-5e99-434f-9016-486680d27747-300x200.jpg\" alt=\"\" width=\"593\" height=\"395\" srcset=\"https:\/\/elpajaritonews.com\/wp-content\/uploads\/2023\/11\/e7e4219f-5e99-434f-9016-486680d27747-300x200.jpg 300w, https:\/\/elpajaritonews.com\/wp-content\/uploads\/2023\/11\/e7e4219f-5e99-434f-9016-486680d27747-1024x683.jpg 1024w, https:\/\/elpajaritonews.com\/wp-content\/uploads\/2023\/11\/e7e4219f-5e99-434f-9016-486680d27747-768x512.jpg 768w, https:\/\/elpajaritonews.com\/wp-content\/uploads\/2023\/11\/e7e4219f-5e99-434f-9016-486680d27747-630x420.jpg 630w, https:\/\/elpajaritonews.com\/wp-content\/uploads\/2023\/11\/e7e4219f-5e99-434f-9016-486680d27747-640x427.jpg 640w, https:\/\/elpajaritonews.com\/wp-content\/uploads\/2023\/11\/e7e4219f-5e99-434f-9016-486680d27747-681x454.jpg 681w, https:\/\/elpajaritonews.com\/wp-content\/uploads\/2023\/11\/e7e4219f-5e99-434f-9016-486680d27747.jpg 1280w\" sizes=\"auto, (max-width: 593px) 100vw, 593px\" \/><\/p>\n<p>El secretario de Turismo de Sonora Roberto Gradillas Pineda, coment\u00f3 que esta asamblea es una gran oportunidad para que puedan conocer la gran oferta tur\u00edstica que se tiene en el estado de Sonora.<\/p>\n<p><img loading=\"lazy\" decoding=\"async\" class=\"alignnone  wp-image-54008\" src=\"https:\/\/elpajaritonews.com\/wp-content\/uploads\/2023\/11\/889b0275-095e-4913-8a39-524aee0f3855-300x200.jpg\" alt=\"\" width=\"602\" height=\"401\" srcset=\"https:\/\/elpajaritonews.com\/wp-content\/uploads\/2023\/11\/889b0275-095e-4913-8a39-524aee0f3855-300x200.jpg 300w, https:\/\/elpajaritonews.com\/wp-content\/uploads\/2023\/11\/889b0275-095e-4913-8a39-524aee0f3855-1024x682.jpg 1024w, https:\/\/elpajaritonews.com\/wp-content\/uploads\/2023\/11\/889b0275-095e-4913-8a39-524aee0f3855-768x511.jpg 768w, https:\/\/elpajaritonews.com\/wp-content\/uploads\/2023\/11\/889b0275-095e-4913-8a39-524aee0f3855-631x420.jpg 631w, https:\/\/elpajaritonews.com\/wp-content\/uploads\/2023\/11\/889b0275-095e-4913-8a39-524aee0f3855-640x426.jpg 640w, https:\/\/elpajaritonews.com\/wp-content\/uploads\/2023\/11\/889b0275-095e-4913-8a39-524aee0f3855-681x453.jpg 681w, https:\/\/elpajaritonews.com\/wp-content\/uploads\/2023\/11\/889b0275-095e-4913-8a39-524aee0f3855.jpg 1280w\" sizes=\"auto, (max-width: 602px) 100vw, 602px\" \/><\/p>\n<p>\u201cLa instrucci\u00f3n de nuestro gobernador es que fomentemos el turismo en todos los \u00e1mbitos posibles, es por eso que estamos trabajando en coordinaci\u00f3n para fortalecer la industria hotelera en nuestro estado\u201d, expres\u00f3 Gradillas Pineda.<\/p>\n<p>Durante la Asamblea General de Hoteles y Moteles, participan los l\u00edderes hoteleros en el estado y el pa\u00eds, donde se abordar\u00e1n temas de inter\u00e9s para los que se dedican a esta industria en la rama tur\u00edstica con exponentes de talla nacional e internacional.<\/p>\n","protected":false},"excerpt":{"rendered":"<p>El Gobierno del Estado de Sonora, a trav\u00e9s de la Secretar\u00eda de Turismo y en coordinaci\u00f3n con la Asociaci\u00f3n de Hoteles y Moteles, presentaron la Octog\u00e9sima Segunda Asamblea Nacional de Asociaci\u00f3n Mexicana de Hoteles y Moteles. Dicha asamblea se llevar\u00e1 acabo del 29 de noviembre al 01 de diciembre en Hermosillo y el pueblo m\u00e1gico&#8230;<\/p>\n","protected":false},"author":2,"featured_media":54005,"comment_status":"closed","ping_status":"closed","sticky":false,"template":"","format":"standard","meta":{"_crdt_document":"","_exactmetrics_skip_tracking":false,"_exactmetrics_sitenote_active":false,"_exactmetrics_sitenote_note":"","_exactmetrics_sitenote_category":0,"footnotes":""},"categories":[36,26,23,31,27],"tags":[28,29,30],"class_list":["post-54004","post","type-post","status-publish","format-standard","has-post-thumbnail","hentry","category-economia","category-local","category-mexico","category-politica","category-sonora","tag-nogales","tag-nogales-la-gran-frontera","tag-sonora-tierra-de-oportunidades"],"_links":{"self":[{"href":"https:\/\/elpajaritonews.com\/index.php?rest_route=\/wp\/v2\/posts\/54004","targetHints":{"allow":["GET"]}}],"collection":[{"href":"https:\/\/elpajaritonews.com\/index.php?rest_route=\/wp\/v2\/posts"}],"about":[{"href":"https:\/\/elpajaritonews.com\/index.php?rest_route=\/wp\/v2\/types\/post"}],"author":[{"embeddable":true,"href":"https:\/\/elpajaritonews.com\/index.php?rest_route=\/wp\/v2\/users\/2"}],"replies":[{"embeddable":true,"href":"https:\/\/elpajaritonews.com\/index.php?rest_route=%2Fwp%2Fv2%2Fcomments&post=54004"}],"version-history":[{"count":1,"href":"https:\/\/elpajaritonews.com\/index.php?rest_route=\/wp\/v2\/posts\/54004\/revisions"}],"predecessor-version":[{"id":54009,"href":"https:\/\/elpajaritonews.com\/index.php?rest_route=\/wp\/v2\/posts\/54004\/revisions\/54009"}],"wp:featuredmedia":[{"embeddable":true,"href":"https:\/\/elpajaritonews.com\/index.php?rest_route=\/wp\/v2\/media\/54005"}],"wp:attachment":[{"href":"https:\/\/elpajaritonews.com\/index.php?rest_route=%2Fwp%2Fv2%2Fmedia&parent=54004"}],"wp:term":[{"taxonomy":"category","embeddable":true,"href":"https:\/\/elpajaritonews.com\/index.php?rest_route=%2Fwp%2Fv2%2Fcategories&post=54004"},{"taxonomy":"post_tag","embeddable":true,"href":"https:\/\/elpajaritonews.com\/index.php?rest_route=%2Fwp%2Fv2%2Ftags&post=54004"}],"curies":[{"name":"wp","href":"https:\/\/api.w.org\/{rel}","templated":true}]}}