{"id":54015,"date":"2023-11-21T06:14:24","date_gmt":"2023-11-21T06:14:24","guid":{"rendered":"https:\/\/elpajaritonews.com\/?p=54015"},"modified":"2023-11-21T06:14:24","modified_gmt":"2023-11-21T06:14:24","slug":"posicionamos-a-sonora-como-referente-de-eventos-deportivos-turisticos-y-culturales-alfonso-durazo","status":"publish","type":"post","link":"https:\/\/elpajaritonews.com\/?p=54015","title":{"rendered":"POSICIONAMOS A SONORA COMO REFERENTE DE EVENTOS DEPORTIVOS, TUR\u00cdSTICOS Y CULTURALES: ALFONSO DURAZO"},"content":{"rendered":"<p>Ante los ojos del mundo Sonora se ha posicionado como un destino para la celebraci\u00f3n de eventos de talla nacional e internacional en los rubros de deporte, turismo, cultura y ganader\u00eda, permitiendo dejar una derrama econ\u00f3mica importante en los municipios donde se llevan a cabo, resalt\u00f3 el gobernador Alfonso Durazo Monta\u00f1o, en el marco de la celebraci\u00f3n de la Feria de la Talabarter\u00eda y el Mundial de Softbol U-18.<\/p>\n<p><img loading=\"lazy\" decoding=\"async\" class=\"alignnone  wp-image-54017\" src=\"https:\/\/elpajaritonews.com\/wp-content\/uploads\/2023\/11\/1cc6536b-7864-4f3a-81ff-f85df57533f4-300x200.jpg\" alt=\"\" width=\"608\" height=\"405\" srcset=\"https:\/\/elpajaritonews.com\/wp-content\/uploads\/2023\/11\/1cc6536b-7864-4f3a-81ff-f85df57533f4-300x200.jpg 300w, https:\/\/elpajaritonews.com\/wp-content\/uploads\/2023\/11\/1cc6536b-7864-4f3a-81ff-f85df57533f4-1024x682.jpg 1024w, https:\/\/elpajaritonews.com\/wp-content\/uploads\/2023\/11\/1cc6536b-7864-4f3a-81ff-f85df57533f4-768x512.jpg 768w, https:\/\/elpajaritonews.com\/wp-content\/uploads\/2023\/11\/1cc6536b-7864-4f3a-81ff-f85df57533f4-1536x1023.jpg 1536w, https:\/\/elpajaritonews.com\/wp-content\/uploads\/2023\/11\/1cc6536b-7864-4f3a-81ff-f85df57533f4-630x420.jpg 630w, https:\/\/elpajaritonews.com\/wp-content\/uploads\/2023\/11\/1cc6536b-7864-4f3a-81ff-f85df57533f4-640x426.jpg 640w, https:\/\/elpajaritonews.com\/wp-content\/uploads\/2023\/11\/1cc6536b-7864-4f3a-81ff-f85df57533f4-681x454.jpg 681w, https:\/\/elpajaritonews.com\/wp-content\/uploads\/2023\/11\/1cc6536b-7864-4f3a-81ff-f85df57533f4.jpg 1600w\" sizes=\"auto, (max-width: 608px) 100vw, 608px\" \/><\/p>\n<p>El mandatario estatal mencion\u00f3 que Sonora se ha posicionado como un anfitiri\u00f3n recurrente de eventos de talla nacional e internacional, permitiendo mostrar a visitantes extranjeros las maravillas naturales con que cuenta la entidad, y el desarrollo del turismo en distintas ramas.<\/p>\n<p>\u201cEl n\u00famero de ventos de car\u00e1cter internacional que se han realizado aqu\u00ed en el estado y eventos de car\u00e1cter nacional. Est\u00e1n los notarios por segunda vez, la reuni\u00f3n nacional de los hoteleros, viene el pr\u00f3ximo a\u00f1o la reuni\u00f3n nacional de la Uni\u00f3n Ganadera, tuvimos la final de la copa mundial de Tiro con Arco, el Mundial de B\u00e9isbol Sub 23, la copa Panamericana de Voleibol Senior Femenil, la Copa Panamericana de Voleibol Sub 21 y Sub 23, la Gran Carrera del Desierto 2022 y 2023 y el Sonora Rally\u201d, indic\u00f3.<\/p>\n<p><img loading=\"lazy\" decoding=\"async\" class=\"alignnone  wp-image-54018\" src=\"https:\/\/elpajaritonews.com\/wp-content\/uploads\/2023\/11\/bb609d62-bced-4fc8-affd-75e4a38f3d97-300x200.jpg\" alt=\"\" width=\"600\" height=\"400\" srcset=\"https:\/\/elpajaritonews.com\/wp-content\/uploads\/2023\/11\/bb609d62-bced-4fc8-affd-75e4a38f3d97-300x200.jpg 300w, https:\/\/elpajaritonews.com\/wp-content\/uploads\/2023\/11\/bb609d62-bced-4fc8-affd-75e4a38f3d97-1024x682.jpg 1024w, https:\/\/elpajaritonews.com\/wp-content\/uploads\/2023\/11\/bb609d62-bced-4fc8-affd-75e4a38f3d97-768x512.jpg 768w, https:\/\/elpajaritonews.com\/wp-content\/uploads\/2023\/11\/bb609d62-bced-4fc8-affd-75e4a38f3d97-1536x1023.jpg 1536w, https:\/\/elpajaritonews.com\/wp-content\/uploads\/2023\/11\/bb609d62-bced-4fc8-affd-75e4a38f3d97-630x420.jpg 630w, https:\/\/elpajaritonews.com\/wp-content\/uploads\/2023\/11\/bb609d62-bced-4fc8-affd-75e4a38f3d97-640x426.jpg 640w, https:\/\/elpajaritonews.com\/wp-content\/uploads\/2023\/11\/bb609d62-bced-4fc8-affd-75e4a38f3d97-681x454.jpg 681w, https:\/\/elpajaritonews.com\/wp-content\/uploads\/2023\/11\/bb609d62-bced-4fc8-affd-75e4a38f3d97.jpg 1600w\" sizes=\"auto, (max-width: 600px) 100vw, 600px\" \/><\/p>\n<p>El gobernador Durazo Monta\u00f1o a\u00f1adi\u00f3 que su administraci\u00f3n seguir\u00e1 adelante en el esfuerzo de posicionar a Sonora para la celebraci\u00f3n de eventos y congresos de talla mundial, brindando a los municipios que los alberguen la posibilidad de desarrollo en su econom\u00eda.<\/p>\n<p><img loading=\"lazy\" decoding=\"async\" class=\"alignnone  wp-image-54019\" src=\"https:\/\/elpajaritonews.com\/wp-content\/uploads\/2023\/11\/0447c544-ed5e-4c4c-a42f-12a8e0842ad0-300x200.jpg\" alt=\"\" width=\"603\" height=\"402\" srcset=\"https:\/\/elpajaritonews.com\/wp-content\/uploads\/2023\/11\/0447c544-ed5e-4c4c-a42f-12a8e0842ad0-300x200.jpg 300w, https:\/\/elpajaritonews.com\/wp-content\/uploads\/2023\/11\/0447c544-ed5e-4c4c-a42f-12a8e0842ad0-1024x682.jpg 1024w, https:\/\/elpajaritonews.com\/wp-content\/uploads\/2023\/11\/0447c544-ed5e-4c4c-a42f-12a8e0842ad0-768x512.jpg 768w, https:\/\/elpajaritonews.com\/wp-content\/uploads\/2023\/11\/0447c544-ed5e-4c4c-a42f-12a8e0842ad0-1536x1023.jpg 1536w, https:\/\/elpajaritonews.com\/wp-content\/uploads\/2023\/11\/0447c544-ed5e-4c4c-a42f-12a8e0842ad0-630x420.jpg 630w, https:\/\/elpajaritonews.com\/wp-content\/uploads\/2023\/11\/0447c544-ed5e-4c4c-a42f-12a8e0842ad0-640x426.jpg 640w, https:\/\/elpajaritonews.com\/wp-content\/uploads\/2023\/11\/0447c544-ed5e-4c4c-a42f-12a8e0842ad0-681x454.jpg 681w, https:\/\/elpajaritonews.com\/wp-content\/uploads\/2023\/11\/0447c544-ed5e-4c4c-a42f-12a8e0842ad0.jpg 1600w\" sizes=\"auto, (max-width: 603px) 100vw, 603px\" \/><\/p>\n","protected":false},"excerpt":{"rendered":"<p>Ante los ojos del mundo Sonora se ha posicionado como un destino para la celebraci\u00f3n de eventos de talla nacional e internacional en los rubros de deporte, turismo, cultura y ganader\u00eda, permitiendo dejar una derrama econ\u00f3mica importante en los municipios donde se llevan a cabo, resalt\u00f3 el gobernador Alfonso Durazo Monta\u00f1o, en el marco de&#8230;<\/p>\n","protected":false},"author":2,"featured_media":54016,"comment_status":"closed","ping_status":"closed","sticky":false,"template":"","format":"standard","meta":{"_crdt_document":"","_exactmetrics_skip_tracking":false,"_exactmetrics_sitenote_active":false,"_exactmetrics_sitenote_note":"","_exactmetrics_sitenote_category":0,"footnotes":""},"categories":[21,36,26,31,27],"tags":[28,29,30],"class_list":["post-54015","post","type-post","status-publish","format-standard","has-post-thumbnail","hentry","category-deportes","category-economia","category-local","category-politica","category-sonora","tag-nogales","tag-nogales-la-gran-frontera","tag-sonora-tierra-de-oportunidades"],"_links":{"self":[{"href":"https:\/\/elpajaritonews.com\/index.php?rest_route=\/wp\/v2\/posts\/54015","targetHints":{"allow":["GET"]}}],"collection":[{"href":"https:\/\/elpajaritonews.com\/index.php?rest_route=\/wp\/v2\/posts"}],"about":[{"href":"https:\/\/elpajaritonews.com\/index.php?rest_route=\/wp\/v2\/types\/post"}],"author":[{"embeddable":true,"href":"https:\/\/elpajaritonews.com\/index.php?rest_route=\/wp\/v2\/users\/2"}],"replies":[{"embeddable":true,"href":"https:\/\/elpajaritonews.com\/index.php?rest_route=%2Fwp%2Fv2%2Fcomments&post=54015"}],"version-history":[{"count":1,"href":"https:\/\/elpajaritonews.com\/index.php?rest_route=\/wp\/v2\/posts\/54015\/revisions"}],"predecessor-version":[{"id":54020,"href":"https:\/\/elpajaritonews.com\/index.php?rest_route=\/wp\/v2\/posts\/54015\/revisions\/54020"}],"wp:featuredmedia":[{"embeddable":true,"href":"https:\/\/elpajaritonews.com\/index.php?rest_route=\/wp\/v2\/media\/54016"}],"wp:attachment":[{"href":"https:\/\/elpajaritonews.com\/index.php?rest_route=%2Fwp%2Fv2%2Fmedia&parent=54015"}],"wp:term":[{"taxonomy":"category","embeddable":true,"href":"https:\/\/elpajaritonews.com\/index.php?rest_route=%2Fwp%2Fv2%2Fcategories&post=54015"},{"taxonomy":"post_tag","embeddable":true,"href":"https:\/\/elpajaritonews.com\/index.php?rest_route=%2Fwp%2Fv2%2Ftags&post=54015"}],"curies":[{"name":"wp","href":"https:\/\/api.w.org\/{rel}","templated":true}]}}