{"id":54026,"date":"2023-11-22T03:47:47","date_gmt":"2023-11-22T03:47:47","guid":{"rendered":"https:\/\/elpajaritonews.com\/?p=54026"},"modified":"2023-11-22T03:47:47","modified_gmt":"2023-11-22T03:47:47","slug":"trabajamos-para-garantizar-seguridad-y-atencion-humanitaria-a-migrantes-en-sonora-alfonso-durazo","status":"publish","type":"post","link":"https:\/\/elpajaritonews.com\/?p=54026","title":{"rendered":"TRABAJAMOS PARA GARANTIZAR SEGURIDAD Y ATENCI\u00d3N HUMANITARIA A MIGRANTES EN SONORA: ALFONSO DURAZO"},"content":{"rendered":"<p>Con el convenio de colaboraci\u00f3n entre el Gobierno de Sonora y el Instituto Nacional de Migraci\u00f3n (INM) se suman esfuerzos de los diferentes niveles de gobierno para crear un frente com\u00fan a fin de garantizar el respeto a los derechos humanos y la seguridad de los migrantes durante su paso por Sonora, enfatiz\u00f3 el gobernador Alfonso Durazo Monta\u00f1o.<\/p>\n<p><img loading=\"lazy\" decoding=\"async\" class=\"alignnone  wp-image-54028\" src=\"https:\/\/elpajaritonews.com\/wp-content\/uploads\/2023\/11\/171ac62e-2dd2-4354-9e7d-5d3e95348b1c-300x199.jpg\" alt=\"\" width=\"585\" height=\"388\" srcset=\"https:\/\/elpajaritonews.com\/wp-content\/uploads\/2023\/11\/171ac62e-2dd2-4354-9e7d-5d3e95348b1c-300x199.jpg 300w, https:\/\/elpajaritonews.com\/wp-content\/uploads\/2023\/11\/171ac62e-2dd2-4354-9e7d-5d3e95348b1c-1024x681.jpg 1024w, https:\/\/elpajaritonews.com\/wp-content\/uploads\/2023\/11\/171ac62e-2dd2-4354-9e7d-5d3e95348b1c-768x511.jpg 768w, https:\/\/elpajaritonews.com\/wp-content\/uploads\/2023\/11\/171ac62e-2dd2-4354-9e7d-5d3e95348b1c-632x420.jpg 632w, https:\/\/elpajaritonews.com\/wp-content\/uploads\/2023\/11\/171ac62e-2dd2-4354-9e7d-5d3e95348b1c-640x426.jpg 640w, https:\/\/elpajaritonews.com\/wp-content\/uploads\/2023\/11\/171ac62e-2dd2-4354-9e7d-5d3e95348b1c-681x453.jpg 681w, https:\/\/elpajaritonews.com\/wp-content\/uploads\/2023\/11\/171ac62e-2dd2-4354-9e7d-5d3e95348b1c.jpg 1280w\" sizes=\"auto, (max-width: 585px) 100vw, 585px\" \/><\/p>\n<p>El titular del Ejecutivo estatal destac\u00f3 que, ante el compromiso de brindar ayuda humanitaria a la poblaci\u00f3n migrante que, por su condici\u00f3n y ubicaci\u00f3n geogr\u00e1fica fronteriza, cruza por la entidad sonorense, se pact\u00f3 trabajar en conjunto con el INM para que a trav\u00e9s de capacitaciones se integre a la Polic\u00eda Estatal de Seguridad P\u00fablica en las labores de atenci\u00f3n y auxilio, y con ello evitar el tr\u00e1fico de personas y extorsiones.<\/p>\n<p><img loading=\"lazy\" decoding=\"async\" class=\"alignnone  wp-image-54029\" src=\"https:\/\/elpajaritonews.com\/wp-content\/uploads\/2023\/11\/e60ad43c-34f3-4fbd-86d7-263d87b8dc10-300x200.jpg\" alt=\"\" width=\"608\" height=\"405\" srcset=\"https:\/\/elpajaritonews.com\/wp-content\/uploads\/2023\/11\/e60ad43c-34f3-4fbd-86d7-263d87b8dc10-300x200.jpg 300w, https:\/\/elpajaritonews.com\/wp-content\/uploads\/2023\/11\/e60ad43c-34f3-4fbd-86d7-263d87b8dc10-1024x682.jpg 1024w, https:\/\/elpajaritonews.com\/wp-content\/uploads\/2023\/11\/e60ad43c-34f3-4fbd-86d7-263d87b8dc10-768x512.jpg 768w, https:\/\/elpajaritonews.com\/wp-content\/uploads\/2023\/11\/e60ad43c-34f3-4fbd-86d7-263d87b8dc10-630x420.jpg 630w, https:\/\/elpajaritonews.com\/wp-content\/uploads\/2023\/11\/e60ad43c-34f3-4fbd-86d7-263d87b8dc10-640x427.jpg 640w, https:\/\/elpajaritonews.com\/wp-content\/uploads\/2023\/11\/e60ad43c-34f3-4fbd-86d7-263d87b8dc10-681x454.jpg 681w, https:\/\/elpajaritonews.com\/wp-content\/uploads\/2023\/11\/e60ad43c-34f3-4fbd-86d7-263d87b8dc10.jpg 1280w\" sizes=\"auto, (max-width: 608px) 100vw, 608px\" \/><\/p>\n<p>\u201cEs en ese sentido este acuerdo, un paso muy importante porque nos permitir\u00e1, entre otras acciones, que elementos de la Polic\u00eda Estatal de Seguridad P\u00fablica puedan ser acreditados ante el Instituto Nacional de Migraci\u00f3n para que en ese car\u00e1cter de coadyuvancia con el instituto puedan participar en acciones para las que en este momento est\u00e1n impedidos\u201d, manifest\u00f3.<\/p>\n<p>El gobernador Durazo Monta\u00f1o, resalt\u00f3 que este a\u00f1o, desde las instituciones del gobierno de Sonora, se ha logrado atender a 20 mil migrantes de los que siete mil son menores de edad para que reciban atenciones de m\u00e9dicas por parte de la Secretar\u00eda de Salud.<\/p>\n<p><img loading=\"lazy\" decoding=\"async\" class=\"alignnone  wp-image-54030\" src=\"https:\/\/elpajaritonews.com\/wp-content\/uploads\/2023\/11\/217e9030-29af-4b31-8996-c8c0fe09e50a-300x199.jpg\" alt=\"\" width=\"592\" height=\"393\" srcset=\"https:\/\/elpajaritonews.com\/wp-content\/uploads\/2023\/11\/217e9030-29af-4b31-8996-c8c0fe09e50a-300x199.jpg 300w, https:\/\/elpajaritonews.com\/wp-content\/uploads\/2023\/11\/217e9030-29af-4b31-8996-c8c0fe09e50a-1024x681.jpg 1024w, https:\/\/elpajaritonews.com\/wp-content\/uploads\/2023\/11\/217e9030-29af-4b31-8996-c8c0fe09e50a-768x511.jpg 768w, https:\/\/elpajaritonews.com\/wp-content\/uploads\/2023\/11\/217e9030-29af-4b31-8996-c8c0fe09e50a-632x420.jpg 632w, https:\/\/elpajaritonews.com\/wp-content\/uploads\/2023\/11\/217e9030-29af-4b31-8996-c8c0fe09e50a-640x426.jpg 640w, https:\/\/elpajaritonews.com\/wp-content\/uploads\/2023\/11\/217e9030-29af-4b31-8996-c8c0fe09e50a-681x453.jpg 681w, https:\/\/elpajaritonews.com\/wp-content\/uploads\/2023\/11\/217e9030-29af-4b31-8996-c8c0fe09e50a.jpg 1280w\" sizes=\"auto, (max-width: 592px) 100vw, 592px\" \/><\/p>\n<p>Francisco Gardu\u00f1o Y\u00e1\u00f1ez, comisionado del Instituto Nacional de Migraci\u00f3n (INM), se\u00f1al\u00f3 que por medio de una pol\u00edtica y visi\u00f3n humanitaria, colaborar\u00e1n estado y pa\u00eds para proporcionar asistencia y orientaci\u00f3n apegada al respeto a los derechos humanos de los migrantes.<\/p>\n","protected":false},"excerpt":{"rendered":"<p>Con el convenio de colaboraci\u00f3n entre el Gobierno de Sonora y el Instituto Nacional de Migraci\u00f3n (INM) se suman esfuerzos de los diferentes niveles de gobierno para crear un frente com\u00fan a fin de garantizar el respeto a los derechos humanos y la seguridad de los migrantes durante su paso por Sonora, enfatiz\u00f3 el gobernador&#8230;<\/p>\n","protected":false},"author":2,"featured_media":54027,"comment_status":"closed","ping_status":"closed","sticky":false,"template":"","format":"standard","meta":{"_crdt_document":"","_exactmetrics_skip_tracking":false,"_exactmetrics_sitenote_active":false,"_exactmetrics_sitenote_note":"","_exactmetrics_sitenote_category":0,"footnotes":""},"categories":[17,23,38,24,31,1,27],"tags":[28,29,30],"class_list":["post-54026","post","type-post","status-publish","format-standard","has-post-thumbnail","hentry","category-arizona","category-mexico","category-migracion","category-mundo","category-politica","category-seguridad","category-sonora","tag-nogales","tag-nogales-la-gran-frontera","tag-sonora-tierra-de-oportunidades"],"_links":{"self":[{"href":"https:\/\/elpajaritonews.com\/index.php?rest_route=\/wp\/v2\/posts\/54026","targetHints":{"allow":["GET"]}}],"collection":[{"href":"https:\/\/elpajaritonews.com\/index.php?rest_route=\/wp\/v2\/posts"}],"about":[{"href":"https:\/\/elpajaritonews.com\/index.php?rest_route=\/wp\/v2\/types\/post"}],"author":[{"embeddable":true,"href":"https:\/\/elpajaritonews.com\/index.php?rest_route=\/wp\/v2\/users\/2"}],"replies":[{"embeddable":true,"href":"https:\/\/elpajaritonews.com\/index.php?rest_route=%2Fwp%2Fv2%2Fcomments&post=54026"}],"version-history":[{"count":1,"href":"https:\/\/elpajaritonews.com\/index.php?rest_route=\/wp\/v2\/posts\/54026\/revisions"}],"predecessor-version":[{"id":54031,"href":"https:\/\/elpajaritonews.com\/index.php?rest_route=\/wp\/v2\/posts\/54026\/revisions\/54031"}],"wp:featuredmedia":[{"embeddable":true,"href":"https:\/\/elpajaritonews.com\/index.php?rest_route=\/wp\/v2\/media\/54027"}],"wp:attachment":[{"href":"https:\/\/elpajaritonews.com\/index.php?rest_route=%2Fwp%2Fv2%2Fmedia&parent=54026"}],"wp:term":[{"taxonomy":"category","embeddable":true,"href":"https:\/\/elpajaritonews.com\/index.php?rest_route=%2Fwp%2Fv2%2Fcategories&post=54026"},{"taxonomy":"post_tag","embeddable":true,"href":"https:\/\/elpajaritonews.com\/index.php?rest_route=%2Fwp%2Fv2%2Ftags&post=54026"}],"curies":[{"name":"wp","href":"https:\/\/api.w.org\/{rel}","templated":true}]}}