{"id":54043,"date":"2023-11-22T23:46:37","date_gmt":"2023-11-22T23:46:37","guid":{"rendered":"https:\/\/elpajaritonews.com\/?p=54043"},"modified":"2023-11-22T23:46:37","modified_gmt":"2023-11-22T23:46:37","slug":"presentan-al-congreso-de-sonora-presupuesto-de-secretaria-de-agricultura-para-el-2024","status":"publish","type":"post","link":"https:\/\/elpajaritonews.com\/?p=54043","title":{"rendered":"PRESENTAN AL CONGRESO DE SONORA PRESUPUESTO DE SECRETAR\u00cdA DE AGRICULTURA PARA EL 2024"},"content":{"rendered":"<p>Para conocer la propuesta de presupuesto para el pr\u00f3ximo a\u00f1o de la Secretar\u00eda de Agricultura, Ganader\u00eda, Recursos Hidr\u00e1ulicos, Pesca y Acuacultura del Estado de Sonora (Sagarhpa), diputadas y diputados de la Comisi\u00f3n de Fomento Agr\u00edcola y Ganadero sostuvieron una reuni\u00f3n con la titular de la dependencia y su equipo de trabajo.<\/p>\n<p><img loading=\"lazy\" decoding=\"async\" class=\"alignnone  wp-image-54024\" src=\"https:\/\/elpajaritonews.com\/wp-content\/uploads\/2023\/11\/BANER-4-300x36.jpg\" alt=\"\" width=\"567\" height=\"68\" srcset=\"https:\/\/elpajaritonews.com\/wp-content\/uploads\/2023\/11\/BANER-4-300x36.jpg 300w, https:\/\/elpajaritonews.com\/wp-content\/uploads\/2023\/11\/BANER-4.jpg 592w\" sizes=\"auto, (max-width: 567px) 100vw, 567px\" \/><\/p>\n<p>Encabez\u00f3 la reuni\u00f3n el diputado Iram Leobardo Sol\u00eds Garc\u00eda, presidente de la comisi\u00f3n, quien plante\u00f3 necesidades expresadas por la ciudadan\u00eda de la regi\u00f3n del sur del estado, en relaci\u00f3n a la prevenci\u00f3n de la sequ\u00eda con el bombardeo de nubes y el registro para peque\u00f1os productores de trigo panificable.<\/p>\n<p>F\u00e1tima Yolanda Rodr\u00edguez Mendoza, titular de Sagarhpa, dio a conocer que para el ejercicio fiscal del 2024 se program\u00f3 un presupuesto de 224 millones de pesos, distribuidos en tres ejes principales: agr\u00edcola; ganadero; pesquero y acu\u00edcola.<\/p>\n<p><img loading=\"lazy\" decoding=\"async\" class=\"alignnone  wp-image-54045\" src=\"https:\/\/elpajaritonews.com\/wp-content\/uploads\/2023\/11\/b22b21ab-51fe-4903-ac25-40c8c4f774b0-300x200.jpg\" alt=\"\" width=\"573\" height=\"382\" srcset=\"https:\/\/elpajaritonews.com\/wp-content\/uploads\/2023\/11\/b22b21ab-51fe-4903-ac25-40c8c4f774b0-300x200.jpg 300w, https:\/\/elpajaritonews.com\/wp-content\/uploads\/2023\/11\/b22b21ab-51fe-4903-ac25-40c8c4f774b0-1024x683.jpg 1024w, https:\/\/elpajaritonews.com\/wp-content\/uploads\/2023\/11\/b22b21ab-51fe-4903-ac25-40c8c4f774b0-768x512.jpg 768w, https:\/\/elpajaritonews.com\/wp-content\/uploads\/2023\/11\/b22b21ab-51fe-4903-ac25-40c8c4f774b0-1536x1024.jpg 1536w, https:\/\/elpajaritonews.com\/wp-content\/uploads\/2023\/11\/b22b21ab-51fe-4903-ac25-40c8c4f774b0-630x420.jpg 630w, https:\/\/elpajaritonews.com\/wp-content\/uploads\/2023\/11\/b22b21ab-51fe-4903-ac25-40c8c4f774b0-640x427.jpg 640w, https:\/\/elpajaritonews.com\/wp-content\/uploads\/2023\/11\/b22b21ab-51fe-4903-ac25-40c8c4f774b0-681x454.jpg 681w, https:\/\/elpajaritonews.com\/wp-content\/uploads\/2023\/11\/b22b21ab-51fe-4903-ac25-40c8c4f774b0.jpg 1600w\" sizes=\"auto, (max-width: 573px) 100vw, 573px\" \/><\/p>\n<p>La funcionaria estatal se refiri\u00f3 a la matriz de indicadores de resultados, entre ellos, destac\u00f3 infraestructura, equipamiento y maquinaria agropecuaria, pesquera y acu\u00edcola; sanidad e inocuidad agropecuaria, pesquera y acu\u00edcola; entre otras, para el impacto positivo de las actividades productivas de sectores en diversas regiones de la entidad.<\/p>\n<p>En la reuni\u00f3n las diputadas Alicia Gayt\u00e1n S\u00e1nchez (Morena), Elia Sahara Sallard Hern\u00e1ndez (Morena), Ferm\u00edn Trujillo Fuentes (NA), H\u00e9ctor Ra\u00fal Castelo Monta\u00f1o (Morena), Rafael Ram\u00edrez Morales (Morena) y Jorge Eugenio Russo Salido (MC), solicitaron a la funcionaria que los diversos programas planteados lleguen a todas las regiones de la entidad, sobre todo, a los que menos tienen.<\/p>\n<p>Realizar\u00e1 Congreso de Sonora mesas tem\u00e1ticas para an\u00e1lisis de ley de movilidad<\/p>\n<p>Para dar a conocer \u201cmesas tem\u00e1ticas\u201d con el prop\u00f3sito de analizar el anteproyecto de la Ley de Movilidad y Seguridad Vial, la diputada Claudia Zulema Bours Corral (PVEM), sostuvo un encuentro con autoridades del ramo y representantes de organizaciones de la sociedad civil.<\/p>\n<p>Los foros tendr\u00e1n lugar en las instalaciones del Poder Legislativo bajo el siguiente orden: el mi\u00e9rcoles 29 de noviembre se analizar\u00e1n temas de movilidades articuladas al desarrollo econ\u00f3mico territorial y movilidad activa; el jueves 30, seguridad vial y g\u00e9nero e inclusi\u00f3n, ambos d\u00edas en horario de 16:00 a 18:00 horas; mientras que el 1 de diciembre se analizar\u00e1 el tema relacionado con el servicio de transporte p\u00fablico de personas, en horario de 9:00 a 11:00 horas.<\/p>\n<p>Acompa\u00f1ado por organizaciones de la sociedad civil que buscan mejor infraestructura y movilidad vial, el coordinador estatal del IMTES, Carlos Sosa Casta\u00f1eda mostr\u00f3 su inter\u00e9s por participar en las mesas de trabajo a fin de fortalecer el anteproyecto de ley en an\u00e1lisis.<\/p>\n<p>Rechazan iniciar juicio pol\u00edtico contra autoridades y decretar suspensi\u00f3n de ayuntamiento<\/p>\n<p>Diputadas y diputados de la Comisi\u00f3n de Gobernaci\u00f3n y Puntos Constitucionales aprobaron dos proyectos de dictamen que contienen acuerdos para no iniciar juicio pol\u00edtico en contra del titular del Ejecutivo estatal y el fiscal general de Justicia; as\u00ed como no iniciar procedimiento para decretar la suspensi\u00f3n del Ayuntamiento de Cajeme, por considerar que las pruebas ofrecidas dentro de las denuncias no corresponden a las conductas establecidas en la Ley de Responsabilidades y Sanciones para el Estado de Sonora, y la Ley de Gobierno y Administraci\u00f3n Municipal.<\/p>\n","protected":false},"excerpt":{"rendered":"<p>Para conocer la propuesta de presupuesto para el pr\u00f3ximo a\u00f1o de la Secretar\u00eda de Agricultura, Ganader\u00eda, Recursos Hidr\u00e1ulicos, Pesca y Acuacultura del Estado de Sonora (Sagarhpa), diputadas y diputados de la Comisi\u00f3n de Fomento Agr\u00edcola y Ganadero sostuvieron una reuni\u00f3n con la titular de la dependencia y su equipo de trabajo. Encabez\u00f3 la reuni\u00f3n el&#8230;<\/p>\n","protected":false},"author":2,"featured_media":54044,"comment_status":"closed","ping_status":"closed","sticky":false,"template":"","format":"standard","meta":{"_crdt_document":"","_exactmetrics_skip_tracking":false,"_exactmetrics_sitenote_active":false,"_exactmetrics_sitenote_note":"","_exactmetrics_sitenote_category":0,"footnotes":""},"categories":[20,31,27],"tags":[30],"class_list":["post-54043","post","type-post","status-publish","format-standard","has-post-thumbnail","hentry","category-congreso","category-politica","category-sonora","tag-sonora-tierra-de-oportunidades"],"_links":{"self":[{"href":"https:\/\/elpajaritonews.com\/index.php?rest_route=\/wp\/v2\/posts\/54043","targetHints":{"allow":["GET"]}}],"collection":[{"href":"https:\/\/elpajaritonews.com\/index.php?rest_route=\/wp\/v2\/posts"}],"about":[{"href":"https:\/\/elpajaritonews.com\/index.php?rest_route=\/wp\/v2\/types\/post"}],"author":[{"embeddable":true,"href":"https:\/\/elpajaritonews.com\/index.php?rest_route=\/wp\/v2\/users\/2"}],"replies":[{"embeddable":true,"href":"https:\/\/elpajaritonews.com\/index.php?rest_route=%2Fwp%2Fv2%2Fcomments&post=54043"}],"version-history":[{"count":1,"href":"https:\/\/elpajaritonews.com\/index.php?rest_route=\/wp\/v2\/posts\/54043\/revisions"}],"predecessor-version":[{"id":54046,"href":"https:\/\/elpajaritonews.com\/index.php?rest_route=\/wp\/v2\/posts\/54043\/revisions\/54046"}],"wp:featuredmedia":[{"embeddable":true,"href":"https:\/\/elpajaritonews.com\/index.php?rest_route=\/wp\/v2\/media\/54044"}],"wp:attachment":[{"href":"https:\/\/elpajaritonews.com\/index.php?rest_route=%2Fwp%2Fv2%2Fmedia&parent=54043"}],"wp:term":[{"taxonomy":"category","embeddable":true,"href":"https:\/\/elpajaritonews.com\/index.php?rest_route=%2Fwp%2Fv2%2Fcategories&post=54043"},{"taxonomy":"post_tag","embeddable":true,"href":"https:\/\/elpajaritonews.com\/index.php?rest_route=%2Fwp%2Fv2%2Ftags&post=54043"}],"curies":[{"name":"wp","href":"https:\/\/api.w.org\/{rel}","templated":true}]}}