{"id":54047,"date":"2023-11-23T00:32:44","date_gmt":"2023-11-23T00:32:44","guid":{"rendered":"https:\/\/elpajaritonews.com\/?p=54047"},"modified":"2023-11-23T00:32:44","modified_gmt":"2023-11-23T00:32:44","slug":"respaldamos-a-medios-publicos-por-su-labor-cultural-educativa-y-de-informacion-alfonso-durazo","status":"publish","type":"post","link":"https:\/\/elpajaritonews.com\/?p=54047","title":{"rendered":"RESPALDAMOS A MEDIOS P\u00daBLICOS POR SU LABOR CULTURAL, EDUCATIVA Y DE INFORMACI\u00d3N: ALFONSO DURAZO"},"content":{"rendered":"<p>&#8211; El Gobernador de Sonora inaugur\u00f3 los trabajos de la 36 Asamblea de la Red de Radiodifusoras y Televisoras Educativas y Culturales de M\u00e9xico<\/p>\n<p><img loading=\"lazy\" decoding=\"async\" class=\"alignnone  wp-image-54049\" src=\"https:\/\/elpajaritonews.com\/wp-content\/uploads\/2023\/11\/2ad20ede-af17-4900-b377-edba8274e5d9-300x199.jpg\" alt=\"\" width=\"567\" height=\"376\" srcset=\"https:\/\/elpajaritonews.com\/wp-content\/uploads\/2023\/11\/2ad20ede-af17-4900-b377-edba8274e5d9-300x199.jpg 300w, https:\/\/elpajaritonews.com\/wp-content\/uploads\/2023\/11\/2ad20ede-af17-4900-b377-edba8274e5d9-1024x681.jpg 1024w, https:\/\/elpajaritonews.com\/wp-content\/uploads\/2023\/11\/2ad20ede-af17-4900-b377-edba8274e5d9-768x511.jpg 768w, https:\/\/elpajaritonews.com\/wp-content\/uploads\/2023\/11\/2ad20ede-af17-4900-b377-edba8274e5d9-632x420.jpg 632w, https:\/\/elpajaritonews.com\/wp-content\/uploads\/2023\/11\/2ad20ede-af17-4900-b377-edba8274e5d9-640x426.jpg 640w, https:\/\/elpajaritonews.com\/wp-content\/uploads\/2023\/11\/2ad20ede-af17-4900-b377-edba8274e5d9-681x453.jpg 681w, https:\/\/elpajaritonews.com\/wp-content\/uploads\/2023\/11\/2ad20ede-af17-4900-b377-edba8274e5d9.jpg 1280w\" sizes=\"auto, (max-width: 567px) 100vw, 567px\" \/><\/p>\n<p>La televisoras y radiodifusoras de car\u00e1cter p\u00fablico cumplen una funci\u00f3n de gran importancia ya que difunden los temas prioritarios, culturales, y educativos a la poblaci\u00f3n en cualquier rinc\u00f3n del territorio, destac\u00f3 el gobernador Alfonso Durazo Monta\u00f1o, al encabezar el inicio de los trabajos de la 36 Asamblea de la Red de Radiodifusoras y Televisoras Educativas y Culturales de M\u00e9xico.<\/p>\n<p><img loading=\"lazy\" decoding=\"async\" class=\"alignnone  wp-image-54050\" src=\"https:\/\/elpajaritonews.com\/wp-content\/uploads\/2023\/11\/dbe32518-d73c-4630-8621-851ae7a82e43-300x200.jpg\" alt=\"\" width=\"584\" height=\"389\" srcset=\"https:\/\/elpajaritonews.com\/wp-content\/uploads\/2023\/11\/dbe32518-d73c-4630-8621-851ae7a82e43-300x200.jpg 300w, https:\/\/elpajaritonews.com\/wp-content\/uploads\/2023\/11\/dbe32518-d73c-4630-8621-851ae7a82e43-1024x682.jpg 1024w, https:\/\/elpajaritonews.com\/wp-content\/uploads\/2023\/11\/dbe32518-d73c-4630-8621-851ae7a82e43-768x512.jpg 768w, https:\/\/elpajaritonews.com\/wp-content\/uploads\/2023\/11\/dbe32518-d73c-4630-8621-851ae7a82e43-630x420.jpg 630w, https:\/\/elpajaritonews.com\/wp-content\/uploads\/2023\/11\/dbe32518-d73c-4630-8621-851ae7a82e43-640x427.jpg 640w, https:\/\/elpajaritonews.com\/wp-content\/uploads\/2023\/11\/dbe32518-d73c-4630-8621-851ae7a82e43-681x454.jpg 681w, https:\/\/elpajaritonews.com\/wp-content\/uploads\/2023\/11\/dbe32518-d73c-4630-8621-851ae7a82e43.jpg 1280w\" sizes=\"auto, (max-width: 584px) 100vw, 584px\" \/><\/p>\n<p>El mandatario sonorense destac\u00f3 que en el caso de la entidad, Telemax y Radio Sonora son los medios televisivos y radiof\u00f3nicos respectivamente con mayor cobertura en la entidad, dando oportunidad a la ciudadan\u00eda de contar con una interpretaci\u00f3n m\u00e1s amplia de los acontecimientos que ocurren en la sociedad.<\/p>\n<p><img loading=\"lazy\" decoding=\"async\" class=\"alignnone  wp-image-54051\" src=\"https:\/\/elpajaritonews.com\/wp-content\/uploads\/2023\/11\/2f02aba5-5a2b-4600-9a0e-aa5383be2fb8-300x199.jpg\" alt=\"\" width=\"574\" height=\"381\" srcset=\"https:\/\/elpajaritonews.com\/wp-content\/uploads\/2023\/11\/2f02aba5-5a2b-4600-9a0e-aa5383be2fb8-300x199.jpg 300w, https:\/\/elpajaritonews.com\/wp-content\/uploads\/2023\/11\/2f02aba5-5a2b-4600-9a0e-aa5383be2fb8-1024x681.jpg 1024w, https:\/\/elpajaritonews.com\/wp-content\/uploads\/2023\/11\/2f02aba5-5a2b-4600-9a0e-aa5383be2fb8-768x511.jpg 768w, https:\/\/elpajaritonews.com\/wp-content\/uploads\/2023\/11\/2f02aba5-5a2b-4600-9a0e-aa5383be2fb8-632x420.jpg 632w, https:\/\/elpajaritonews.com\/wp-content\/uploads\/2023\/11\/2f02aba5-5a2b-4600-9a0e-aa5383be2fb8-640x426.jpg 640w, https:\/\/elpajaritonews.com\/wp-content\/uploads\/2023\/11\/2f02aba5-5a2b-4600-9a0e-aa5383be2fb8-681x453.jpg 681w, https:\/\/elpajaritonews.com\/wp-content\/uploads\/2023\/11\/2f02aba5-5a2b-4600-9a0e-aa5383be2fb8.jpg 1280w\" sizes=\"auto, (max-width: 574px) 100vw, 574px\" \/><\/p>\n<p>\u201cAh\u00ed creo yo que radica uno de los valores fundamentales de todas las estaciones afiliadas a Red M\u00e9xico, que no tienen un prop\u00f3sito comercial. Yo francamente hago votos por el fortalecimiento de este sistema de comunicaci\u00f3n que tiene por objetivo exclusivo atender a un auditorio que demanda contenidos distintos, en t\u00e9rminos culturales, en t\u00e9rmino educativos, en t\u00e9rminos informativos marcados por la libertad de expresi\u00f3n, por la autonom\u00eda editorial y por la independencia en la conducci\u00f3n de cada uno de estos medios\u201d, indic\u00f3.<\/p>\n<p>El gobernador Durazo Monta\u00f1o resalt\u00f3 la necesidad de conservar y fortalecer a los medios p\u00fablicos, cuya labor trasciende a trav\u00e9s de todos los municipios de Sonora, adapt\u00e1ndose a los nuevos sistemas tecnol\u00f3gicos y que no pueden darse por otras v\u00edas.<\/p>\n<p><img loading=\"lazy\" decoding=\"async\" class=\"alignnone  wp-image-54052\" src=\"https:\/\/elpajaritonews.com\/wp-content\/uploads\/2023\/11\/024d7b8c-aec4-44e7-8b2c-28be79c05d27-300x199.jpg\" alt=\"\" width=\"583\" height=\"387\" srcset=\"https:\/\/elpajaritonews.com\/wp-content\/uploads\/2023\/11\/024d7b8c-aec4-44e7-8b2c-28be79c05d27-300x199.jpg 300w, https:\/\/elpajaritonews.com\/wp-content\/uploads\/2023\/11\/024d7b8c-aec4-44e7-8b2c-28be79c05d27-1024x681.jpg 1024w, https:\/\/elpajaritonews.com\/wp-content\/uploads\/2023\/11\/024d7b8c-aec4-44e7-8b2c-28be79c05d27-768x511.jpg 768w, https:\/\/elpajaritonews.com\/wp-content\/uploads\/2023\/11\/024d7b8c-aec4-44e7-8b2c-28be79c05d27-632x420.jpg 632w, https:\/\/elpajaritonews.com\/wp-content\/uploads\/2023\/11\/024d7b8c-aec4-44e7-8b2c-28be79c05d27-640x426.jpg 640w, https:\/\/elpajaritonews.com\/wp-content\/uploads\/2023\/11\/024d7b8c-aec4-44e7-8b2c-28be79c05d27-681x453.jpg 681w, https:\/\/elpajaritonews.com\/wp-content\/uploads\/2023\/11\/024d7b8c-aec4-44e7-8b2c-28be79c05d27.jpg 1280w\" sizes=\"auto, (max-width: 583px) 100vw, 583px\" \/><\/p>\n<p>Al respecto Fernando S\u00e1nchez Mejorada, presidente del Consejo Directivo de la Red de Radiodisuforas y Televisoras Educativas y Culturales de M\u00e9xico, mencion\u00f3 que los medios p\u00fablicos pasan por una gran etapa en su historia, ya que empatizan con las audiencias y la diversidad, lo cual se refleja en sus contenidos, infraestructura, y apoyo institucional.<\/p>\n<p>\u201cEn medio del modelo privatizador en los a\u00f1os noventa surge este colectivo, demostrando que cuando se privilegia lo p\u00fablico en medio de la dictadura de lo privado, siempre triunfa el trabajo en Red, siempre triunfa el trabajo en colectivo\u201d, coment\u00f3.<\/p>\n","protected":false},"excerpt":{"rendered":"<p>&#8211; El Gobernador de Sonora inaugur\u00f3 los trabajos de la 36 Asamblea de la Red de Radiodifusoras y Televisoras Educativas y Culturales de M\u00e9xico La televisoras y radiodifusoras de car\u00e1cter p\u00fablico cumplen una funci\u00f3n de gran importancia ya que difunden los temas prioritarios, culturales, y educativos a la poblaci\u00f3n en cualquier rinc\u00f3n del territorio, destac\u00f3&#8230;<\/p>\n","protected":false},"author":2,"featured_media":54048,"comment_status":"closed","ping_status":"closed","sticky":false,"template":"","format":"standard","meta":{"_crdt_document":"","_exactmetrics_skip_tracking":false,"_exactmetrics_sitenote_active":false,"_exactmetrics_sitenote_note":"","_exactmetrics_sitenote_category":0,"footnotes":""},"categories":[26,31,27],"tags":[30],"class_list":["post-54047","post","type-post","status-publish","format-standard","has-post-thumbnail","hentry","category-local","category-politica","category-sonora","tag-sonora-tierra-de-oportunidades"],"_links":{"self":[{"href":"https:\/\/elpajaritonews.com\/index.php?rest_route=\/wp\/v2\/posts\/54047","targetHints":{"allow":["GET"]}}],"collection":[{"href":"https:\/\/elpajaritonews.com\/index.php?rest_route=\/wp\/v2\/posts"}],"about":[{"href":"https:\/\/elpajaritonews.com\/index.php?rest_route=\/wp\/v2\/types\/post"}],"author":[{"embeddable":true,"href":"https:\/\/elpajaritonews.com\/index.php?rest_route=\/wp\/v2\/users\/2"}],"replies":[{"embeddable":true,"href":"https:\/\/elpajaritonews.com\/index.php?rest_route=%2Fwp%2Fv2%2Fcomments&post=54047"}],"version-history":[{"count":1,"href":"https:\/\/elpajaritonews.com\/index.php?rest_route=\/wp\/v2\/posts\/54047\/revisions"}],"predecessor-version":[{"id":54053,"href":"https:\/\/elpajaritonews.com\/index.php?rest_route=\/wp\/v2\/posts\/54047\/revisions\/54053"}],"wp:featuredmedia":[{"embeddable":true,"href":"https:\/\/elpajaritonews.com\/index.php?rest_route=\/wp\/v2\/media\/54048"}],"wp:attachment":[{"href":"https:\/\/elpajaritonews.com\/index.php?rest_route=%2Fwp%2Fv2%2Fmedia&parent=54047"}],"wp:term":[{"taxonomy":"category","embeddable":true,"href":"https:\/\/elpajaritonews.com\/index.php?rest_route=%2Fwp%2Fv2%2Fcategories&post=54047"},{"taxonomy":"post_tag","embeddable":true,"href":"https:\/\/elpajaritonews.com\/index.php?rest_route=%2Fwp%2Fv2%2Ftags&post=54047"}],"curies":[{"name":"wp","href":"https:\/\/api.w.org\/{rel}","templated":true}]}}