{"id":54058,"date":"2023-11-23T21:26:08","date_gmt":"2023-11-23T21:26:08","guid":{"rendered":"https:\/\/elpajaritonews.com\/?p=54058"},"modified":"2023-11-23T21:26:08","modified_gmt":"2023-11-23T21:26:08","slug":"fgr-se-desiste-contra-activistas-de-libre-transito-en-sonora","status":"publish","type":"post","link":"https:\/\/elpajaritonews.com\/?p=54058","title":{"rendered":"FGR SE DESISTE CONTRA ACTIVISTAS DE LIBRE TR\u00c1NSITO EN SONORA"},"content":{"rendered":"<p>Alejandro Matty Ortega\/Irreverente Noticias<\/p>\n<p>Ciudad de M\u00e9xico (IN).- La Fiscal\u00eda General de la Rep\u00fablica (FGR) se desisti\u00f3 de la acci\u00f3n penal contra 12 activistas del Movimiento por el Libre Tr\u00e1nsito en Sonora.<\/p>\n<p>En entrevista con IRREVERENTE NOTICIAS, Alfonso Cannan Casta\u00f1os inform\u00f3 que el juez suspendi\u00f3 la audiencia de este mi\u00e9rcoles 22 de noviembre a solicitud de la FGR.<\/p>\n<p>Precis\u00f3 que en esta se llevar\u00eda a cabo al iniciar los procesos penales contra 12 activistas que tomaron la caseta de cobro de Fundici\u00f3n.<\/p>\n<p>Canaan Casta\u00f1os consider\u00f3 que \u00abla FGR solicit\u00f3 que se deje sin efecto la audiencia para los 12 manifestantes detenidos por la Polic\u00eda Estatal por la protesta en la caseta de cobro de Fundici\u00f3n\u00bb.<\/p>\n<p>En este sentido, \u00abya la FGR sinti\u00f3 las advertencias de los jueces federales de no andar integrando carpetas por las manifestaciones en casetas de cobro\u00bb.<\/p>\n<p>Por lo tanto, \u00abesto va a traer como consecuencia las denuncias penales por oficio en contra de la Polic\u00eda Estatal, Guardia Nacional, Capufe y la SCT\u00bb.<\/p>\n<p>Record\u00f3 que el 8 de septiembre, un juez federal absolvi\u00f3 a los 4 activistas del MLT detenidos en la caseta de cobro en Hermosillo.<\/p>\n<p>Ese d\u00eda anunci\u00f3 la liberaci\u00f3n de los integrantes del Movimiento por el Libre Tr\u00e1nsito en Sonora.<\/p>\n<p>El l\u00edder de esta lucha social contra el cobro de peaje en la Cuatro Carriles, advirti\u00f3 que iniciar\u00edan con procesos penales contra Capufe, Polic\u00eda Estatal y Guardia Nacional por las detenciones arbitrarias.<\/p>\n<p>Destac\u00f3 que \u00abel 8 de septiembre es un d\u00eda hist\u00f3rico en materia de justicia para el movimiento\u00bb.<\/p>\n<p>Reiter\u00f3 que la lucha contin\u00faa a favor de las familias sonorenses.<\/p>\n<p>El Movimiento Libre Tr\u00e1nsito por Sonora denunci\u00f3 represi\u00f3n en la caseta de cobro en Hermosillo.<\/p>\n<p>Canaan Casta\u00f1os critic\u00f3 el operativo donde participaron m\u00e1s de 100 polic\u00edas estatales y guardias nacionales para detener a 4 activistas que realizaban \u00abboteo\u00bb.<\/p>\n<p>Lament\u00f3 que se haya utilizado un estado de fuerza considerable \u00abcuando hay tanta inseguridad en el estado y no se combate\u00bb.<\/p>\n<p>Se\u00f1al\u00f3 adem\u00e1s que \u00abal menos 6 o 7 agentes de la Polic\u00eda Estatal y Guardia Nacional sometieron con exceso de uso de fuerza a un compa\u00f1ero\u00bb.<\/p>\n<p>Consider\u00f3 \u00abun claro ejemplo de represi\u00f3n y de uso irracional e innecesario de la fuerza p\u00fablica\u00bb.<\/p>\n<p>Canaan Casta\u00f1os dijo estar abiertos al di\u00e1logo y a los acuerdos; sin embargo, \u00abel gobierno no los respeta\u00bb.<\/p>\n<p>Record\u00f3 que \u00abla concesi\u00f3n de la caseta de cobro en Hermosillo ya est\u00e1 vencida pero a\u00fan as\u00ed se sigue cobrando peaje\u00bb.<\/p>\n<p>Adem\u00e1s, \u00abel Gobierno de M\u00e9xico, a trav\u00e9s de Capufe y la SCT acordaron exentar el cobro a los sonorenses y no sucedi\u00f3\u00bb.<\/p>\n<p>Se entregar\u00eda \u00abun chip a cada automovilista de los municipios donde se encuentra instalada una caseta de cobro\u00bb.<\/p>\n<p>Al d\u00eda de hoy, \u00abesos acuerdos alcanzados en las mesas de di\u00e1logo, no se han cumplido\u00bb.<\/p>\n<p>Por ello, insisti\u00f3 en que \u00ablas ilegales casetas de cobro ya no deben operar en Sonora\u00bb.<\/p>\n","protected":false},"excerpt":{"rendered":"<p>Alejandro Matty Ortega\/Irreverente Noticias Ciudad de M\u00e9xico (IN).- La Fiscal\u00eda General de la Rep\u00fablica (FGR) se desisti\u00f3 de la acci\u00f3n penal contra 12 activistas del Movimiento por el Libre Tr\u00e1nsito en Sonora. En entrevista con IRREVERENTE NOTICIAS, Alfonso Cannan Casta\u00f1os inform\u00f3 que el juez suspendi\u00f3 la audiencia de este mi\u00e9rcoles 22 de noviembre a solicitud&#8230;<\/p>\n","protected":false},"author":2,"featured_media":54059,"comment_status":"closed","ping_status":"closed","sticky":false,"template":"","format":"standard","meta":{"_crdt_document":"","_exactmetrics_skip_tracking":false,"_exactmetrics_sitenote_active":false,"_exactmetrics_sitenote_note":"","_exactmetrics_sitenote_category":0,"footnotes":""},"categories":[26,23,19,31,1,27],"tags":[],"class_list":["post-54058","post","type-post","status-publish","format-standard","has-post-thumbnail","hentry","category-local","category-mexico","category-opinion","category-politica","category-seguridad","category-sonora"],"_links":{"self":[{"href":"https:\/\/elpajaritonews.com\/index.php?rest_route=\/wp\/v2\/posts\/54058","targetHints":{"allow":["GET"]}}],"collection":[{"href":"https:\/\/elpajaritonews.com\/index.php?rest_route=\/wp\/v2\/posts"}],"about":[{"href":"https:\/\/elpajaritonews.com\/index.php?rest_route=\/wp\/v2\/types\/post"}],"author":[{"embeddable":true,"href":"https:\/\/elpajaritonews.com\/index.php?rest_route=\/wp\/v2\/users\/2"}],"replies":[{"embeddable":true,"href":"https:\/\/elpajaritonews.com\/index.php?rest_route=%2Fwp%2Fv2%2Fcomments&post=54058"}],"version-history":[{"count":1,"href":"https:\/\/elpajaritonews.com\/index.php?rest_route=\/wp\/v2\/posts\/54058\/revisions"}],"predecessor-version":[{"id":54060,"href":"https:\/\/elpajaritonews.com\/index.php?rest_route=\/wp\/v2\/posts\/54058\/revisions\/54060"}],"wp:featuredmedia":[{"embeddable":true,"href":"https:\/\/elpajaritonews.com\/index.php?rest_route=\/wp\/v2\/media\/54059"}],"wp:attachment":[{"href":"https:\/\/elpajaritonews.com\/index.php?rest_route=%2Fwp%2Fv2%2Fmedia&parent=54058"}],"wp:term":[{"taxonomy":"category","embeddable":true,"href":"https:\/\/elpajaritonews.com\/index.php?rest_route=%2Fwp%2Fv2%2Fcategories&post=54058"},{"taxonomy":"post_tag","embeddable":true,"href":"https:\/\/elpajaritonews.com\/index.php?rest_route=%2Fwp%2Fv2%2Ftags&post=54058"}],"curies":[{"name":"wp","href":"https:\/\/api.w.org\/{rel}","templated":true}]}}