{"id":54100,"date":"2023-11-26T21:15:00","date_gmt":"2023-11-26T21:15:00","guid":{"rendered":"https:\/\/elpajaritonews.com\/?p=54100"},"modified":"2023-11-26T21:15:00","modified_gmt":"2023-11-26T21:15:00","slug":"perseguida-lucha-social-en-sonora","status":"publish","type":"post","link":"https:\/\/elpajaritonews.com\/?p=54100","title":{"rendered":"PERSEGUIDA, LUCHA SOCIAL EN SONORA"},"content":{"rendered":"<p>Alejandro Matty Ortega\/Irreverente Noticias<\/p>\n<p>Ciudad de M\u00e9xico (IN).- La lucha social es perseguida en Sonora, desde antes de la Independencia de M\u00e9xico a la fecha.<\/p>\n<p>El gobernador Alfonso Durazo Monta\u00f1o se encuentra lejos de los movimientos sociales y sus l\u00edderes en Sonora.<\/p>\n<p>Grandes son los reclamos de activistas que reprochan la actitid del mandatario que abandon\u00f3 a quienes le dieron su apoyo de manera incondicional desde antes de su campa\u00f1a para gobernador.<\/p>\n<p>FESOIES, el sindicato disidente de la CTM ha estado en concordancia con el proyecto del presidente Andr\u00e9s Manuel L\u00f3pez Obrador para acabar con el cacicazgo gremial; sin embargo, el gobernador Durazo en \u00faltimas fechas le brind\u00f3 su apoyo p\u00fablico al eterno l\u00edder de los trabajadores de la CTM en Sonora quien se reeligi\u00f3 por seis a\u00f1os m\u00e1s.<\/p>\n<p>De igual manera, abandon\u00f3 al Movimiento por el Libre Tr\u00e1nsito que desde el 2017, en plena campa\u00f1a pol\u00edtica de Andr\u00e9s Manuel L\u00f3pez Obrador, emprendi\u00f3 la toma de las 6 casetas de cobro en la carretera federal 15 tramo Estaci\u00f3n Don -Nogales como muestra de apoyo al proyecto de la Cuarta Transformaci\u00f3n.<\/p>\n<p>El movimiento social en 2021 apoy\u00f3 de manera incondicional la campa\u00f1a de Alfonso Durazo Monta\u00f1o para gobernador de Sonora.<\/p>\n<p>El apoyo fue aportando miles de votos para la causa, sobre todo en el sur de la entidad, ya que se anunciaba que con la llegada de Durazo Monta\u00f1o al gobierno de Sonora , las casetas de cobro desaparecer\u00edan, una demanda muy a\u00f1eja que exigen la mayor\u00eda de los sonorenses.<\/p>\n<p>Los trabajadores mineros tanto de Caborca como en Cananea expresaron y demostraron su apoyo en las urnas al presidente Andr\u00e9s Manuel L\u00f3pez Obrador y tambi\u00e9n al gobernador Alfonso Durazo Monta\u00f1o.<\/p>\n<p>Igual que el Gobierno de M\u00e9xico, no escucha, no atiende ni recibe las demandas sociales.<\/p>\n<p>El abandono de las causas sociales por parte del presidente Andr\u00e9s Manuel L\u00f3pez Obrador es notorio.<\/p>\n<p>El gobernador y el presidente no atienden, ni reciben a los luchadores sociales, ni sus causas como la de los mineros y afectados por el derrame del R\u00edo Sonora.<\/p>\n<p>Est\u00e1n completa y tristemente alejado del Pueblo, sobre todo de los m\u00e1s pobres en M\u00e9xico.<\/p>\n<p>Los estados del Sureste de M\u00e9xico registran grandes y graves problemas como el despojo de viviendas por parte del Infonavit.<\/p>\n<p>El tema de las desapariciones en varios estados como Jalisco, va escalando niveles hist\u00f3ricos.<\/p>\n<p>Activistas que protestan por fuera de Palacio de Gobierno son perseguidos, procesados y encarcelados.<\/p>\n<p>En general, un gobierno sin identidad ni personalidad propia.<\/p>\n<p>En Sonora, todo es y camina \u00abgracias a la Cuarta Transformaci\u00f3n\u00bb.<\/p>\n<p>Las etnias<\/p>\n<p>En Sonora, las tribus Yaqui, Seri, Mayo, Guarij\u00eda y P\u00e1pago enfrentaron la furia del Gobierno de la Rep\u00fablica desde la llegada de los espa\u00f1oles en 1521.<\/p>\n<p>Y durante m\u00e1s de 400 a\u00f1os.<\/p>\n<p>La huelga de Cananea<\/p>\n<p>En 1906, un grupo de valerosos mineros mineros de Cananea, cansados de la explotaci\u00f3n laboral y las peligrosas condiciones de inseguridad en la mina, estallaron la huelga.<\/p>\n<p>La represi\u00f3n del poder pol\u00edtico y econ\u00f3mico no se hizo esperar y lanz\u00f3 su enojo contra la lucha social que represent\u00f3 la cuna de la Revoluci\u00f3n Mexicana.<\/p>\n<p>Los cristeros<br \/>\nDurante y despu\u00e9s de las leyes de Reforma, la persecuci\u00f3n, represi\u00f3n, encarcelamiento y muerte de centenares de mexicanos en la Guerra Cristera, mostr\u00f3 el poder desde el \u00e1ngulo religioso, filos\u00f3fico, pol\u00edtico e ideol\u00f3gico en M\u00e9xico.<\/p>\n<p>Tlatelolco<\/p>\n<p>El 2 de octubre de 1968, la furia del Estado mexicano bajo la influencia del poder pol\u00edtico y econ\u00f3mico de Estados Unidos y su brazo ejecutor en la CIA, Tlatelolco se ti\u00f1\u00f3 de rojo con m\u00e1s de 300 muertes.<\/p>\n<p>Aunque el Gobierno asegura que s\u00f3lo 20 j\u00f3venes universitarios \u00abrebeldes\u00bb murieron.<\/p>\n<p>SIRM<\/p>\n<p>En Sonora, el 23 de octubre de 1975 se registr\u00f3 la llamada \u00abmatanza de San Ignacio R\u00edo Muerto\u00bb.<\/p>\n<p>El poder de los agrotitanes y terratenientes compr\u00f3 la fuerza p\u00fablica que intent\u00f3 despojar un predio invadido, causando la muerte de 7 humildes campesinos que peleaban por un trozo de tierra para sobrevivir.<\/p>\n<p>Ante esta matanza que involucra a polic\u00edas estatales e incluso a militares, el entonces gobernador Carlos Armando Bi\u00e9brich renunci\u00f3 a su cargo.<\/p>\n<p>En esta historia no hay v\u00edctimas ni h\u00e9roes, s\u00f3lo hay siete tumbas en el cementerio de San Ignacio R\u00edo Muerto, Sonora.<\/p>\n<p>Las tumbas recuerdan la lucha de un grupo de campesinos pobres por un pedazo de tierra.<\/p>\n<p>Las v\u00edctimas son Juan de Dios Ter\u00e1n Enr\u00edquez, Rogelio Robles Ruiz, Benjam\u00edn Robles Ruiz, Rafael L\u00f3pez Vizcarra, Miguel Guti\u00e9rrez L., Enrique F\u00e9lix Flores y Gildardo Gil Ochoa.<\/p>\n<p>Los posesionarios<\/p>\n<p>Desde el 2003, un grupo de posesionarios de terrenos al margen de la presa \u00abAbelardo L. Rodr\u00edguez\u00bb, siguen padeciendo el abuso de poder.<\/p>\n<p>Por m\u00e1s de 20 a\u00f1os han luchado pir su derecho a no ser despojados ni desalojados de las tierras codiciadas por la familia Coppel-Lemnenmeyer.<\/p>\n<p>Cientos de polic\u00edas estatales y municipales de Hermosillo, han sido utilizados para intimidar, perseguir y detener a los l\u00edderes sociales que defienden su predio en el sector de Las Amapolas.<\/p>\n<p>Los guardias<\/p>\n<p>Desde el 2003, inici\u00f3 la lucha por los derechos laborales de los guardias de seguridad privada contin\u00faa.<\/p>\n<p>Luego de lograr una Ley de Seguridad Privada para el Estado de Sonora, esta no se aplica.<\/p>\n<p>El l\u00edder social y sindical Claudio Huidobro C\u00e1rdenas a\u00fan exige se cumpla con la ley, sin ser escuchado.<\/p>\n<p>La radiaci\u00f3n<\/p>\n<p>Desde el 2007, la familia R\u00edos Fimbres ha denunciado radiaci\u00f3n en su vivienda y en la colonia Altares, al Sur de Hermosillo.<\/p>\n<p>La familia de 5 integrantes presenta c\u00e1ncer y varias enfermedades en su cuerpo por la exposici\u00f3n al material radiactivo presente en las varillas contamidas por Cobalto 60 con la que se construy\u00f3 su casa.<\/p>\n<p>Tras 16 a\u00f1os de lucha, el Gobierno del Estado y Federaci\u00f3n los siguen ignorando.<\/p>\n<p>Desde Bours y Calder\u00f3n, hasta Alfonso Durazo y L\u00f3pez Obrador.<\/p>\n<p>La Secci\u00f3n 65<\/p>\n<p>El 31 de julio del 2007, el l\u00edder Sergio Tolano Liz\u00e1rraga y los mineros de la Secci\u00f3n 65 estalllaron la huelga de Cananea.<\/p>\n<p>La represi\u00f3n, persecuci\u00f3n y hostigamiento del due\u00f1o de \u00abBuenavista del Cobre\u00bb, Germ\u00e1n Larrea, y del Gobierno federal con Felipe Calder\u00f3n como presidente de M\u00e9xico, no se hicieron esperar.<\/p>\n<p>En enero del 2008, m\u00e1s de mil polic\u00edas federales fueron utilizados para sofocar la huelga y detener a los l\u00edderes mineros de Cananea.<br \/>\nLa acci\u00f3n se repiti\u00f3 en menor nivel del 2009 al 2023.<\/p>\n<p>Este a\u00f1o en el bloqueo de la carretera \u00cdmuris-Cananea con el arribo de decenas de polic\u00edas estatales y elementos de la Guardia Nacional a la Ciudad del Cobre.<\/p>\n<p>Simult\u00e1neamente, mineros de Caborca bloquearon la carretera internacional para exigir libertad sindical.<\/p>\n<p>La lucha de los mineros de Cananea contin\u00faa en el Z\u00f3calo capitalino frente a Palacio Nacional, junto a los compa\u00f1eros de Taxco y Sombrerete.<\/p>\n<p>El Acueducto<\/p>\n<p>El 2009, un grupo de opositores al Acueducto Independencia, sinti\u00f3 la furia y persecuci\u00f3n del Gobierno del Estado y la Federaci\u00f3n al salir a protestar a las calles de Ciudad Obreg\u00f3n.<\/p>\n<p>El movimiento social fue \u00abNo al Novillo\u00bb.<\/p>\n<p>Las protestas se extendieron a bloqueos carreteros y Palacio de Gobierno.<\/p>\n<p>Cientos de polic\u00edas estatales fueron utilizados por el gobernador Guillermo Padr\u00e9s para sofocar la lucha social.<\/p>\n<p>San Antonio<\/p>\n<p>El 2012, en la mina de San Antonio, Municipio de Soyopa, m\u00e1s de 100 polic\u00edas estatales irrumpieron la paz del pueblo para someter y detener a mineros que luchaban por sus derechos de tierra y a una renta que no se les pag\u00f3.<\/p>\n<p>ABC<\/p>\n<p>El 2009, tras la tragedia de la Guarder\u00eda ABC, familiares de los 49 ni\u00f1os que perdieron la vida, denunciaron abusos de autoridad.<\/p>\n<p>Periodistas que cubrieron los hechos tr\u00e1gicos, han recibido amenazas y sufrido hostigamiento oficial a la fecha.<br \/>\nDurante el gobierno de Eduardo Bours la represi\u00f3n se acentu\u00f3.<\/p>\n<p>Los yaquis<\/p>\n<p>Del 2010 al 2023, la lucha de los integrantes de la Tribu Yaqui por el derecho de v\u00eda y derecho al agua, es otro claro ejemplo de represi\u00f3n oficial.<\/p>\n<p>Por luchar adem\u00e1s contra la invasi\u00f3n, construcci\u00f3n y cruce del gasoducto por tierra yaqui, Mario Luna y otros integrantes de la etnia sonorense fueron perseguidos, detenidos, encarcelados y exiliados y autoexiliados de M\u00e9xico.<\/p>\n<p>Otros perdieron la vida en extra\u00f1as y no claras situaciones.<\/p>\n<p>El derrame<\/p>\n<p>El 2014, tras el peor derrame t\u00f3xico en la historia de M\u00e9xico en el R\u00edo Sonora, habitantes de la regi\u00f3n se levantaron contra el criminal da\u00f1o ecol\u00f3gico y apat\u00eda del Gobierno del Estado y federal.<\/p>\n<p>La persecuci\u00f3n y represi\u00f3n oficial, bajo la influencia del poder econ\u00f3mico de Grupo M\u00e9xico, no se hizo esperar.<\/p>\n<p>Los l\u00edderes sociales fueron v\u00edctimas de acoso, despidos, amenazas, censuras y detenciones.<\/p>\n<p>Los periodistas<\/p>\n<p>El 2019, en el gobierno de Claudia Pavlovich, varios periodistas sufrieron atentados y agresiones por denunciar corrupci\u00f3n en el Gobierno del Estado, Municipales y federal.<\/p>\n<p>Al menos 10 fueron asesinados por decir y escribir la verdad en Sonora.<br \/>\nTodas las agresiones a periodistas siguen impunes.<\/p>\n<p>En julio del 2020, los periodistas Marco Duarte y Miguel Valdez fueron encarcelados por denunciar corrupci\u00f3n en el Gobierno Municipal de Ciudad Obreg\u00f3n.<\/p>\n<p>A un a\u00f1o lograron la libertad absueltos.<\/p>\n<p>Una de las medidas reparatorias del da\u00f1o fue la disculpa p\u00fablica a los dos agentes del Ministerio P\u00fablico de los Sectores 1 y 2 adscritos a Ciudad Obreg\u00f3n.<\/p>\n<p>La lucha legal por restituir sus derechos contin\u00faa en un proceso judicial que parece no avanzar y una justicia lenta dentro de los aparatos de procuraci\u00f3n y administraci\u00f3n de justicia que exhiben la falla sist\u00e9mica del Estado mexicano en materia de Derechos Humanos.<\/p>\n<p>Hoy, con su libertad y su nombre limpio, Marco y Miguel a\u00fan esperan el resto de los actos de reparaci\u00f3n del da\u00f1o por parte de las autoridades municipales y ministeriales involucradas en estos hechos de corrupci\u00f3n y tr\u00e1fico de influencias que no terminan de ocurrir contra ciudadanos de bien en Sonora.<\/p>\n<p>El libre tr\u00e1nsito<\/p>\n<p>La represi\u00f3n y la criminalizaci\u00f3n de la lucha social en Sonora,\u00a0 continu\u00f3 con el nacimiento del Movimiento\u00a0 por el Libre Tr\u00e1nsito en Sonora (MLT).<\/p>\n<p>En enero del 2017, Alfonso Canaan Casta\u00f1os y un grupo de activistas tomaron la caseta de cobro en Hermosillo.<\/p>\n<p>La lucha social inici\u00f3 contra el cobro de peaje en la carretera Cuatro Carriles luego de expirar la concesi\u00f3n asignada a poderosos empresarios sonorenses gracias al tr\u00e1fico de influencias en M\u00e9xico.<\/p>\n<p>Por esta lucha, Canaan Casta\u00f1os fue perseguido, detenido y encarcelado.<\/p>\n<p>Varios integrantes de esta lucha social sufrieron las mismas consecuencias los \u00faltimos 6 a\u00f1os.<\/p>\n<p>Apenas hace 2 meses, la represi\u00f3n, persecuci\u00f3n y hostigamiento, se repitieron en la caseta de cobro de Hermosillo.<\/p>\n<p>Esta lucha se mantiene vigente en lo jur\u00eddico, en tanto 5 de los activistas detenidos ya fueron liberados por los Juzgados federales.<\/p>\n<p>Apenas el viernes detuvieron y luberaron a Alfonso Canaan Casta\u00f1os.<\/p>\n<p>Lo anterior pese a exhibir un amparo.<\/p>\n<p>Luego de minutos en la AMIC, fue liberado con el argumento de haber sido \u00abuna confusi\u00f3n\u00bb.<\/p>\n<p>La CEDH<\/p>\n<p>Desde marzo del 2021 a la fecha, el presidente de la CEDH Sonora ha despedido a m\u00e1s de 40 empleados de manera\u00a0 imegal, injusta e injustificada.<\/p>\n<p>Este acto ilegal y de corrupci\u00f3n sigue en total impunidad ante un Congreso y Gobierno permisivos y ausentes.<\/p>\n<p>La Sant\u00edsima Trinidad<\/p>\n<p>Recientemente, en junio pasado, decenas de polic\u00edas estatales y municipales desplegaron un operativo para desalojar de un predio del Sur de Hermosillo a una poblaci\u00f3n yaqui.<\/p>\n<p>\u00abLa Sant\u00edsima Trinidad\u00bb es una comunidad de 300 yaquis entre ni\u00f1os, ni\u00f1as, adolescentes, adultos y ancianos que sobreviven sin agua, alimento ni energ\u00eda el\u00e9ctrica.<\/p>\n<p>Esta comunidad se encuentra a 300 metros de la colonia Haciendas fel Sur, en la capital de Sonora.<\/p>\n<p>Las otras luchas<\/p>\n<p>Decenas de protestas por la falta de viviendas en Hermosillo han sido sofocadas en Palacio Municipal y xe Gobierno con los concesionarios del transporte p\u00fablico.<\/p>\n<p>Desde el 2020 a la fecha, la lucha de un grupo de jubilados y pensionados del Ayuntamiento de Hermosillo, ha sido reprimida y limitada por la fuerza p\u00fablica.<\/p>\n<p>En julio, un grupo de \u00abcarperos\u00bb fue desalojado del \u00e1rea de palapas en la playa de Bah\u00eda de Kino.<br \/>\nUn centenar de polic\u00edas municipales de Hermosillo encabezaron este desalojo de mujeres y j\u00f3venes que cobraban la entrada a los ba\u00f1os.<\/p>\n<p>Dede julio, un grupo de maestros jubilados y pensionados protesta por el cobro del ISR por parte del Issteson.<\/p>\n<p>Al momento,\u00a0 sus demandas y exigencias no han sido atendidas.<\/p>\n<p>La Uni\u00f3n de Usuarios<\/p>\n<p>Durante el 2022 y a la fecha, la Uni\u00f3n de Usuarios de Hermosillo, elev\u00f3 su protesta contra los excesivos cobros de energ\u00eda el\u00e9ctrica en Sonora.<\/p>\n<p>En la defensa y mediaci\u00f3n ante la Comisi\u00f3n Federal de Electricidad, Ignacio Peinado Luna fue demandado penalmente por la empresa ante la Fiscal\u00eda General de la Rep\u00fablica (FGR).<\/p>\n<p>Seg\u00fan la CFE, la acusaci\u00f3n es por \u00absabotaje y delitos contra el consumo y la riqueza nacional\u00bb.<\/p>\n<p>Dichos delitos fabricados por la CFE nunca existieron.<\/p>\n<p>Ello fue por los plantones realizados por la Uni\u00f3n de Usuarios de Hermosillo<br \/>\nel a\u00f1o pasado.<\/p>\n<p>Peinado Luna lament\u00f3 que luego de que la FGR determinara que no hay delito qu\u00e9 perseguir, la CFE impugn\u00f3 la resoluci\u00f3n para da\u00f1ar y erradicar la lucha social contra las altas tarifas de energ\u00eda el\u00e9ctrica en Sonora.<\/p>\n<p>La acusaci\u00f3n de la CFE es por sabotaje y delitos contra el consumo y la riqueza nacional contra Ignacio Peinado y varios usuarios manifestantes de Hermosillo.<\/p>\n<p>La persecuci\u00f3n<\/p>\n<p>Sin embargo, \u00abel tema de fondo es la persecuci\u00f3n y que no solamente no cumplen sus palabras, sino que quieren vernos en la c\u00e1rcel\u00bb.<\/p>\n<p>Nacho Peinado cuestion\u00f3 \u00ab\u00bfcon qu\u00e9 objeto?, pues s\u00f3lo van a desestabilizar la lucha social\u201d.<\/p>\n<p>Dijo que \u00abpor la v\u00eda jur\u00eddica, desde el a\u00f1o pasado se ha dado la batalla por nuestra defensa, luego de que se nos imputaran delitos por las manifestaciones del a\u00f1o pasado\u00bb.<\/p>\n<p>Sin embargo, \u00abya que la FGR determin\u00f3 que no hab\u00eda delitos qu\u00e9 perseguir, a principios de agosto\u00a0la CFE impugna sobre este resultado\u201c.<\/p>\n<p>De ah\u00ed se deriva la escalada de persecuciones y hostigamientos de los directivos y gerentes de la CFE Sonora.<\/p>\n<p>Por fortuna, hace 2 semanas un juez federal absolvi\u00f3 de todo cargo a Nacho Peinado.<\/p>\n<p>Hist\u00f3ricamente, la lucha social ha sido reprimida por el Gobierno en la defensa de los intereses de unos cuantos empresarios y pol\u00edticos poderosos que comprueban que la ley y la justicia, s\u00f3lo favorecen a quienes las compran en M\u00e9xico.<\/p>\n<p>Y las compran, procuran y administran, con el dinero que la sociedad pone en sus manos para hacerse cada vez m\u00e1s ricos y poderosos.<\/p>\n<p>En Sonora, la persecuci\u00f3n y represi\u00f3n contra los l\u00edderes sociales, est\u00e1 a la orden del d\u00eda.<\/p>\n","protected":false},"excerpt":{"rendered":"<p>Alejandro Matty Ortega\/Irreverente Noticias Ciudad de M\u00e9xico (IN).- La lucha social es perseguida en Sonora, desde antes de la Independencia de M\u00e9xico a la fecha. El gobernador Alfonso Durazo Monta\u00f1o se encuentra lejos de los movimientos sociales y sus l\u00edderes en Sonora. Grandes son los reclamos de activistas que reprochan la actitid del mandatario que&#8230;<\/p>\n","protected":false},"author":2,"featured_media":54101,"comment_status":"closed","ping_status":"closed","sticky":false,"template":"","format":"standard","meta":{"_crdt_document":"","_exactmetrics_skip_tracking":false,"_exactmetrics_sitenote_active":false,"_exactmetrics_sitenote_note":"","_exactmetrics_sitenote_category":0,"footnotes":""},"categories":[36,26,23,19,31,27],"tags":[28,29,30],"class_list":["post-54100","post","type-post","status-publish","format-standard","has-post-thumbnail","hentry","category-economia","category-local","category-mexico","category-opinion","category-politica","category-sonora","tag-nogales","tag-nogales-la-gran-frontera","tag-sonora-tierra-de-oportunidades"],"_links":{"self":[{"href":"https:\/\/elpajaritonews.com\/index.php?rest_route=\/wp\/v2\/posts\/54100","targetHints":{"allow":["GET"]}}],"collection":[{"href":"https:\/\/elpajaritonews.com\/index.php?rest_route=\/wp\/v2\/posts"}],"about":[{"href":"https:\/\/elpajaritonews.com\/index.php?rest_route=\/wp\/v2\/types\/post"}],"author":[{"embeddable":true,"href":"https:\/\/elpajaritonews.com\/index.php?rest_route=\/wp\/v2\/users\/2"}],"replies":[{"embeddable":true,"href":"https:\/\/elpajaritonews.com\/index.php?rest_route=%2Fwp%2Fv2%2Fcomments&post=54100"}],"version-history":[{"count":1,"href":"https:\/\/elpajaritonews.com\/index.php?rest_route=\/wp\/v2\/posts\/54100\/revisions"}],"predecessor-version":[{"id":54102,"href":"https:\/\/elpajaritonews.com\/index.php?rest_route=\/wp\/v2\/posts\/54100\/revisions\/54102"}],"wp:featuredmedia":[{"embeddable":true,"href":"https:\/\/elpajaritonews.com\/index.php?rest_route=\/wp\/v2\/media\/54101"}],"wp:attachment":[{"href":"https:\/\/elpajaritonews.com\/index.php?rest_route=%2Fwp%2Fv2%2Fmedia&parent=54100"}],"wp:term":[{"taxonomy":"category","embeddable":true,"href":"https:\/\/elpajaritonews.com\/index.php?rest_route=%2Fwp%2Fv2%2Fcategories&post=54100"},{"taxonomy":"post_tag","embeddable":true,"href":"https:\/\/elpajaritonews.com\/index.php?rest_route=%2Fwp%2Fv2%2Ftags&post=54100"}],"curies":[{"name":"wp","href":"https:\/\/api.w.org\/{rel}","templated":true}]}}