{"id":54111,"date":"2023-11-27T20:34:11","date_gmt":"2023-11-27T20:34:11","guid":{"rendered":"https:\/\/elpajaritonews.com\/?p=54111"},"modified":"2023-11-27T20:34:11","modified_gmt":"2023-11-27T20:34:11","slug":"ramon-flores-toma-protesta-a-nuevos-comites-municipales-del-pt-en-santa-cruz-imuris-y-santa-ana","status":"publish","type":"post","link":"https:\/\/elpajaritonews.com\/?p=54111","title":{"rendered":"RAMON FLORES TOMA PROTESTA A NUEVOS COMIT\u00c9S MUNICIPALES DEL PT EN SANTA CRUZ, \u00cdMURIS Y SANTA ANA"},"content":{"rendered":"<p>Ramon Flores Robles e integrantes del Partido del Trabajo en Sonora (PT), llevaron a cabo este fin de semana recorridos por diversos municipios del norte de la entidad y ser part\u00edcipes de tomas de protesta de nuevas coordinaciones municipales.<\/p>\n<p>El primer punto visitado el pasado s\u00e1bado por el Comisionado Pol\u00edtico Nacional del Partido del Trabajo en Sonora (PT) y comitiva fue Santa Cruz donde se tom\u00f3 protesta a Enrique P\u00e9rez como Coordinador municipal de afiliaci\u00f3n del PT en ese municipio y entre los asistentes estuvo Leticia Calder\u00f3n Fuentes, Coordinadora de Afiliaci\u00f3n del Distrito 2 Federal y Jhonatan Grijalva, Coordinador de Afiliaci\u00f3n Municipal de Nogales.<br \/>\n<img loading=\"lazy\" decoding=\"async\" class=\"alignnone  wp-image-54113\" src=\"https:\/\/elpajaritonews.com\/wp-content\/uploads\/2023\/11\/bda06502-6243-45af-922c-279f869f27f3-300x225.jpg\" alt=\"\" width=\"621\" height=\"466\" srcset=\"https:\/\/elpajaritonews.com\/wp-content\/uploads\/2023\/11\/bda06502-6243-45af-922c-279f869f27f3-300x225.jpg 300w, https:\/\/elpajaritonews.com\/wp-content\/uploads\/2023\/11\/bda06502-6243-45af-922c-279f869f27f3-1024x768.jpg 1024w, https:\/\/elpajaritonews.com\/wp-content\/uploads\/2023\/11\/bda06502-6243-45af-922c-279f869f27f3-768x576.jpg 768w, https:\/\/elpajaritonews.com\/wp-content\/uploads\/2023\/11\/bda06502-6243-45af-922c-279f869f27f3-1536x1152.jpg 1536w, https:\/\/elpajaritonews.com\/wp-content\/uploads\/2023\/11\/bda06502-6243-45af-922c-279f869f27f3-560x420.jpg 560w, https:\/\/elpajaritonews.com\/wp-content\/uploads\/2023\/11\/bda06502-6243-45af-922c-279f869f27f3-80x60.jpg 80w, https:\/\/elpajaritonews.com\/wp-content\/uploads\/2023\/11\/bda06502-6243-45af-922c-279f869f27f3-100x75.jpg 100w, https:\/\/elpajaritonews.com\/wp-content\/uploads\/2023\/11\/bda06502-6243-45af-922c-279f869f27f3-180x135.jpg 180w, https:\/\/elpajaritonews.com\/wp-content\/uploads\/2023\/11\/bda06502-6243-45af-922c-279f869f27f3-238x178.jpg 238w, https:\/\/elpajaritonews.com\/wp-content\/uploads\/2023\/11\/bda06502-6243-45af-922c-279f869f27f3-640x480.jpg 640w, https:\/\/elpajaritonews.com\/wp-content\/uploads\/2023\/11\/bda06502-6243-45af-922c-279f869f27f3-681x511.jpg 681w, https:\/\/elpajaritonews.com\/wp-content\/uploads\/2023\/11\/bda06502-6243-45af-922c-279f869f27f3.jpg 1600w\" sizes=\"auto, (max-width: 621px) 100vw, 621px\" \/><br \/>\nEn ese evento, los asistentes hicieron hincapi\u00e9 que hac\u00eda falta una ambulancia y equipamiento en el centro de salud de esa localidad para atender emergencias, ya que la comunidad tiene que trasladar a los enfermos en autos particulares a Nogales.<\/p>\n<p>Posteriormente por la tarde del s\u00e1bado, en el municipio de \u00cdmuris, se le tom\u00f3 protesta a Natividad Ram\u00edrez como Coordinador Municipal de Afiliaci\u00f3n y quien recibi\u00f3 todo el respaldo de su familia y de la gente de esa localidad.<br \/>\n<img loading=\"lazy\" decoding=\"async\" class=\"alignnone  wp-image-54115\" src=\"https:\/\/elpajaritonews.com\/wp-content\/uploads\/2023\/11\/83d8f29d-e64b-4799-b85b-47dca0dca329-300x300.jpg\" alt=\"\" width=\"609\" height=\"609\" srcset=\"https:\/\/elpajaritonews.com\/wp-content\/uploads\/2023\/11\/83d8f29d-e64b-4799-b85b-47dca0dca329-300x300.jpg 300w, https:\/\/elpajaritonews.com\/wp-content\/uploads\/2023\/11\/83d8f29d-e64b-4799-b85b-47dca0dca329-1024x1024.jpg 1024w, https:\/\/elpajaritonews.com\/wp-content\/uploads\/2023\/11\/83d8f29d-e64b-4799-b85b-47dca0dca329-150x150.jpg 150w, https:\/\/elpajaritonews.com\/wp-content\/uploads\/2023\/11\/83d8f29d-e64b-4799-b85b-47dca0dca329-768x769.jpg 768w, https:\/\/elpajaritonews.com\/wp-content\/uploads\/2023\/11\/83d8f29d-e64b-4799-b85b-47dca0dca329-420x420.jpg 420w, https:\/\/elpajaritonews.com\/wp-content\/uploads\/2023\/11\/83d8f29d-e64b-4799-b85b-47dca0dca329-640x641.jpg 640w, https:\/\/elpajaritonews.com\/wp-content\/uploads\/2023\/11\/83d8f29d-e64b-4799-b85b-47dca0dca329-681x682.jpg 681w, https:\/\/elpajaritonews.com\/wp-content\/uploads\/2023\/11\/83d8f29d-e64b-4799-b85b-47dca0dca329.jpg 1279w\" sizes=\"auto, (max-width: 609px) 100vw, 609px\" \/><br \/>\nPara el d\u00eda domingo al mediod\u00eda, la comitiva de integrantes del PT Sonora, se trasladaron al municipio de Santa Ana y formaron parte de la toma de protesta de Esmeralda Castillo como nueva Coordinadora de Afiliaci\u00f3n Municipal.<\/p>\n<p>Finalmente, Ramon Flores constat\u00f3 la participaci\u00f3n de Vanesa Siqueiros, mujer invidente que a pesar de las dificultades ha salido adelante, es licenciada en Psicolog\u00eda y madre de una ni\u00f1a de 9 a\u00f1os, y tambi\u00e9n escuch\u00f3 solicitudes de apoyo para el Icatson municipal, ya que se\u00f1alaron no cuenta con instalaciones dignas<br \/>\n<img loading=\"lazy\" decoding=\"async\" class=\"alignnone  wp-image-54116\" src=\"https:\/\/elpajaritonews.com\/wp-content\/uploads\/2023\/11\/de881a49-7040-499f-9dd0-e1e274d2f34b-300x169.jpg\" alt=\"\" width=\"623\" height=\"351\" srcset=\"https:\/\/elpajaritonews.com\/wp-content\/uploads\/2023\/11\/de881a49-7040-499f-9dd0-e1e274d2f34b-300x169.jpg 300w, https:\/\/elpajaritonews.com\/wp-content\/uploads\/2023\/11\/de881a49-7040-499f-9dd0-e1e274d2f34b-1024x577.jpg 1024w, https:\/\/elpajaritonews.com\/wp-content\/uploads\/2023\/11\/de881a49-7040-499f-9dd0-e1e274d2f34b-768x433.jpg 768w, https:\/\/elpajaritonews.com\/wp-content\/uploads\/2023\/11\/de881a49-7040-499f-9dd0-e1e274d2f34b-746x420.jpg 746w, https:\/\/elpajaritonews.com\/wp-content\/uploads\/2023\/11\/de881a49-7040-499f-9dd0-e1e274d2f34b-640x361.jpg 640w, https:\/\/elpajaritonews.com\/wp-content\/uploads\/2023\/11\/de881a49-7040-499f-9dd0-e1e274d2f34b-681x384.jpg 681w, https:\/\/elpajaritonews.com\/wp-content\/uploads\/2023\/11\/de881a49-7040-499f-9dd0-e1e274d2f34b.jpg 1280w\" sizes=\"auto, (max-width: 623px) 100vw, 623px\" \/><br \/>\n\u201cPara nosotros es de suma importancia escuchar de viva voz lo que consideran hace falta y las autoridades deben atenderles. De mi parte y del Partido del Trabajo en Sonora decirles que hacemos aqu\u00ed ante ustedes un compromiso de traer a Santa Ana los talleres del Sectorial de Mujeres y que Vanesa nos apoye participando con una ponencia\u201d, concluy\u00f3.<\/p>\n","protected":false},"excerpt":{"rendered":"<p>Ramon Flores Robles e integrantes del Partido del Trabajo en Sonora (PT), llevaron a cabo este fin de semana recorridos por diversos municipios del norte de la entidad y ser part\u00edcipes de tomas de protesta de nuevas coordinaciones municipales. El primer punto visitado el pasado s\u00e1bado por el Comisionado Pol\u00edtico Nacional del Partido del Trabajo&#8230;<\/p>\n","protected":false},"author":2,"featured_media":54112,"comment_status":"closed","ping_status":"closed","sticky":false,"template":"","format":"standard","meta":{"_crdt_document":"","_exactmetrics_skip_tracking":false,"_exactmetrics_sitenote_active":false,"_exactmetrics_sitenote_note":"","_exactmetrics_sitenote_category":0,"footnotes":""},"categories":[35,19,31,27],"tags":[28,29,30],"class_list":["post-54111","post","type-post","status-publish","format-standard","has-post-thumbnail","hentry","category-elecciones-2024","category-opinion","category-politica","category-sonora","tag-nogales","tag-nogales-la-gran-frontera","tag-sonora-tierra-de-oportunidades"],"_links":{"self":[{"href":"https:\/\/elpajaritonews.com\/index.php?rest_route=\/wp\/v2\/posts\/54111","targetHints":{"allow":["GET"]}}],"collection":[{"href":"https:\/\/elpajaritonews.com\/index.php?rest_route=\/wp\/v2\/posts"}],"about":[{"href":"https:\/\/elpajaritonews.com\/index.php?rest_route=\/wp\/v2\/types\/post"}],"author":[{"embeddable":true,"href":"https:\/\/elpajaritonews.com\/index.php?rest_route=\/wp\/v2\/users\/2"}],"replies":[{"embeddable":true,"href":"https:\/\/elpajaritonews.com\/index.php?rest_route=%2Fwp%2Fv2%2Fcomments&post=54111"}],"version-history":[{"count":1,"href":"https:\/\/elpajaritonews.com\/index.php?rest_route=\/wp\/v2\/posts\/54111\/revisions"}],"predecessor-version":[{"id":54117,"href":"https:\/\/elpajaritonews.com\/index.php?rest_route=\/wp\/v2\/posts\/54111\/revisions\/54117"}],"wp:featuredmedia":[{"embeddable":true,"href":"https:\/\/elpajaritonews.com\/index.php?rest_route=\/wp\/v2\/media\/54112"}],"wp:attachment":[{"href":"https:\/\/elpajaritonews.com\/index.php?rest_route=%2Fwp%2Fv2%2Fmedia&parent=54111"}],"wp:term":[{"taxonomy":"category","embeddable":true,"href":"https:\/\/elpajaritonews.com\/index.php?rest_route=%2Fwp%2Fv2%2Fcategories&post=54111"},{"taxonomy":"post_tag","embeddable":true,"href":"https:\/\/elpajaritonews.com\/index.php?rest_route=%2Fwp%2Fv2%2Ftags&post=54111"}],"curies":[{"name":"wp","href":"https:\/\/api.w.org\/{rel}","templated":true}]}}