{"id":54132,"date":"2023-11-28T21:07:21","date_gmt":"2023-11-28T21:07:21","guid":{"rendered":"https:\/\/elpajaritonews.com\/?p=54132"},"modified":"2023-11-28T21:07:21","modified_gmt":"2023-11-28T21:07:21","slug":"va-el-libramiento-en-imuris-alfonso-durazo","status":"publish","type":"post","link":"https:\/\/elpajaritonews.com\/?p=54132","title":{"rendered":"\u00abVA, EL LIBRAMIENTO EN \u00cdMURIS\u00bb: ALFONSO DURAZO"},"content":{"rendered":"<p>Alejandro Matty Ortega\/Irreverente Noticias<\/p>\n<p>Ciudad de Mexico (IN).- \u00abEl libramiento en \u00cdmuris, va\u00bb, asegur\u00f3 el gobernador Alfonso Durazo Monta\u00f1o.<\/p>\n<p>En conferencia de prensa el martes 28 de noviembre desde Palacio de Gobierno, el mandatario enfatiz\u00f3 que en caso de da\u00f1os al medio ambiente, habr\u00e1 una pronta remediaci\u00f3n por parte del gobierno.<\/p>\n<p>Dijo que desde cualquier punto de fronterizo, habr\u00e1 da\u00f1o ambiental; aunque prometi\u00f3 una remediaci\u00f3n inmediata por parte del Gobierno del Estado.<\/p>\n<p>Adem\u00e1s, reiter\u00f3 que la obra no afecta a la regi\u00f3n ni al R\u00edo Coc\u00f3spera, as\u00ed como aseguran los grupos de activistas y ambientalistas de \u00cdmuris.<\/p>\n<p>Mencion\u00f3 que las v\u00edas pasan por terrenos de los cuales cuentan con permisos correspondientes.<\/p>\n<p>Insisti\u00f3 en que no se construir\u00eda sobre tierras que no sean del Gobierno federal o del Estado.<\/p>\n<p>Durazo Monta\u00f1o neg\u00f3 que la obra sea un secreto y acept\u00f3 que ha faltado informaci\u00f3n oficial por parte de su gobierno y el Gobierno de M\u00e9xico.<\/p>\n<p>El mandatario justific\u00f3 que este libramiento de las v\u00edas f\u00e9rreas de 63 kil\u00f3metros de \u00cdmuris a Nogales, es una obra emblem\u00e1tica y necesaria.<\/p>\n<p>Lo anterior para, junto a la modernizaci\u00f3n del puerto de Guaymas, eficientar la exportaci\u00f3n de productos y la econom\u00eda a Estados Unidos.<\/p>\n<p>Alfonso Durazo destac\u00f3 que la inversi\u00f3n estimada de la obra f\u00e9rrea es de m\u00e1s de 6 mil 800 millones de pesos.<\/p>\n<p>Reiter\u00f3 la necesidad de sacar las v\u00edas del tren de Nogales lo que generar\u00e1 una liberaci\u00f3n de 68 hect\u00e1teas de terreno urbano que detonar\u00e1 el crecimiento y el desarollo en la frontera de Sonora.<\/p>\n<p>El gobernador Durazo adelant\u00f3 que este mi\u00e9rcoles sostendr\u00e1 un di\u00e1logo con ambientalistas inconformes con el libramiento de \u00cdmuris.<\/p>\n<p>A cargo de la Secretar\u00eda de la Defensa Nacional (Sedena), la obra no cuenta con Estudio de Impacto Ambiental, Proyecto Ejecutivo, Cambio de Uso de Suelo, ni fue sometida a consulta informativa ciudana, denunciaron colectivos de ambientalistas de la regi\u00f3n.<\/p>\n<p>La falta de informaci\u00f3n p\u00fablica y t\u00e9cnica sobre la obra, inquiet\u00f3 a los 12 mil 500 pobladores de \u00cdmuris que expresan su inconformidad por la afectaci\u00f3n al medio ambiente con la construcci\u00f3n de un nuevo tramo f\u00e9rreo de 63 kil\u00f3metros que beneficia principalmente a dos minas del Grupo M\u00e9xico.<\/p>\n<p>Sergio M\u00fcller, director de Caminantes del Desierto A.C., se\u00f1al\u00f3 que \u00abse est\u00e1 fragmentando el ecosistema, aqu\u00ed transitan jaguares y oso negro\u00bb.<\/p>\n<p>Afirm\u00f3 que la obra que pasa por el rancho El Aribabi es un \u00c1rea Natural Protegida, \u00abno podemos tener una obra de ese tipo que no sabemos cu\u00e1les van a ser las afectaciones\u00bb.<\/p>\n<p>Sostuvo que la obra afectar\u00e1 el medio ambiente y propiedades de las familias de \u00cdmuris, Sonora.<\/p>\n<p>Por lo pronto, Caminantes del Desierto A.C. convoca a una marcha para exigir una construcci\u00f3n de v\u00edas f\u00e9rreas responsables que generen desarrollo con sustentabilidad.<\/p>\n<p>La \u00abMarcha de las Luci\u00e9rnagas\u00bb tendr\u00e1 lugar este mi\u00e9rcoles 29 de noviembre a las 5 de la tarde, en las escalinatas del Museo de la Universidad de Sonora al Palacio de Gobierno.<\/p>\n<p>En Sonora \u00abtenemos un Santuario Copechi en el R\u00edo Coc\u00f3spera y corre riesgo de desaparecer por la construcci\u00f3n del Tren Fronterizo\u00bb.<\/p>\n<p>El R\u00edo Coc\u00f3spera \u00abes un sitio ecotur\u00edstico y de gran importancia para la biodiversidad, aqu\u00ed se han visto osos, jaguares, ocelotes y \u00e1guilas\u00bb.<\/p>\n<p>Es uno de los r\u00edos \u00abm\u00e1s saludables que tenemos en Sonora, casi todo el a\u00f1o tiene agua y esto se debe a las labores de conservaci\u00f3n que se han hecho en los ranchos aleda\u00f1os\u00bb.<\/p>\n<p>La marcha es \u00abpara manifestarnos a favor de la conservaci\u00f3n y cuidado de esta \u00c1rea Natural Protegida de Sonora\u00bb.<\/p>\n<p><iframe loading=\"lazy\" title=\"Atenci\u00f3n a medios de comunicaci\u00f3n del Estado desde Cananea, Sonora | 28\/11\/2023\" width=\"640\" height=\"360\" src=\"https:\/\/www.youtube.com\/embed\/-WvvlZuQu0k?feature=oembed\" frameborder=\"0\" allow=\"accelerometer; autoplay; clipboard-write; encrypted-media; gyroscope; picture-in-picture; web-share\" referrerpolicy=\"strict-origin-when-cross-origin\" allowfullscreen><\/iframe><\/p>\n","protected":false},"excerpt":{"rendered":"<p>Alejandro Matty Ortega\/Irreverente Noticias Ciudad de Mexico (IN).- \u00abEl libramiento en \u00cdmuris, va\u00bb, asegur\u00f3 el gobernador Alfonso Durazo Monta\u00f1o. En conferencia de prensa el martes 28 de noviembre desde Palacio de Gobierno, el mandatario enfatiz\u00f3 que en caso de da\u00f1os al medio ambiente, habr\u00e1 una pronta remediaci\u00f3n por parte del gobierno. Dijo que desde cualquier&#8230;<\/p>\n","protected":false},"author":2,"featured_media":54133,"comment_status":"closed","ping_status":"closed","sticky":false,"template":"","format":"standard","meta":{"_crdt_document":"","_exactmetrics_skip_tracking":false,"_exactmetrics_sitenote_active":false,"_exactmetrics_sitenote_note":"","_exactmetrics_sitenote_category":0,"footnotes":""},"categories":[36,37,38,31,1,27],"tags":[28,29,30],"class_list":["post-54132","post","type-post","status-publish","format-standard","has-post-thumbnail","hentry","category-economia","category-medio-ambiente","category-migracion","category-politica","category-seguridad","category-sonora","tag-nogales","tag-nogales-la-gran-frontera","tag-sonora-tierra-de-oportunidades"],"_links":{"self":[{"href":"https:\/\/elpajaritonews.com\/index.php?rest_route=\/wp\/v2\/posts\/54132","targetHints":{"allow":["GET"]}}],"collection":[{"href":"https:\/\/elpajaritonews.com\/index.php?rest_route=\/wp\/v2\/posts"}],"about":[{"href":"https:\/\/elpajaritonews.com\/index.php?rest_route=\/wp\/v2\/types\/post"}],"author":[{"embeddable":true,"href":"https:\/\/elpajaritonews.com\/index.php?rest_route=\/wp\/v2\/users\/2"}],"replies":[{"embeddable":true,"href":"https:\/\/elpajaritonews.com\/index.php?rest_route=%2Fwp%2Fv2%2Fcomments&post=54132"}],"version-history":[{"count":1,"href":"https:\/\/elpajaritonews.com\/index.php?rest_route=\/wp\/v2\/posts\/54132\/revisions"}],"predecessor-version":[{"id":54134,"href":"https:\/\/elpajaritonews.com\/index.php?rest_route=\/wp\/v2\/posts\/54132\/revisions\/54134"}],"wp:featuredmedia":[{"embeddable":true,"href":"https:\/\/elpajaritonews.com\/index.php?rest_route=\/wp\/v2\/media\/54133"}],"wp:attachment":[{"href":"https:\/\/elpajaritonews.com\/index.php?rest_route=%2Fwp%2Fv2%2Fmedia&parent=54132"}],"wp:term":[{"taxonomy":"category","embeddable":true,"href":"https:\/\/elpajaritonews.com\/index.php?rest_route=%2Fwp%2Fv2%2Fcategories&post=54132"},{"taxonomy":"post_tag","embeddable":true,"href":"https:\/\/elpajaritonews.com\/index.php?rest_route=%2Fwp%2Fv2%2Ftags&post=54132"}],"curies":[{"name":"wp","href":"https:\/\/api.w.org\/{rel}","templated":true}]}}