{"id":54141,"date":"2023-11-30T01:28:27","date_gmt":"2023-11-30T01:28:27","guid":{"rendered":"https:\/\/elpajaritonews.com\/?p=54141"},"modified":"2023-11-30T01:28:27","modified_gmt":"2023-11-30T01:28:27","slug":"con-estrategia-integral-facilitamos-la-generacion-de-mas-de-30-mil-empleos-formales-en-lo-que-va-del-ano-alfonso-durazo","status":"publish","type":"post","link":"https:\/\/elpajaritonews.com\/?p=54141","title":{"rendered":"CON ESTRATEGIA INTEGRAL FACILITAMOS LA GENERACI\u00d3N DE M\u00c1S DE 30 MIL EMPLEOS FORMALES EN LO QUE VA DEL A\u00d1O: ALFONSO DURAZO"},"content":{"rendered":"<p>Producto de la estrategia implementada por el Gobierno de Sonora para facilitar y crear las condiciones necesarias, se han creado m\u00e1s de 30 mil empleos formales en lo que va del a\u00f1o, lo que representa un aumento del 3.9 por ciento en comparaci\u00f3n al mismo periodo en 2022, destac\u00f3 el gobernador Alfonso Durazo Monta\u00f1o.<\/p>\n<p>&nbsp;<\/p>\n<p>El titular del Ejecutivo estatal se\u00f1al\u00f3 que la promoci\u00f3n de las virtudes del estado, adicional a la paz laboral que existe en la entidad, la calidad de la mano de obra y las condiciones de excepci\u00f3n que vive Sonora, han sido parte primordial para alcanzar esta cifra de empleos formales.<\/p>\n<p>&nbsp;<\/p>\n<p>La presentaci\u00f3n del Plan Sonora de Energ\u00eda Sostenible en diversos foros a nivel internacional, subray\u00f3 el mandatario estatal, ser\u00e1 esencial para fortalecer la llegada de m\u00e1s empresas que generen a\u00fan m\u00e1s empleos en la entidad en beneficio de las y los sonorenses.<\/p>\n<p>&nbsp;<\/p>\n<p>\u201cAhora que estamos haciendo el Plan Sonora se busca que toda la cadena de valor relacionada con la transici\u00f3n energ\u00e9tica y la electromovilidad se establezcan en Sonora, quien quiera tener acceso al litio tiene que establecer su cadena de aprovechamiento aqu\u00ed en el estado, y eso obviamente va a generar much\u00edsimas fuentes de empleo\u201d, indic\u00f3.<\/p>\n<p>&nbsp;<\/p>\n<p>El mandatario sonorense mencion\u00f3 que en el \u00faltimo a\u00f1o de gobierno se han generado m\u00e1s de 30 mil empleos formales, lo que representa un aumento del 3.9% en comparaci\u00f3n al tercer trimestre de 2022, con lo cual se refrenda el compromiso por el progreso y el bienestar de las familias en el estado.<\/p>\n<p>&nbsp;<\/p>\n<p>El gobernador Durazo Monta\u00f1o mencion\u00f3 que en 2023, se crearon 841 mil 202 empleos, los cuales incluyen trabajadores asociados del sector p\u00fablico y privado, empleadores formales, y trabajadores por cuenta propia formales, superando a los 809 mil 818 que se contabilizaron en 2022.<\/p>\n","protected":false},"excerpt":{"rendered":"<p>Producto de la estrategia implementada por el Gobierno de Sonora para facilitar y crear las condiciones necesarias, se han creado m\u00e1s de 30 mil empleos formales en lo que va del a\u00f1o, lo que representa un aumento del 3.9 por ciento en comparaci\u00f3n al mismo periodo en 2022, destac\u00f3 el gobernador Alfonso Durazo Monta\u00f1o. &nbsp;&#8230;<\/p>\n","protected":false},"author":2,"featured_media":54142,"comment_status":"closed","ping_status":"closed","sticky":false,"template":"","format":"standard","meta":{"_crdt_document":"","_exactmetrics_skip_tracking":false,"_exactmetrics_sitenote_active":false,"_exactmetrics_sitenote_note":"","_exactmetrics_sitenote_category":0,"footnotes":""},"categories":[36,31,27],"tags":[28,29,30],"class_list":["post-54141","post","type-post","status-publish","format-standard","has-post-thumbnail","hentry","category-economia","category-politica","category-sonora","tag-nogales","tag-nogales-la-gran-frontera","tag-sonora-tierra-de-oportunidades"],"_links":{"self":[{"href":"https:\/\/elpajaritonews.com\/index.php?rest_route=\/wp\/v2\/posts\/54141","targetHints":{"allow":["GET"]}}],"collection":[{"href":"https:\/\/elpajaritonews.com\/index.php?rest_route=\/wp\/v2\/posts"}],"about":[{"href":"https:\/\/elpajaritonews.com\/index.php?rest_route=\/wp\/v2\/types\/post"}],"author":[{"embeddable":true,"href":"https:\/\/elpajaritonews.com\/index.php?rest_route=\/wp\/v2\/users\/2"}],"replies":[{"embeddable":true,"href":"https:\/\/elpajaritonews.com\/index.php?rest_route=%2Fwp%2Fv2%2Fcomments&post=54141"}],"version-history":[{"count":1,"href":"https:\/\/elpajaritonews.com\/index.php?rest_route=\/wp\/v2\/posts\/54141\/revisions"}],"predecessor-version":[{"id":54143,"href":"https:\/\/elpajaritonews.com\/index.php?rest_route=\/wp\/v2\/posts\/54141\/revisions\/54143"}],"wp:featuredmedia":[{"embeddable":true,"href":"https:\/\/elpajaritonews.com\/index.php?rest_route=\/wp\/v2\/media\/54142"}],"wp:attachment":[{"href":"https:\/\/elpajaritonews.com\/index.php?rest_route=%2Fwp%2Fv2%2Fmedia&parent=54141"}],"wp:term":[{"taxonomy":"category","embeddable":true,"href":"https:\/\/elpajaritonews.com\/index.php?rest_route=%2Fwp%2Fv2%2Fcategories&post=54141"},{"taxonomy":"post_tag","embeddable":true,"href":"https:\/\/elpajaritonews.com\/index.php?rest_route=%2Fwp%2Fv2%2Ftags&post=54141"}],"curies":[{"name":"wp","href":"https:\/\/api.w.org\/{rel}","templated":true}]}}