{"id":54147,"date":"2023-11-30T15:32:32","date_gmt":"2023-11-30T15:32:32","guid":{"rendered":"https:\/\/elpajaritonews.com\/?p=54147"},"modified":"2023-11-30T15:32:35","modified_gmt":"2023-11-30T15:32:35","slug":"sin-mia-no-hay-via","status":"publish","type":"post","link":"https:\/\/elpajaritonews.com\/?p=54147","title":{"rendered":"\u00a1SIN MIA, NO HAY V\u00cdA!"},"content":{"rendered":"<p>Alejandro Matty Ortega\/Irreverente Noticias<\/p>\n<p>&nbsp;<\/p>\n<p>\u00ab\u00a1No al ecocidio!\u00bb, \u00ab\u00a1La gente consciente defiende el medio ambiente!\u00bb y \u00abSin MIA, no hay v\u00eda!\u00bb exigieron en la marcha ambientalistas de Sonora.<\/p>\n<p>&nbsp;<\/p>\n<p>\u00abLa Marcha de las Luci\u00e9rnagas\u00bb convoc\u00f3 a m\u00e1s de 500 de habitantes de \u00cdmuris y j\u00f3venes activistas en pro de la naturaleza.<\/p>\n<p>&nbsp;<\/p>\n<p>La marcha inici\u00f3 en las escalinatas del Museo de la Universidad de Sonora al Palacio de Gobierno.<\/p>\n<p>&nbsp;<\/p>\n<p>Con pancartas y lonas en mano, los inconformes con el libramiento de las v\u00edas del Tren Sonora alzaron la voz con un rotundo \u00ab\u00a1No al ecocidio!\u00bb.<\/p>\n<p>&nbsp;<\/p>\n<p>Rechazaron el da\u00f1o ambiental a la regi\u00f3n y R\u00edo Coc\u00f3spera<\/p>\n<p>&nbsp;<\/p>\n<p>Al respecto,<\/p>\n<p>Sergio M\u00fcller, presidente del colectivo \u00abCaminantes del Desierto\u00bb revel\u00f3 que la v\u00edspera sistuvo reuni\u00f3n con el secretario de Gobierno quien les har\u00e1 llegar el proyecto completo del libramiento del Tren Sonora.<\/p>\n<p>&nbsp;<\/p>\n<p>Sin embargo, \u00abcomo es obra del Gobierno federal, nos aclararon que van a solicitar los datos a la Sedena\u00bb.<\/p>\n<p>&nbsp;<\/p>\n<p>Por su parte, Yvonne Siqueiros, habitante de \u00cdmuris, dijo que \u00abtuvimos que cerrar la carretera y as\u00ed vinieron\u00bb.<\/p>\n<p>&nbsp;<\/p>\n<p>Mencion\u00f3 que dialogaron con \u00c9dgar Sallard quien \u00abnos asegur\u00f3 que llevar\u00eda nuestras inconformidades a Palacio de Gobierno pero en los meses siguientes nunca vimos respuesta alguna\u00bb.<\/p>\n<p>&nbsp;<\/p>\n<p>Por ello, \u00abvolvimos a cerrar la carretera y ya en una tercera reuni\u00f3n estuvo el diputado Ferm\u00edn Trujillo que por fin lo conocimos aunque ya no ha regresado\u00bb.<\/p>\n<p>&nbsp;<\/p>\n<p>Agreg\u00f3 que el diputado \u00abs\u00f3lo nos dej\u00f3 su palabra de que nos defender\u00eda\u00bb.<\/p>\n<p>&nbsp;<\/p>\n<p>El martes, el gobernador Alfonso Durazo enfatiz\u00f3 que \u00abel libramiento en \u00cdmuris, va\u00bb.<\/p>\n<p>&nbsp;<\/p>\n<p>El mandatario dijo que en caso de da\u00f1os al medio ambiente, habr\u00e1 una pronta remediaci\u00f3n por parte del gobierno.<\/p>\n<p>&nbsp;<\/p>\n<p>Agreg\u00f3 que desde cualquier punto de fronterizo, habr\u00e1 da\u00f1o ambiental; aunque prometi\u00f3 una remediaci\u00f3n inmediata por parte del Gobierno del Estado.<\/p>\n<p>&nbsp;<\/p>\n<p>Adem\u00e1s, reiter\u00f3 que la obra no afecta a la regi\u00f3n ni al R\u00edo Coc\u00f3spera, as\u00ed como aseguran los grupos de activistas y ambientalistas de \u00cdmuris.<\/p>\n<p>&nbsp;<\/p>\n<p>Mencion\u00f3 que las v\u00edas pasan por terrenos de los cuales cuentan con permisos correspondientes.<\/p>\n<p>&nbsp;<\/p>\n<p>Insisti\u00f3 en que no se construir\u00eda sobre tierras que no sean del Gobierno federal o del Estado.<\/p>\n<p>&nbsp;<\/p>\n<p>Durazo Monta\u00f1o neg\u00f3 que la obra sea un secreto y acept\u00f3 que ha faltado informaci\u00f3n oficial por parte de su gobierno y el Gobierno de M\u00e9xico.<\/p>\n<p>&nbsp;<\/p>\n<p>El mandatario justific\u00f3 que este libramiento de las v\u00edas f\u00e9rreas de 63 kil\u00f3metros de \u00cdmuris a Nogales, es una obra emblem\u00e1tica y necesaria.<\/p>\n<p>&nbsp;<\/p>\n<p>Lo anterior para, junto a la modernizaci\u00f3n del puerto de Guaymas, eficientar la exportaci\u00f3n de productos y la econom\u00eda a Estados Unidos.<\/p>\n<p>&nbsp;<\/p>\n<p>Alfonso Durazo destac\u00f3 que la inversi\u00f3n estimada de la obra f\u00e9rrea es de m\u00e1s de 6 mil 800 millones de pesos.<\/p>\n<p>&nbsp;<\/p>\n<p>Reiter\u00f3 la necesidad de sacar las v\u00edas del tren de Nogales lo que generar\u00e1 una liberaci\u00f3n de 68 hect\u00e1teas de terreno urbano que detonar\u00e1 el crecimiento y el desarollo en la frontera de Sonora.<\/p>\n","protected":false},"excerpt":{"rendered":"<p>Alejandro Matty Ortega\/Irreverente Noticias &nbsp; \u00ab\u00a1No al ecocidio!\u00bb, \u00ab\u00a1La gente consciente defiende el medio ambiente!\u00bb y \u00abSin MIA, no hay v\u00eda!\u00bb exigieron en la marcha ambientalistas de Sonora. &nbsp; \u00abLa Marcha de las Luci\u00e9rnagas\u00bb convoc\u00f3 a m\u00e1s de 500 de habitantes de \u00cdmuris y j\u00f3venes activistas en pro de la naturaleza. &nbsp; La marcha inici\u00f3&#8230;<\/p>\n","protected":false},"author":2,"featured_media":54148,"comment_status":"open","ping_status":"closed","sticky":false,"template":"","format":"standard","meta":{"_crdt_document":"","_exactmetrics_skip_tracking":false,"_exactmetrics_sitenote_active":false,"_exactmetrics_sitenote_note":"","_exactmetrics_sitenote_category":0,"footnotes":""},"categories":[37,19,31,1,27],"tags":[28,29,30],"class_list":["post-54147","post","type-post","status-publish","format-standard","has-post-thumbnail","hentry","category-medio-ambiente","category-opinion","category-politica","category-seguridad","category-sonora","tag-nogales","tag-nogales-la-gran-frontera","tag-sonora-tierra-de-oportunidades"],"_links":{"self":[{"href":"https:\/\/elpajaritonews.com\/index.php?rest_route=\/wp\/v2\/posts\/54147","targetHints":{"allow":["GET"]}}],"collection":[{"href":"https:\/\/elpajaritonews.com\/index.php?rest_route=\/wp\/v2\/posts"}],"about":[{"href":"https:\/\/elpajaritonews.com\/index.php?rest_route=\/wp\/v2\/types\/post"}],"author":[{"embeddable":true,"href":"https:\/\/elpajaritonews.com\/index.php?rest_route=\/wp\/v2\/users\/2"}],"replies":[{"embeddable":true,"href":"https:\/\/elpajaritonews.com\/index.php?rest_route=%2Fwp%2Fv2%2Fcomments&post=54147"}],"version-history":[{"count":1,"href":"https:\/\/elpajaritonews.com\/index.php?rest_route=\/wp\/v2\/posts\/54147\/revisions"}],"predecessor-version":[{"id":54149,"href":"https:\/\/elpajaritonews.com\/index.php?rest_route=\/wp\/v2\/posts\/54147\/revisions\/54149"}],"wp:featuredmedia":[{"embeddable":true,"href":"https:\/\/elpajaritonews.com\/index.php?rest_route=\/wp\/v2\/media\/54148"}],"wp:attachment":[{"href":"https:\/\/elpajaritonews.com\/index.php?rest_route=%2Fwp%2Fv2%2Fmedia&parent=54147"}],"wp:term":[{"taxonomy":"category","embeddable":true,"href":"https:\/\/elpajaritonews.com\/index.php?rest_route=%2Fwp%2Fv2%2Fcategories&post=54147"},{"taxonomy":"post_tag","embeddable":true,"href":"https:\/\/elpajaritonews.com\/index.php?rest_route=%2Fwp%2Fv2%2Ftags&post=54147"}],"curies":[{"name":"wp","href":"https:\/\/api.w.org\/{rel}","templated":true}]}}