{"id":54150,"date":"2023-11-30T21:22:35","date_gmt":"2023-11-30T21:22:35","guid":{"rendered":"https:\/\/elpajaritonews.com\/?p=54150"},"modified":"2023-11-30T21:22:35","modified_gmt":"2023-11-30T21:22:35","slug":"sonora-listo-para-el-arranque-de-casa-sonora-en-los-pinos-en-ciudad-de-mexico","status":"publish","type":"post","link":"https:\/\/elpajaritonews.com\/?p=54150","title":{"rendered":"SONORA LISTO PARA EL ARRANQUE DE CASA SONORA EN LOS PINOS EN CIUDAD DE M\u00c9XICO."},"content":{"rendered":"<p>El Gobierno de Sonora, a trav\u00e9s de la Secretar\u00eda de Turismo (Sectur), participar\u00e1 del 01 al 03 de diciembre en el recinto Cultural Los Pinos, con Casa Sonora y Pabell\u00f3n Gastron\u00f3mico, en la Ciudad de M\u00e9xico.<\/p>\n<p><img loading=\"lazy\" decoding=\"async\" class=\"alignnone  wp-image-54152\" src=\"https:\/\/elpajaritonews.com\/wp-content\/uploads\/2023\/11\/bd2aed96-e1fd-4319-8a4d-eeb6002c4326-240x300.jpg\" alt=\"\" width=\"614\" height=\"768\" srcset=\"https:\/\/elpajaritonews.com\/wp-content\/uploads\/2023\/11\/bd2aed96-e1fd-4319-8a4d-eeb6002c4326-240x300.jpg 240w, https:\/\/elpajaritonews.com\/wp-content\/uploads\/2023\/11\/bd2aed96-e1fd-4319-8a4d-eeb6002c4326-819x1024.jpg 819w, https:\/\/elpajaritonews.com\/wp-content\/uploads\/2023\/11\/bd2aed96-e1fd-4319-8a4d-eeb6002c4326-768x960.jpg 768w, https:\/\/elpajaritonews.com\/wp-content\/uploads\/2023\/11\/bd2aed96-e1fd-4319-8a4d-eeb6002c4326-336x420.jpg 336w, https:\/\/elpajaritonews.com\/wp-content\/uploads\/2023\/11\/bd2aed96-e1fd-4319-8a4d-eeb6002c4326-640x800.jpg 640w, https:\/\/elpajaritonews.com\/wp-content\/uploads\/2023\/11\/bd2aed96-e1fd-4319-8a4d-eeb6002c4326-681x851.jpg 681w, https:\/\/elpajaritonews.com\/wp-content\/uploads\/2023\/11\/bd2aed96-e1fd-4319-8a4d-eeb6002c4326.jpg 1024w\" sizes=\"auto, (max-width: 614px) 100vw, 614px\" \/><\/p>\n<p>En el marco del cuarto aniversario del Complejo Cultural Los Pinos, Sonora mostrar\u00e1 una gran oferta gastron\u00f3mica regional, productos de talabarter\u00eda y palo fierro, artesan\u00edas, dulces t\u00edpicos, las famosas tortillas de harina y la cultura y tradici\u00f3n de nuestros pueblos originarios.<\/p>\n<p><img loading=\"lazy\" decoding=\"async\" class=\"alignnone  wp-image-54153\" src=\"https:\/\/elpajaritonews.com\/wp-content\/uploads\/2023\/11\/GANSWHFWYAAgi5P-300x200.jpg\" alt=\"\" width=\"611\" height=\"407\" srcset=\"https:\/\/elpajaritonews.com\/wp-content\/uploads\/2023\/11\/GANSWHFWYAAgi5P-300x200.jpg 300w, https:\/\/elpajaritonews.com\/wp-content\/uploads\/2023\/11\/GANSWHFWYAAgi5P-630x420.jpg 630w, https:\/\/elpajaritonews.com\/wp-content\/uploads\/2023\/11\/GANSWHFWYAAgi5P-640x426.jpg 640w, https:\/\/elpajaritonews.com\/wp-content\/uploads\/2023\/11\/GANSWHFWYAAgi5P.jpg 680w\" sizes=\"auto, (max-width: 611px) 100vw, 611px\" \/><\/p>\n<p>El secretario de Turismo de Sonora, Roberto Gradillas Pineda, coment\u00f3 que participar en este recinto es una ventana de oportunidad para hacer una promoci\u00f3n que genere que m\u00e1s personas conozcan Sonora, a trav\u00e9s de nuestros vestigios culturales y nuestra extraordinaria cultura.<\/p>\n<p><img loading=\"lazy\" decoding=\"async\" class=\"alignnone  wp-image-54154\" src=\"https:\/\/elpajaritonews.com\/wp-content\/uploads\/2023\/11\/3b7afa6b-c3a4-4af2-9e24-90dc7d168d52-240x300.jpg\" alt=\"\" width=\"603\" height=\"754\" srcset=\"https:\/\/elpajaritonews.com\/wp-content\/uploads\/2023\/11\/3b7afa6b-c3a4-4af2-9e24-90dc7d168d52-240x300.jpg 240w, https:\/\/elpajaritonews.com\/wp-content\/uploads\/2023\/11\/3b7afa6b-c3a4-4af2-9e24-90dc7d168d52-337x420.jpg 337w, https:\/\/elpajaritonews.com\/wp-content\/uploads\/2023\/11\/3b7afa6b-c3a4-4af2-9e24-90dc7d168d52-681x850.jpg 681w\" sizes=\"auto, (max-width: 603px) 100vw, 603px\" \/><\/p>\n<p>\u201cHemos estado trabajando a trav\u00e9s de la instrucci\u00f3n y las gestiones del gobernador Alfonso Durazo, en el que Sonora hoy tenga una presencia en el mapa tur\u00edstico nacional e internacional entonces, para nosotros es bien importante el participar en estos escenarios como Los Pinos\u201d, expres\u00f3 Gradillas Pineda.<\/p>\n<p><img loading=\"lazy\" decoding=\"async\" class=\"alignnone  wp-image-54155\" src=\"https:\/\/elpajaritonews.com\/wp-content\/uploads\/2023\/11\/ef611af8-41d4-4fff-a109-eb11e2718a3b-240x300.jpg\" alt=\"\" width=\"600\" height=\"750\" srcset=\"https:\/\/elpajaritonews.com\/wp-content\/uploads\/2023\/11\/ef611af8-41d4-4fff-a109-eb11e2718a3b-240x300.jpg 240w, https:\/\/elpajaritonews.com\/wp-content\/uploads\/2023\/11\/ef611af8-41d4-4fff-a109-eb11e2718a3b-337x420.jpg 337w, https:\/\/elpajaritonews.com\/wp-content\/uploads\/2023\/11\/ef611af8-41d4-4fff-a109-eb11e2718a3b-681x850.jpg 681w, https:\/\/elpajaritonews.com\/wp-content\/uploads\/2023\/11\/ef611af8-41d4-4fff-a109-eb11e2718a3b.jpg 1026w\" sizes=\"auto, (max-width: 600px) 100vw, 600px\" \/><\/p>\n<p>La Ciudad de M\u00e9xico es uno de los mercados m\u00e1s importantes de Sonora, el objetivo es que todo el gran turismo que llega a la Ciudad y visite Los Pinos, realmente conozca Sonora y as\u00ed lograr que visiten la entidad pronto, generando derrama econ\u00f3mica para el beneficio de las familias sonorenses.<\/p>\n<p><img loading=\"lazy\" decoding=\"async\" class=\"alignnone  wp-image-54156\" src=\"https:\/\/elpajaritonews.com\/wp-content\/uploads\/2023\/11\/GANSWHFWcAAac2N-300x200.jpg\" alt=\"\" width=\"612\" height=\"408\" srcset=\"https:\/\/elpajaritonews.com\/wp-content\/uploads\/2023\/11\/GANSWHFWcAAac2N-300x200.jpg 300w, https:\/\/elpajaritonews.com\/wp-content\/uploads\/2023\/11\/GANSWHFWcAAac2N.jpg 360w\" sizes=\"auto, (max-width: 612px) 100vw, 612px\" \/><\/p>\n<p>Las actividades que podr\u00e1n disfrutar desde el viernes primero y hasta el domingo tres de diciembre son: D\u00e1maris Bojor, obra de teatro \u201cLa hora del Bacanora\u201d, meditaci\u00f3n yaqui, talleres gastron\u00f3micos, obra de teatro \u201cLa Tuba del Goyo Trejo\u201d, cata de cerveza artesanal y bacanora, tradicional danza del venado, m\u00fasica cl\u00e1sica con el tenor Fernando de la Mora, acompa\u00f1ado por un quinteto, ciclo de cine de cortometrajes sonorenses, exposiciones fotogr\u00e1ficas y muestra de trajes tradicionales de las etnias del estado.<\/p>\n","protected":false},"excerpt":{"rendered":"<p>El Gobierno de Sonora, a trav\u00e9s de la Secretar\u00eda de Turismo (Sectur), participar\u00e1 del 01 al 03 de diciembre en el recinto Cultural Los Pinos, con Casa Sonora y Pabell\u00f3n Gastron\u00f3mico, en la Ciudad de M\u00e9xico. En el marco del cuarto aniversario del Complejo Cultural Los Pinos, Sonora mostrar\u00e1 una gran oferta gastron\u00f3mica regional, productos&#8230;<\/p>\n","protected":false},"author":2,"featured_media":54151,"comment_status":"closed","ping_status":"closed","sticky":false,"template":"","format":"standard","meta":{"_crdt_document":"","_exactmetrics_skip_tracking":false,"_exactmetrics_sitenote_active":false,"_exactmetrics_sitenote_note":"","_exactmetrics_sitenote_category":0,"footnotes":""},"categories":[22,23,31,27],"tags":[28,29,30],"class_list":["post-54150","post","type-post","status-publish","format-standard","has-post-thumbnail","hentry","category-escena","category-mexico","category-politica","category-sonora","tag-nogales","tag-nogales-la-gran-frontera","tag-sonora-tierra-de-oportunidades"],"_links":{"self":[{"href":"https:\/\/elpajaritonews.com\/index.php?rest_route=\/wp\/v2\/posts\/54150","targetHints":{"allow":["GET"]}}],"collection":[{"href":"https:\/\/elpajaritonews.com\/index.php?rest_route=\/wp\/v2\/posts"}],"about":[{"href":"https:\/\/elpajaritonews.com\/index.php?rest_route=\/wp\/v2\/types\/post"}],"author":[{"embeddable":true,"href":"https:\/\/elpajaritonews.com\/index.php?rest_route=\/wp\/v2\/users\/2"}],"replies":[{"embeddable":true,"href":"https:\/\/elpajaritonews.com\/index.php?rest_route=%2Fwp%2Fv2%2Fcomments&post=54150"}],"version-history":[{"count":1,"href":"https:\/\/elpajaritonews.com\/index.php?rest_route=\/wp\/v2\/posts\/54150\/revisions"}],"predecessor-version":[{"id":54157,"href":"https:\/\/elpajaritonews.com\/index.php?rest_route=\/wp\/v2\/posts\/54150\/revisions\/54157"}],"wp:featuredmedia":[{"embeddable":true,"href":"https:\/\/elpajaritonews.com\/index.php?rest_route=\/wp\/v2\/media\/54151"}],"wp:attachment":[{"href":"https:\/\/elpajaritonews.com\/index.php?rest_route=%2Fwp%2Fv2%2Fmedia&parent=54150"}],"wp:term":[{"taxonomy":"category","embeddable":true,"href":"https:\/\/elpajaritonews.com\/index.php?rest_route=%2Fwp%2Fv2%2Fcategories&post=54150"},{"taxonomy":"post_tag","embeddable":true,"href":"https:\/\/elpajaritonews.com\/index.php?rest_route=%2Fwp%2Fv2%2Ftags&post=54150"}],"curies":[{"name":"wp","href":"https:\/\/api.w.org\/{rel}","templated":true}]}}