{"id":54164,"date":"2023-12-02T02:33:05","date_gmt":"2023-12-02T02:33:05","guid":{"rendered":"https:\/\/elpajaritonews.com\/?p=54164"},"modified":"2023-12-02T02:33:05","modified_gmt":"2023-12-02T02:33:05","slug":"la-casa-sonora-llega-a-llenar-de-cultura-y-tradicion-sonorense-el-complejo-cultural-los-pinos","status":"publish","type":"post","link":"https:\/\/elpajaritonews.com\/?p=54164","title":{"rendered":"LA CASA SONORA LLEGA A LLENAR DE CULTURA Y TRADICI\u00d3N SONORENSE EL COMPLEJO CULTURAL LOS PINOS"},"content":{"rendered":"<p>Ciudad de M\u00e9xico; 1 de diciembre del 2023.- El Gobierno de Sonora, a trav\u00e9s de la Secretar\u00eda de Turismo (Sectur), inaugur\u00f3 con \u00e9xito la participaci\u00f3n de Sonora en Los Pinos, que se llevar\u00e1 a cabo del 1 al 3 de diciembre en el Complejo Cultural Los Pinos, con Casa Sonora y Pabell\u00f3n Gastron\u00f3mico, en la Ciudad de M\u00e9xico.<\/p>\n<p><img loading=\"lazy\" decoding=\"async\" class=\"alignnone  wp-image-54166\" src=\"https:\/\/elpajaritonews.com\/wp-content\/uploads\/2023\/12\/6e0b80cd-1b5f-47e8-afb9-3ddf465aa244-300x200.jpg\" alt=\"\" width=\"588\" height=\"392\" srcset=\"https:\/\/elpajaritonews.com\/wp-content\/uploads\/2023\/12\/6e0b80cd-1b5f-47e8-afb9-3ddf465aa244-300x200.jpg 300w, https:\/\/elpajaritonews.com\/wp-content\/uploads\/2023\/12\/6e0b80cd-1b5f-47e8-afb9-3ddf465aa244-1024x683.jpg 1024w, https:\/\/elpajaritonews.com\/wp-content\/uploads\/2023\/12\/6e0b80cd-1b5f-47e8-afb9-3ddf465aa244-768x512.jpg 768w, https:\/\/elpajaritonews.com\/wp-content\/uploads\/2023\/12\/6e0b80cd-1b5f-47e8-afb9-3ddf465aa244-630x420.jpg 630w, https:\/\/elpajaritonews.com\/wp-content\/uploads\/2023\/12\/6e0b80cd-1b5f-47e8-afb9-3ddf465aa244-640x427.jpg 640w, https:\/\/elpajaritonews.com\/wp-content\/uploads\/2023\/12\/6e0b80cd-1b5f-47e8-afb9-3ddf465aa244-681x454.jpg 681w, https:\/\/elpajaritonews.com\/wp-content\/uploads\/2023\/12\/6e0b80cd-1b5f-47e8-afb9-3ddf465aa244.jpg 1280w\" sizes=\"auto, (max-width: 588px) 100vw, 588px\" \/><\/p>\n<p>En el marco del cuarto aniversario del Complejo Cultural Los Pinos, Sonora mostrar\u00e1 una gran oferta gastron\u00f3mica regional, productos de talabarter\u00eda y palo fierro, artesan\u00edas, dulces t\u00edpicos, las famosas tortillas de harina y la cultura y tradici\u00f3n de nuestros pueblos originarios.<\/p>\n<p><img loading=\"lazy\" decoding=\"async\" class=\"alignnone  wp-image-54167\" src=\"https:\/\/elpajaritonews.com\/wp-content\/uploads\/2023\/12\/a8d98881-4849-4e19-a94b-dab9637267fb-300x200.jpg\" alt=\"\" width=\"578\" height=\"385\" srcset=\"https:\/\/elpajaritonews.com\/wp-content\/uploads\/2023\/12\/a8d98881-4849-4e19-a94b-dab9637267fb-300x200.jpg 300w, https:\/\/elpajaritonews.com\/wp-content\/uploads\/2023\/12\/a8d98881-4849-4e19-a94b-dab9637267fb-1024x683.jpg 1024w, https:\/\/elpajaritonews.com\/wp-content\/uploads\/2023\/12\/a8d98881-4849-4e19-a94b-dab9637267fb-768x512.jpg 768w, https:\/\/elpajaritonews.com\/wp-content\/uploads\/2023\/12\/a8d98881-4849-4e19-a94b-dab9637267fb-630x420.jpg 630w, https:\/\/elpajaritonews.com\/wp-content\/uploads\/2023\/12\/a8d98881-4849-4e19-a94b-dab9637267fb-640x427.jpg 640w, https:\/\/elpajaritonews.com\/wp-content\/uploads\/2023\/12\/a8d98881-4849-4e19-a94b-dab9637267fb-681x454.jpg 681w, https:\/\/elpajaritonews.com\/wp-content\/uploads\/2023\/12\/a8d98881-4849-4e19-a94b-dab9637267fb.jpg 1280w\" sizes=\"auto, (max-width: 578px) 100vw, 578px\" \/><\/p>\n<p>El secretario de Turismo de Sonora, Roberto Gradillas Pineda, coment\u00f3 que, a trav\u00e9s de distintas participaciones como la representaci\u00f3n de la Casa Sonora en la Ciudad de M\u00e9xico, se trabaja para que los productores, artesanos y toda la cadena de valor del gremio tur\u00edstico, este presente en estos espacios y sobre todo genere un crecimiento econ\u00f3mico directo.<br \/>\n<img loading=\"lazy\" decoding=\"async\" class=\"alignnone  wp-image-54168\" src=\"https:\/\/elpajaritonews.com\/wp-content\/uploads\/2023\/12\/b1ea7f0e-eb31-411c-9b3f-e01ea78f9c17-300x200.jpg\" alt=\"\" width=\"573\" height=\"382\" srcset=\"https:\/\/elpajaritonews.com\/wp-content\/uploads\/2023\/12\/b1ea7f0e-eb31-411c-9b3f-e01ea78f9c17-300x200.jpg 300w, https:\/\/elpajaritonews.com\/wp-content\/uploads\/2023\/12\/b1ea7f0e-eb31-411c-9b3f-e01ea78f9c17-1024x683.jpg 1024w, https:\/\/elpajaritonews.com\/wp-content\/uploads\/2023\/12\/b1ea7f0e-eb31-411c-9b3f-e01ea78f9c17-768x512.jpg 768w, https:\/\/elpajaritonews.com\/wp-content\/uploads\/2023\/12\/b1ea7f0e-eb31-411c-9b3f-e01ea78f9c17-630x420.jpg 630w, https:\/\/elpajaritonews.com\/wp-content\/uploads\/2023\/12\/b1ea7f0e-eb31-411c-9b3f-e01ea78f9c17-640x427.jpg 640w, https:\/\/elpajaritonews.com\/wp-content\/uploads\/2023\/12\/b1ea7f0e-eb31-411c-9b3f-e01ea78f9c17-681x454.jpg 681w, https:\/\/elpajaritonews.com\/wp-content\/uploads\/2023\/12\/b1ea7f0e-eb31-411c-9b3f-e01ea78f9c17.jpg 1280w\" sizes=\"auto, (max-width: 573px) 100vw, 573px\" \/><br \/>\n\u201cDecirles que en Sonora el gobernador Alfonso Durazo, ha encabezado una administraci\u00f3n que trabaja fuerte en la actividad econ\u00f3mica tur\u00edstica, \u00e9l ha llamado a la industria tur\u00edstica a que encabece un esfuerzo de generaci\u00f3n de empleos, de desarrollo econ\u00f3mico, pero sobre todo que le genere un beneficio social a la gente\u201d, expres\u00f3 Gradillas Pineda.<br \/>\n<img loading=\"lazy\" decoding=\"async\" class=\"alignnone  wp-image-54169\" src=\"https:\/\/elpajaritonews.com\/wp-content\/uploads\/2023\/12\/b84e4eec-9ccd-4757-9fed-c41d5b53ba0f-300x182.jpg\" alt=\"\" width=\"580\" height=\"352\" srcset=\"https:\/\/elpajaritonews.com\/wp-content\/uploads\/2023\/12\/b84e4eec-9ccd-4757-9fed-c41d5b53ba0f-300x182.jpg 300w, https:\/\/elpajaritonews.com\/wp-content\/uploads\/2023\/12\/b84e4eec-9ccd-4757-9fed-c41d5b53ba0f-1024x622.jpg 1024w, https:\/\/elpajaritonews.com\/wp-content\/uploads\/2023\/12\/b84e4eec-9ccd-4757-9fed-c41d5b53ba0f-768x467.jpg 768w, https:\/\/elpajaritonews.com\/wp-content\/uploads\/2023\/12\/b84e4eec-9ccd-4757-9fed-c41d5b53ba0f-691x420.jpg 691w, https:\/\/elpajaritonews.com\/wp-content\/uploads\/2023\/12\/b84e4eec-9ccd-4757-9fed-c41d5b53ba0f-640x389.jpg 640w, https:\/\/elpajaritonews.com\/wp-content\/uploads\/2023\/12\/b84e4eec-9ccd-4757-9fed-c41d5b53ba0f-681x414.jpg 681w, https:\/\/elpajaritonews.com\/wp-content\/uploads\/2023\/12\/b84e4eec-9ccd-4757-9fed-c41d5b53ba0f.jpg 1280w\" sizes=\"auto, (max-width: 580px) 100vw, 580px\" \/><br \/>\nLas actividades que podr\u00e1n disfrutar desde este viernes y hasta el domingo tres de diciembre son: m\u00fasica por la cantante D\u00e1maris Bojor, meditaci\u00f3n Yaqui, talleres gastron\u00f3micos, obra de teatro \u201cLa Tuba del Goyo Trejo\u201d, cata de cerveza artesanal y bacanora, tradicional danza del venado, m\u00fasica cl\u00e1sica con el tenor Fernando de la Mora, acompa\u00f1ado por un quinteto, ciclo de cine de cortometrajes sonorenses, exposiciones fotogr\u00e1ficas y muestra de trajes tradicionales de las etnias del estado.<\/p>\n","protected":false},"excerpt":{"rendered":"<p>Ciudad de M\u00e9xico; 1 de diciembre del 2023.- El Gobierno de Sonora, a trav\u00e9s de la Secretar\u00eda de Turismo (Sectur), inaugur\u00f3 con \u00e9xito la participaci\u00f3n de Sonora en Los Pinos, que se llevar\u00e1 a cabo del 1 al 3 de diciembre en el Complejo Cultural Los Pinos, con Casa Sonora y Pabell\u00f3n Gastron\u00f3mico, en la&#8230;<\/p>\n","protected":false},"author":2,"featured_media":54165,"comment_status":"open","ping_status":"closed","sticky":false,"template":"","format":"standard","meta":{"_crdt_document":"","_exactmetrics_skip_tracking":false,"_exactmetrics_sitenote_active":false,"_exactmetrics_sitenote_note":"","_exactmetrics_sitenote_category":0,"footnotes":""},"categories":[22,23,31,27],"tags":[28,29,30],"class_list":["post-54164","post","type-post","status-publish","format-standard","has-post-thumbnail","hentry","category-escena","category-mexico","category-politica","category-sonora","tag-nogales","tag-nogales-la-gran-frontera","tag-sonora-tierra-de-oportunidades"],"_links":{"self":[{"href":"https:\/\/elpajaritonews.com\/index.php?rest_route=\/wp\/v2\/posts\/54164","targetHints":{"allow":["GET"]}}],"collection":[{"href":"https:\/\/elpajaritonews.com\/index.php?rest_route=\/wp\/v2\/posts"}],"about":[{"href":"https:\/\/elpajaritonews.com\/index.php?rest_route=\/wp\/v2\/types\/post"}],"author":[{"embeddable":true,"href":"https:\/\/elpajaritonews.com\/index.php?rest_route=\/wp\/v2\/users\/2"}],"replies":[{"embeddable":true,"href":"https:\/\/elpajaritonews.com\/index.php?rest_route=%2Fwp%2Fv2%2Fcomments&post=54164"}],"version-history":[{"count":1,"href":"https:\/\/elpajaritonews.com\/index.php?rest_route=\/wp\/v2\/posts\/54164\/revisions"}],"predecessor-version":[{"id":54170,"href":"https:\/\/elpajaritonews.com\/index.php?rest_route=\/wp\/v2\/posts\/54164\/revisions\/54170"}],"wp:featuredmedia":[{"embeddable":true,"href":"https:\/\/elpajaritonews.com\/index.php?rest_route=\/wp\/v2\/media\/54165"}],"wp:attachment":[{"href":"https:\/\/elpajaritonews.com\/index.php?rest_route=%2Fwp%2Fv2%2Fmedia&parent=54164"}],"wp:term":[{"taxonomy":"category","embeddable":true,"href":"https:\/\/elpajaritonews.com\/index.php?rest_route=%2Fwp%2Fv2%2Fcategories&post=54164"},{"taxonomy":"post_tag","embeddable":true,"href":"https:\/\/elpajaritonews.com\/index.php?rest_route=%2Fwp%2Fv2%2Ftags&post=54164"}],"curies":[{"name":"wp","href":"https:\/\/api.w.org\/{rel}","templated":true}]}}