{"id":54176,"date":"2023-12-02T16:05:35","date_gmt":"2023-12-02T16:05:35","guid":{"rendered":"https:\/\/elpajaritonews.com\/?p=54176"},"modified":"2023-12-02T16:05:41","modified_gmt":"2023-12-02T16:05:41","slug":"sin-pasajes-gratuitos-estudiantes-de-sonora","status":"publish","type":"post","link":"https:\/\/elpajaritonews.com\/?p=54176","title":{"rendered":"SIN \u00abPASAJES GRATUITOS\u00bb ESTUDIANTES DE SONORA"},"content":{"rendered":"<p>Navojoa, Sonora (IN).- En Navojoa, los estudiantes siguen sin los 2 pasajes gratuitos y muchos faltan a clases por no tener para pagar el transporte p\u00fablico.<\/p>\n<p>&nbsp;<\/p>\n<p>Violentando el Art\u00edculo 89 de la Ley de\u00a0Transporte\u00a0para el Estado de Sonora, el Instituto de Movilidad y\u00a0Transporte\u00a0para el Estado de Sonora (Imtes) no aplica este beneficio a los ni\u00f1os y j\u00f3venes de Navojoa.<\/p>\n<p>&nbsp;<\/p>\n<p>En este sentido, el presidente de la Asociaci\u00f3n Vigilantes del Transporte en Navojoa, Rams\u00e9s Ramos F\u00e9lix, denunci\u00f3 este hecho.<\/p>\n<p>&nbsp;<\/p>\n<p>Ya apunto de finalizar la primera mitad del Ciclo Escolar 2023-24, alz\u00f3 la voz para reclamar este beneficio para los estudiantes.<\/p>\n<p>&nbsp;<\/p>\n<p>Ramos F\u00e9lix apunt\u00f3 que existen espacios p\u00fablicos de\u00a0Navojoa\u00a0donde m\u00e1quinas para venta y recarga de tarjetas.<\/p>\n<p><img loading=\"lazy\" decoding=\"async\" class=\"alignnone size-medium wp-image-54178\" src=\"https:\/\/elpajaritonews.com\/wp-content\/uploads\/2023\/12\/37444503-4686-4890-9cc5-b6e1cafdcedf-300x225.jpg\" alt=\"\" width=\"300\" height=\"225\" srcset=\"https:\/\/elpajaritonews.com\/wp-content\/uploads\/2023\/12\/37444503-4686-4890-9cc5-b6e1cafdcedf-300x225.jpg 300w, https:\/\/elpajaritonews.com\/wp-content\/uploads\/2023\/12\/37444503-4686-4890-9cc5-b6e1cafdcedf-768x576.jpg 768w, https:\/\/elpajaritonews.com\/wp-content\/uploads\/2023\/12\/37444503-4686-4890-9cc5-b6e1cafdcedf-560x420.jpg 560w, https:\/\/elpajaritonews.com\/wp-content\/uploads\/2023\/12\/37444503-4686-4890-9cc5-b6e1cafdcedf-80x60.jpg 80w, https:\/\/elpajaritonews.com\/wp-content\/uploads\/2023\/12\/37444503-4686-4890-9cc5-b6e1cafdcedf-100x75.jpg 100w, https:\/\/elpajaritonews.com\/wp-content\/uploads\/2023\/12\/37444503-4686-4890-9cc5-b6e1cafdcedf-180x135.jpg 180w, https:\/\/elpajaritonews.com\/wp-content\/uploads\/2023\/12\/37444503-4686-4890-9cc5-b6e1cafdcedf-238x178.jpg 238w, https:\/\/elpajaritonews.com\/wp-content\/uploads\/2023\/12\/37444503-4686-4890-9cc5-b6e1cafdcedf-640x480.jpg 640w, https:\/\/elpajaritonews.com\/wp-content\/uploads\/2023\/12\/37444503-4686-4890-9cc5-b6e1cafdcedf-681x511.jpg 681w, https:\/\/elpajaritonews.com\/wp-content\/uploads\/2023\/12\/37444503-4686-4890-9cc5-b6e1cafdcedf.jpg 800w\" sizes=\"auto, (max-width: 300px) 100vw, 300px\" \/><\/p>\n<p>Sin embargo, \u00aba\u00fan no se concreta la exenci\u00f3n de pago a los estudiantes por parte de los choferes del transporte p\u00fablico\u00bb.<\/p>\n<p>&nbsp;<\/p>\n<p>Reclam\u00f3 que \u00abcomo se esperaba, esto ha causado mucha molestia e inconformidad en muchos usuarios de\u00a0Navojoa\u00bb.<\/p>\n<p>&nbsp;<\/p>\n<p>Dijo adem\u00e1s que \u00abno es para menos pues ya va a terminar el a\u00f1o y no hay soluci\u00f3n\u00bb.<\/p>\n<p>&nbsp;<\/p>\n<p>El dirigente de Vigilantes del\u00a0Transporte\u00a0de\u00a0Navojoa\u00a0se\u00f1al\u00f3 que resalt\u00f3 que \u00ablos pasajes gratuitos son un buen apoyo para muchos alumnos\u00bb.<\/p>\n<p>&nbsp;<\/p>\n<p>M\u00e1s a\u00fan para aquellos que \u00abson de escasos recursos y que actualmente para ir a sus escuelas, gastan cinco o m\u00e1s pesos\u00bb.<\/p>\n<p>&nbsp;<\/p>\n<p>Agreg\u00f3 que \u00ablo que pasa es que a como ande de humor el chofer, se les cobra a los j\u00f3venes\u00bb.<\/p>\n<p>&nbsp;<\/p>\n<p>Indic\u00f3 que \u00abya ha habido muchos casos en los que de plano, los estudiantes\u00a0no van a clases al no tener dinero\u00bb.<\/p>\n","protected":false},"excerpt":{"rendered":"<p>Navojoa, Sonora (IN).- En Navojoa, los estudiantes siguen sin los 2 pasajes gratuitos y muchos faltan a clases por no tener para pagar el transporte p\u00fablico. &nbsp; Violentando el Art\u00edculo 89 de la Ley de\u00a0Transporte\u00a0para el Estado de Sonora, el Instituto de Movilidad y\u00a0Transporte\u00a0para el Estado de Sonora (Imtes) no aplica este beneficio a los&#8230;<\/p>\n","protected":false},"author":2,"featured_media":54177,"comment_status":"closed","ping_status":"closed","sticky":false,"template":"","format":"standard","meta":{"_crdt_document":"","_exactmetrics_skip_tracking":false,"_exactmetrics_sitenote_active":false,"_exactmetrics_sitenote_note":"","_exactmetrics_sitenote_category":0,"footnotes":""},"categories":[36,33,31,27],"tags":[28,29,30],"class_list":["post-54176","post","type-post","status-publish","format-standard","has-post-thumbnail","hentry","category-economia","category-educacion","category-politica","category-sonora","tag-nogales","tag-nogales-la-gran-frontera","tag-sonora-tierra-de-oportunidades"],"_links":{"self":[{"href":"https:\/\/elpajaritonews.com\/index.php?rest_route=\/wp\/v2\/posts\/54176","targetHints":{"allow":["GET"]}}],"collection":[{"href":"https:\/\/elpajaritonews.com\/index.php?rest_route=\/wp\/v2\/posts"}],"about":[{"href":"https:\/\/elpajaritonews.com\/index.php?rest_route=\/wp\/v2\/types\/post"}],"author":[{"embeddable":true,"href":"https:\/\/elpajaritonews.com\/index.php?rest_route=\/wp\/v2\/users\/2"}],"replies":[{"embeddable":true,"href":"https:\/\/elpajaritonews.com\/index.php?rest_route=%2Fwp%2Fv2%2Fcomments&post=54176"}],"version-history":[{"count":1,"href":"https:\/\/elpajaritonews.com\/index.php?rest_route=\/wp\/v2\/posts\/54176\/revisions"}],"predecessor-version":[{"id":54179,"href":"https:\/\/elpajaritonews.com\/index.php?rest_route=\/wp\/v2\/posts\/54176\/revisions\/54179"}],"wp:featuredmedia":[{"embeddable":true,"href":"https:\/\/elpajaritonews.com\/index.php?rest_route=\/wp\/v2\/media\/54177"}],"wp:attachment":[{"href":"https:\/\/elpajaritonews.com\/index.php?rest_route=%2Fwp%2Fv2%2Fmedia&parent=54176"}],"wp:term":[{"taxonomy":"category","embeddable":true,"href":"https:\/\/elpajaritonews.com\/index.php?rest_route=%2Fwp%2Fv2%2Fcategories&post=54176"},{"taxonomy":"post_tag","embeddable":true,"href":"https:\/\/elpajaritonews.com\/index.php?rest_route=%2Fwp%2Fv2%2Ftags&post=54176"}],"curies":[{"name":"wp","href":"https:\/\/api.w.org\/{rel}","templated":true}]}}