{"id":54225,"date":"2023-12-05T04:47:56","date_gmt":"2023-12-05T04:47:56","guid":{"rendered":"https:\/\/elpajaritonews.com\/?p=54225"},"modified":"2023-12-05T04:48:23","modified_gmt":"2023-12-05T04:48:23","slug":"congreso-de-sonora-invita-al-iii-congreso-de-archivos","status":"publish","type":"post","link":"https:\/\/elpajaritonews.com\/?p=54225","title":{"rendered":"CONGRESO DE SONORA INVITA AL III CONGRESO DE ARCHIVOS"},"content":{"rendered":"<p><img loading=\"lazy\" decoding=\"async\" class=\"alignnone wp-image-54228\" src=\"https:\/\/elpajaritonews.com\/wp-content\/uploads\/2023\/12\/BANER-1-300x36.jpg\" alt=\"\" width=\"525\" height=\"63\" srcset=\"https:\/\/elpajaritonews.com\/wp-content\/uploads\/2023\/12\/BANER-1-300x36.jpg 300w, https:\/\/elpajaritonews.com\/wp-content\/uploads\/2023\/12\/BANER-1.jpg 592w\" sizes=\"auto, (max-width: 525px) 100vw, 525px\" \/><\/p>\n<p>Para establecer v\u00ednculos entre archivistas e instituciones, as\u00ed como dar a conocer diversas experiencias en materia de archiv\u00edstica, la Red de Archivistas de Sonora A.C. anunci\u00f3 la realizaci\u00f3n del III Congreso de Archivos los d\u00edas 7 y 8 de diciembre en el Centro de las Artes de la Universidad de Sonora.<\/p>\n<p>&nbsp;<\/p>\n<p>En la rueda de prensa, Karina Mungarro Garibay, coordinadora provisional de Archivos del Congreso local, estuvo acompa\u00f1ada por Patricia R\u00edos Garc\u00eda, Homar Arturo Moreno Ramos, Rosalina N\u00fa\u00f1ez M\u00e1rquez y Concepci\u00f3n Moya Grijalva, presidenta, secretario, tesorera y encargada de seguimiento y vigilancia, respectivamente, de la Red de Archivistas de Sonora.<\/p>\n<p><img loading=\"lazy\" decoding=\"async\" class=\"alignnone wp-image-54227\" src=\"https:\/\/elpajaritonews.com\/wp-content\/uploads\/2023\/12\/eb233140-2a37-4114-9b05-b1a6bb98ff21-300x225.jpg\" alt=\"\" width=\"463\" height=\"347\" srcset=\"https:\/\/elpajaritonews.com\/wp-content\/uploads\/2023\/12\/eb233140-2a37-4114-9b05-b1a6bb98ff21-300x225.jpg 300w, https:\/\/elpajaritonews.com\/wp-content\/uploads\/2023\/12\/eb233140-2a37-4114-9b05-b1a6bb98ff21-1024x768.jpg 1024w, https:\/\/elpajaritonews.com\/wp-content\/uploads\/2023\/12\/eb233140-2a37-4114-9b05-b1a6bb98ff21-768x576.jpg 768w, https:\/\/elpajaritonews.com\/wp-content\/uploads\/2023\/12\/eb233140-2a37-4114-9b05-b1a6bb98ff21-1536x1152.jpg 1536w, https:\/\/elpajaritonews.com\/wp-content\/uploads\/2023\/12\/eb233140-2a37-4114-9b05-b1a6bb98ff21-560x420.jpg 560w, https:\/\/elpajaritonews.com\/wp-content\/uploads\/2023\/12\/eb233140-2a37-4114-9b05-b1a6bb98ff21-80x60.jpg 80w, https:\/\/elpajaritonews.com\/wp-content\/uploads\/2023\/12\/eb233140-2a37-4114-9b05-b1a6bb98ff21-100x75.jpg 100w, https:\/\/elpajaritonews.com\/wp-content\/uploads\/2023\/12\/eb233140-2a37-4114-9b05-b1a6bb98ff21-180x135.jpg 180w, https:\/\/elpajaritonews.com\/wp-content\/uploads\/2023\/12\/eb233140-2a37-4114-9b05-b1a6bb98ff21-238x178.jpg 238w, https:\/\/elpajaritonews.com\/wp-content\/uploads\/2023\/12\/eb233140-2a37-4114-9b05-b1a6bb98ff21-640x480.jpg 640w, https:\/\/elpajaritonews.com\/wp-content\/uploads\/2023\/12\/eb233140-2a37-4114-9b05-b1a6bb98ff21-681x511.jpg 681w, https:\/\/elpajaritonews.com\/wp-content\/uploads\/2023\/12\/eb233140-2a37-4114-9b05-b1a6bb98ff21.jpg 1600w\" sizes=\"auto, (max-width: 463px) 100vw, 463px\" \/><\/p>\n<p>Acto seguido, la presidenta R\u00edos Garc\u00eda dio a conocer que el evento ser\u00e1 gratuito gracias a la colaboraci\u00f3n de las instituciones coorganizadoras del evento, entre ellas la Universidad de Sonora, Secretar\u00eda de Educaci\u00f3n y Cultura (SEC), Bolet\u00edn Oficial y Archivo General del Estado de Sonora (Boages), Congreso de Sonora, Colegio de Sonora (Colson), y Universidad Estatal de Sonora (UES), entre otras.<\/p>\n<p>&nbsp;<\/p>\n<p>El programa iniciar\u00e1 con las conferencias magistrales \u201cEl sistema institucional de archivos y su vinculaci\u00f3n con los dem\u00e1s sistemas nacionales y la inteligencia artificial\u201d y \u201cLos sistemas institucionales de archivos de cara a la realidad\u201d, impartidas por V\u00edctor Pe\u00f1a Mancillas, miembro del Sistema Nacional de Investigadores (SNI) y Mireya Quintos Mart\u00ednez, directora de Desarrollo Archiv\u00edstico Nacional en el Archivo General de la Naci\u00f3n (AGN).<\/p>\n<p>&nbsp;<\/p>\n<p>Se realizar\u00e1n cinco conferencias magistrales, dos conversatorios, dos mesas de trabajo y un taller. Para mayor informaci\u00f3n, consultar la p\u00e1gina reddearchivistasdesonora.com<\/p>\n","protected":false},"excerpt":{"rendered":"<p>Para establecer v\u00ednculos entre archivistas e instituciones, as\u00ed como dar a conocer diversas experiencias en materia de archiv\u00edstica, la Red de Archivistas de Sonora A.C. anunci\u00f3 la realizaci\u00f3n del III Congreso de Archivos los d\u00edas 7 y 8 de diciembre en el Centro de las Artes de la Universidad de Sonora. &nbsp; En la rueda&#8230;<\/p>\n","protected":false},"author":2,"featured_media":54226,"comment_status":"closed","ping_status":"closed","sticky":false,"template":"","format":"standard","meta":{"_crdt_document":"","_exactmetrics_skip_tracking":false,"_exactmetrics_sitenote_active":false,"_exactmetrics_sitenote_note":"","_exactmetrics_sitenote_category":0,"footnotes":""},"categories":[20,33,26,31,27],"tags":[28,29,30],"class_list":["post-54225","post","type-post","status-publish","format-standard","has-post-thumbnail","hentry","category-congreso","category-educacion","category-local","category-politica","category-sonora","tag-nogales","tag-nogales-la-gran-frontera","tag-sonora-tierra-de-oportunidades"],"_links":{"self":[{"href":"https:\/\/elpajaritonews.com\/index.php?rest_route=\/wp\/v2\/posts\/54225","targetHints":{"allow":["GET"]}}],"collection":[{"href":"https:\/\/elpajaritonews.com\/index.php?rest_route=\/wp\/v2\/posts"}],"about":[{"href":"https:\/\/elpajaritonews.com\/index.php?rest_route=\/wp\/v2\/types\/post"}],"author":[{"embeddable":true,"href":"https:\/\/elpajaritonews.com\/index.php?rest_route=\/wp\/v2\/users\/2"}],"replies":[{"embeddable":true,"href":"https:\/\/elpajaritonews.com\/index.php?rest_route=%2Fwp%2Fv2%2Fcomments&post=54225"}],"version-history":[{"count":2,"href":"https:\/\/elpajaritonews.com\/index.php?rest_route=\/wp\/v2\/posts\/54225\/revisions"}],"predecessor-version":[{"id":54230,"href":"https:\/\/elpajaritonews.com\/index.php?rest_route=\/wp\/v2\/posts\/54225\/revisions\/54230"}],"wp:featuredmedia":[{"embeddable":true,"href":"https:\/\/elpajaritonews.com\/index.php?rest_route=\/wp\/v2\/media\/54226"}],"wp:attachment":[{"href":"https:\/\/elpajaritonews.com\/index.php?rest_route=%2Fwp%2Fv2%2Fmedia&parent=54225"}],"wp:term":[{"taxonomy":"category","embeddable":true,"href":"https:\/\/elpajaritonews.com\/index.php?rest_route=%2Fwp%2Fv2%2Fcategories&post=54225"},{"taxonomy":"post_tag","embeddable":true,"href":"https:\/\/elpajaritonews.com\/index.php?rest_route=%2Fwp%2Fv2%2Ftags&post=54225"}],"curies":[{"name":"wp","href":"https:\/\/api.w.org\/{rel}","templated":true}]}}