{"id":54232,"date":"2023-12-06T00:08:25","date_gmt":"2023-12-06T00:08:25","guid":{"rendered":"https:\/\/elpajaritonews.com\/?p=54232"},"modified":"2023-12-06T00:10:47","modified_gmt":"2023-12-06T00:10:47","slug":"no-es-venganza-es-justicia-refirio-por-la-destitucion-como-exsecretario-del-stirtt-de-ricardo-acedo-samaniego-francisco-contreras-vergara","status":"publish","type":"post","link":"https:\/\/elpajaritonews.com\/?p=54232","title":{"rendered":"\u201cNO ES VENGANZA, ES JUSTICIA\u201d, REFIRI\u00d3, POR LA DESTITUCI\u00d3N COMO SECRETARIO DEL STIRTT DE RICARDO ACEDO SAMANIEGO: FRANCISCO CONTRERAS VERGARA"},"content":{"rendered":"<p>A respuesta de la pregunta de un reportero sobre la destituci\u00f3n de Ricardo Acedo como secretario general del Sindicato de Trabajadores de Radio, Telecomunicaciones, Similares y Conexos de la Rep\u00fablica Mexicana (STIRTT) respondi\u00f3 que \u201cNo es venganza, es justicia\u201d, refiri\u00f3 el El l\u00edder nacional del STIRTT nacional Francisco Contreras Vergara.<\/p>\n<p>Como recordaran La Comisi\u00f3n Nacional de Contralor\u00eda y Justicia del STIRTT destituy\u00f3 a Acedo Samaniego por denuncias de disposici\u00f3n discrecional de fondos sindicales para usos personales, la cual sali\u00f3 a la luz debido a una serie de irregularidades detectadas.<\/p>\n<p>El secretario general adjunto de la CTM, el abogado Fernando Salcedo Delgado, como representante de la Confederaci\u00f3n Nacional de Trabajadores, dio testimonio de la votaci\u00f3n en la que 8 de los 11 electores miembros del comit\u00e9 nacional eligieron por unanimidad a Contreras Vergara.<\/p>\n<p>Con informaci\u00f3n (Video) de Ehui.com y nota de Bertha Becerra en OEM-Informex.<\/p>\n<blockquote class=\"twitter-tweet\" data-width=\"550\" data-dnt=\"true\">\n<p lang=\"es\" dir=\"ltr\"><a href=\"https:\/\/twitter.com\/hashtag\/NACIONAL?src=hash&amp;ref_src=twsrc%5Etfw\">#NACIONAL<\/a> \ud83d\udcf0 <\/p>\n<p>El l\u00edder nacional del <a href=\"https:\/\/twitter.com\/STIRTTnacional?ref_src=twsrc%5Etfw\">@STIRTTnacional<\/a> Francisco Contreras Vergara inform\u00f3 sobre los acuerdos en el XXV pleno nacional: <\/p>\n<p>\u201cNo es venganza, es justicia\u201d, refiri\u00f3. <a href=\"https:\/\/t.co\/mMLiQXIMVT\">pic.twitter.com\/mMLiQXIMVT<\/a><\/p>\n<p>&mdash; Ehui.com (@Ehui) <a href=\"https:\/\/twitter.com\/Ehui\/status\/1732115156467929186?ref_src=twsrc%5Etfw\">December 5, 2023<\/a><\/p><\/blockquote>\n<p><script async src=\"https:\/\/platform.twitter.com\/widgets.js\" charset=\"utf-8\"><\/script><\/p>\n","protected":false},"excerpt":{"rendered":"<p>A respuesta de la pregunta de un reportero sobre la destituci\u00f3n de Ricardo Acedo como secretario general del Sindicato de Trabajadores de Radio, Telecomunicaciones, Similares y Conexos de la Rep\u00fablica Mexicana (STIRTT) respondi\u00f3 que \u201cNo es venganza, es justicia\u201d, refiri\u00f3 el El l\u00edder nacional del STIRTT nacional Francisco Contreras Vergara. Como recordaran La Comisi\u00f3n Nacional&#8230;<\/p>\n","protected":false},"author":2,"featured_media":54233,"comment_status":"closed","ping_status":"closed","sticky":false,"template":"","format":"standard","meta":{"_crdt_document":"","_exactmetrics_skip_tracking":false,"_exactmetrics_sitenote_active":false,"_exactmetrics_sitenote_note":"","_exactmetrics_sitenote_category":0,"footnotes":""},"categories":[23,31,1,27],"tags":[28,29,30],"class_list":["post-54232","post","type-post","status-publish","format-standard","has-post-thumbnail","hentry","category-mexico","category-politica","category-seguridad","category-sonora","tag-nogales","tag-nogales-la-gran-frontera","tag-sonora-tierra-de-oportunidades"],"_links":{"self":[{"href":"https:\/\/elpajaritonews.com\/index.php?rest_route=\/wp\/v2\/posts\/54232","targetHints":{"allow":["GET"]}}],"collection":[{"href":"https:\/\/elpajaritonews.com\/index.php?rest_route=\/wp\/v2\/posts"}],"about":[{"href":"https:\/\/elpajaritonews.com\/index.php?rest_route=\/wp\/v2\/types\/post"}],"author":[{"embeddable":true,"href":"https:\/\/elpajaritonews.com\/index.php?rest_route=\/wp\/v2\/users\/2"}],"replies":[{"embeddable":true,"href":"https:\/\/elpajaritonews.com\/index.php?rest_route=%2Fwp%2Fv2%2Fcomments&post=54232"}],"version-history":[{"count":2,"href":"https:\/\/elpajaritonews.com\/index.php?rest_route=\/wp\/v2\/posts\/54232\/revisions"}],"predecessor-version":[{"id":54235,"href":"https:\/\/elpajaritonews.com\/index.php?rest_route=\/wp\/v2\/posts\/54232\/revisions\/54235"}],"wp:featuredmedia":[{"embeddable":true,"href":"https:\/\/elpajaritonews.com\/index.php?rest_route=\/wp\/v2\/media\/54233"}],"wp:attachment":[{"href":"https:\/\/elpajaritonews.com\/index.php?rest_route=%2Fwp%2Fv2%2Fmedia&parent=54232"}],"wp:term":[{"taxonomy":"category","embeddable":true,"href":"https:\/\/elpajaritonews.com\/index.php?rest_route=%2Fwp%2Fv2%2Fcategories&post=54232"},{"taxonomy":"post_tag","embeddable":true,"href":"https:\/\/elpajaritonews.com\/index.php?rest_route=%2Fwp%2Fv2%2Ftags&post=54232"}],"curies":[{"name":"wp","href":"https:\/\/api.w.org\/{rel}","templated":true}]}}