{"id":54258,"date":"2023-12-07T02:08:09","date_gmt":"2023-12-07T02:08:09","guid":{"rendered":"https:\/\/elpajaritonews.com\/?p=54258"},"modified":"2023-12-07T02:08:09","modified_gmt":"2023-12-07T02:08:09","slug":"acercamos-oportunidades-de-empleos-en-atencion-a-estrategia-de-seguridad-alfonso-durazo","status":"publish","type":"post","link":"https:\/\/elpajaritonews.com\/?p=54258","title":{"rendered":"ACERCAMOS OPORTUNIDADES DE EMPLEOS EN ATENCI\u00d3N A ESTRATEGIA DE SEGURIDAD: ALFONSO DURAZO"},"content":{"rendered":"<p>Para lograr la construcci\u00f3n de la paz es necesario impulsar programas sociales y acercar oportunidades laborales a personas que m\u00e1s lo necesitan e involucrar a hombres y mujeres comprometidos por mejorar su entorno, destac\u00f3 el gobernador Alfonso Durazo Monta\u00f1o, durante la inauguraci\u00f3n de la Feria de Paz en Guaymas.<\/p>\n<p><img loading=\"lazy\" decoding=\"async\" class=\"alignnone  wp-image-54260\" src=\"https:\/\/elpajaritonews.com\/wp-content\/uploads\/2023\/12\/74f29cc9-bfb2-44d8-992f-abbff18e435e-300x210.jpg\" alt=\"\" width=\"556\" height=\"389\" srcset=\"https:\/\/elpajaritonews.com\/wp-content\/uploads\/2023\/12\/74f29cc9-bfb2-44d8-992f-abbff18e435e-300x210.jpg 300w, https:\/\/elpajaritonews.com\/wp-content\/uploads\/2023\/12\/74f29cc9-bfb2-44d8-992f-abbff18e435e-1024x718.jpg 1024w, https:\/\/elpajaritonews.com\/wp-content\/uploads\/2023\/12\/74f29cc9-bfb2-44d8-992f-abbff18e435e-768x538.jpg 768w, https:\/\/elpajaritonews.com\/wp-content\/uploads\/2023\/12\/74f29cc9-bfb2-44d8-992f-abbff18e435e-599x420.jpg 599w, https:\/\/elpajaritonews.com\/wp-content\/uploads\/2023\/12\/74f29cc9-bfb2-44d8-992f-abbff18e435e-640x449.jpg 640w, https:\/\/elpajaritonews.com\/wp-content\/uploads\/2023\/12\/74f29cc9-bfb2-44d8-992f-abbff18e435e-681x477.jpg 681w, https:\/\/elpajaritonews.com\/wp-content\/uploads\/2023\/12\/74f29cc9-bfb2-44d8-992f-abbff18e435e.jpg 1280w\" sizes=\"auto, (max-width: 556px) 100vw, 556px\" \/><\/p>\n<p>El mandatario estatal junto a Martha Beatriz L\u00f3pez L\u00f3pez, titular de la Unidad de Pol\u00edticas y Estrategias para la Construcci\u00f3n de Paz con Entidades Federativas y Regiones de la Secretar\u00eda de Seguridad y Protecci\u00f3n Ciudadana, tom\u00f3 protesta a responsables de colonias para dar seguimiento a las Jornadas por la Paz y destac\u00f3 qu\u00e9, para lograr reducir los \u00edndices de violencia,\u00a0 es necesario el trabajo coordinado entre sociedad y gobierno.<\/p>\n<p><img loading=\"lazy\" decoding=\"async\" class=\"alignnone  wp-image-54261\" src=\"https:\/\/elpajaritonews.com\/wp-content\/uploads\/2023\/12\/d362350b-7418-4436-b066-307f314adbf0-300x229.jpg\" alt=\"\" width=\"559\" height=\"427\" srcset=\"https:\/\/elpajaritonews.com\/wp-content\/uploads\/2023\/12\/d362350b-7418-4436-b066-307f314adbf0-300x229.jpg 300w, https:\/\/elpajaritonews.com\/wp-content\/uploads\/2023\/12\/d362350b-7418-4436-b066-307f314adbf0-1024x782.jpg 1024w, https:\/\/elpajaritonews.com\/wp-content\/uploads\/2023\/12\/d362350b-7418-4436-b066-307f314adbf0-768x587.jpg 768w, https:\/\/elpajaritonews.com\/wp-content\/uploads\/2023\/12\/d362350b-7418-4436-b066-307f314adbf0-550x420.jpg 550w, https:\/\/elpajaritonews.com\/wp-content\/uploads\/2023\/12\/d362350b-7418-4436-b066-307f314adbf0-80x60.jpg 80w, https:\/\/elpajaritonews.com\/wp-content\/uploads\/2023\/12\/d362350b-7418-4436-b066-307f314adbf0-100x75.jpg 100w, https:\/\/elpajaritonews.com\/wp-content\/uploads\/2023\/12\/d362350b-7418-4436-b066-307f314adbf0-640x489.jpg 640w, https:\/\/elpajaritonews.com\/wp-content\/uploads\/2023\/12\/d362350b-7418-4436-b066-307f314adbf0-681x520.jpg 681w, https:\/\/elpajaritonews.com\/wp-content\/uploads\/2023\/12\/d362350b-7418-4436-b066-307f314adbf0.jpg 1280w\" sizes=\"auto, (max-width: 559px) 100vw, 559px\" \/><\/p>\n<p>El gobernador Durazo felicit\u00f3 a las y los responsables de colonias que tomaron protesta por el compromiso que tienen con su gente, pues solo as\u00ed, dijo podr\u00e1n tener una mejor estrategia de seguridad a favor de las y los guaymenses.<\/p>\n<p><img loading=\"lazy\" decoding=\"async\" class=\"alignnone  wp-image-54262\" src=\"https:\/\/elpajaritonews.com\/wp-content\/uploads\/2023\/12\/f3848c20-555d-4719-8b4c-4f18942e0750-300x188.jpg\" alt=\"\" width=\"549\" height=\"344\" srcset=\"https:\/\/elpajaritonews.com\/wp-content\/uploads\/2023\/12\/f3848c20-555d-4719-8b4c-4f18942e0750-300x188.jpg 300w, https:\/\/elpajaritonews.com\/wp-content\/uploads\/2023\/12\/f3848c20-555d-4719-8b4c-4f18942e0750-1024x642.jpg 1024w, https:\/\/elpajaritonews.com\/wp-content\/uploads\/2023\/12\/f3848c20-555d-4719-8b4c-4f18942e0750-768x482.jpg 768w, https:\/\/elpajaritonews.com\/wp-content\/uploads\/2023\/12\/f3848c20-555d-4719-8b4c-4f18942e0750-669x420.jpg 669w, https:\/\/elpajaritonews.com\/wp-content\/uploads\/2023\/12\/f3848c20-555d-4719-8b4c-4f18942e0750-640x402.jpg 640w, https:\/\/elpajaritonews.com\/wp-content\/uploads\/2023\/12\/f3848c20-555d-4719-8b4c-4f18942e0750-681x427.jpg 681w, https:\/\/elpajaritonews.com\/wp-content\/uploads\/2023\/12\/f3848c20-555d-4719-8b4c-4f18942e0750.jpg 1280w\" sizes=\"auto, (max-width: 549px) 100vw, 549px\" \/><\/p>\n<p>\u00abYo estoy seguro de que si sumamos esfuerzos sin regateos de manera comprometida en nuestra pr\u00f3xima reuni\u00f3n podemos sorprender con sus resultados a nuestra coordinadora nacional de las Jornadas por la Paz, Sonora cuenta con ustedes y le vamos a entregar las mejores cuentas a nuestro estado\u00bb, coment\u00f3.<\/p>\n<p>&nbsp;<\/p>\n<p>Martha L\u00f3pez destac\u00f3 que estas Ferias de Paz se realizan a nivel nacional en 50 municipios prioritarios entre ellos Guaymas, sin embargo, gracias al esfuerzo y trabajo de gobierno y las y los guaymenses, el municipio est\u00e1 cambiando de lugares y de continuar as\u00ed, podr\u00eda dejar de formar parte de estos municipios prioritarios.<\/p>\n<p>&nbsp;<\/p>\n<p>En la Feria de la Paz, se ofrecen servicios por parte de los tres niveles de gobierno en m\u00e1s de 25 m\u00f3dulos ofreciendo oportunidades para las y los j\u00f3venes como DIF, SNE, instituciones de educaci\u00f3n media superior, entre otras.<\/p>\n","protected":false},"excerpt":{"rendered":"<p>Para lograr la construcci\u00f3n de la paz es necesario impulsar programas sociales y acercar oportunidades laborales a personas que m\u00e1s lo necesitan e involucrar a hombres y mujeres comprometidos por mejorar su entorno, destac\u00f3 el gobernador Alfonso Durazo Monta\u00f1o, durante la inauguraci\u00f3n de la Feria de Paz en Guaymas. El mandatario estatal junto a Martha&#8230;<\/p>\n","protected":false},"author":2,"featured_media":54259,"comment_status":"closed","ping_status":"closed","sticky":false,"template":"","format":"standard","meta":{"_crdt_document":"","_exactmetrics_skip_tracking":false,"_exactmetrics_sitenote_active":false,"_exactmetrics_sitenote_note":"","_exactmetrics_sitenote_category":0,"footnotes":""},"categories":[31,1,27],"tags":[28,29,30],"class_list":["post-54258","post","type-post","status-publish","format-standard","has-post-thumbnail","hentry","category-politica","category-seguridad","category-sonora","tag-nogales","tag-nogales-la-gran-frontera","tag-sonora-tierra-de-oportunidades"],"_links":{"self":[{"href":"https:\/\/elpajaritonews.com\/index.php?rest_route=\/wp\/v2\/posts\/54258","targetHints":{"allow":["GET"]}}],"collection":[{"href":"https:\/\/elpajaritonews.com\/index.php?rest_route=\/wp\/v2\/posts"}],"about":[{"href":"https:\/\/elpajaritonews.com\/index.php?rest_route=\/wp\/v2\/types\/post"}],"author":[{"embeddable":true,"href":"https:\/\/elpajaritonews.com\/index.php?rest_route=\/wp\/v2\/users\/2"}],"replies":[{"embeddable":true,"href":"https:\/\/elpajaritonews.com\/index.php?rest_route=%2Fwp%2Fv2%2Fcomments&post=54258"}],"version-history":[{"count":1,"href":"https:\/\/elpajaritonews.com\/index.php?rest_route=\/wp\/v2\/posts\/54258\/revisions"}],"predecessor-version":[{"id":54263,"href":"https:\/\/elpajaritonews.com\/index.php?rest_route=\/wp\/v2\/posts\/54258\/revisions\/54263"}],"wp:featuredmedia":[{"embeddable":true,"href":"https:\/\/elpajaritonews.com\/index.php?rest_route=\/wp\/v2\/media\/54259"}],"wp:attachment":[{"href":"https:\/\/elpajaritonews.com\/index.php?rest_route=%2Fwp%2Fv2%2Fmedia&parent=54258"}],"wp:term":[{"taxonomy":"category","embeddable":true,"href":"https:\/\/elpajaritonews.com\/index.php?rest_route=%2Fwp%2Fv2%2Fcategories&post=54258"},{"taxonomy":"post_tag","embeddable":true,"href":"https:\/\/elpajaritonews.com\/index.php?rest_route=%2Fwp%2Fv2%2Ftags&post=54258"}],"curies":[{"name":"wp","href":"https:\/\/api.w.org\/{rel}","templated":true}]}}