{"id":54338,"date":"2023-12-11T20:51:16","date_gmt":"2023-12-11T20:51:16","guid":{"rendered":"https:\/\/elpajaritonews.com\/?p=54338"},"modified":"2023-12-11T20:51:16","modified_gmt":"2023-12-11T20:51:16","slug":"el-desarrollo-economico-para-sonora-llego-con-proyectos-productivos-importantes-impulsados-por-amlo-y-adm-ramon-flores","status":"publish","type":"post","link":"https:\/\/elpajaritonews.com\/?p=54338","title":{"rendered":"EL DESARROLLO ECON\u00d3MICO PARA SONORA LLEG\u00d3 CON PROYECTOS PRODUCTIVOS IMPORTANTES IMPULSADOS POR AMLO Y ADM: RAM\u00d3N FLORES"},"content":{"rendered":"<p>En San Luis R\u00edo Colorado, Sonora, \u00a0el desarrollo econ\u00f3mico en Sonora, ya es una realidad, con proyectos como la modernizaci\u00f3n de las aduanas, la instalaci\u00f3n de la planta de licuefacci\u00f3n de gas natural y el impulso a la modernizaci\u00f3n carreteras, entre otros, permiten que la entidad est\u00e9 en los mejores posiciones a nivel nacional, expuso dirigente estatal del PT Ram\u00f3n Flores, al reunirse con militantes y simpatizantes, resaltando que el partido ha sido parte fundamental para el apoyo al Presidente Andr\u00e9s Manuel L\u00f3pez Obrador y al Gobernador Alfonso Durazo Monta\u00f1o.<\/p>\n<p><img loading=\"lazy\" decoding=\"async\" class=\"alignnone  wp-image-54340\" src=\"https:\/\/elpajaritonews.com\/wp-content\/uploads\/2023\/12\/506ae258-4d7a-42a5-b9a3-a28a66bcec6f-300x200.jpg\" alt=\"\" width=\"488\" height=\"325\" srcset=\"https:\/\/elpajaritonews.com\/wp-content\/uploads\/2023\/12\/506ae258-4d7a-42a5-b9a3-a28a66bcec6f-300x200.jpg 300w, https:\/\/elpajaritonews.com\/wp-content\/uploads\/2023\/12\/506ae258-4d7a-42a5-b9a3-a28a66bcec6f-1024x682.jpg 1024w, https:\/\/elpajaritonews.com\/wp-content\/uploads\/2023\/12\/506ae258-4d7a-42a5-b9a3-a28a66bcec6f-768x512.jpg 768w, https:\/\/elpajaritonews.com\/wp-content\/uploads\/2023\/12\/506ae258-4d7a-42a5-b9a3-a28a66bcec6f-1536x1023.jpg 1536w, https:\/\/elpajaritonews.com\/wp-content\/uploads\/2023\/12\/506ae258-4d7a-42a5-b9a3-a28a66bcec6f-630x420.jpg 630w, https:\/\/elpajaritonews.com\/wp-content\/uploads\/2023\/12\/506ae258-4d7a-42a5-b9a3-a28a66bcec6f-640x426.jpg 640w, https:\/\/elpajaritonews.com\/wp-content\/uploads\/2023\/12\/506ae258-4d7a-42a5-b9a3-a28a66bcec6f-681x454.jpg 681w, https:\/\/elpajaritonews.com\/wp-content\/uploads\/2023\/12\/506ae258-4d7a-42a5-b9a3-a28a66bcec6f.jpg 1600w\" sizes=\"auto, (max-width: 488px) 100vw, 488px\" \/><\/p>\n<p>En su encuentro con petistas de la frontera, tambi\u00e9n se\u00f1al\u00f3 que el instituto pol\u00edtico que representa, ha buscado la mejora de la ciudadan\u00eda, como son las becas para los estudiantes de niveles b\u00e1sicos y universitarios, impulsado por el Gobernador Alfonso Durazo, \u201cnuestros diputados locales conscientes de lo que representaba, no dudaron en aprobar el recorte al presupuesto del Poder Legislativo de 500 millones de pesos, los cuales van directamente a nuestros estudiantes\u201d, puntualiz\u00f3.<\/p>\n<p><img loading=\"lazy\" decoding=\"async\" class=\"alignnone  wp-image-54341\" src=\"https:\/\/elpajaritonews.com\/wp-content\/uploads\/2023\/12\/6cd64a83-c3d1-4b62-b332-b857428fc1d0-300x200.jpg\" alt=\"\" width=\"491\" height=\"327\" srcset=\"https:\/\/elpajaritonews.com\/wp-content\/uploads\/2023\/12\/6cd64a83-c3d1-4b62-b332-b857428fc1d0-300x200.jpg 300w, https:\/\/elpajaritonews.com\/wp-content\/uploads\/2023\/12\/6cd64a83-c3d1-4b62-b332-b857428fc1d0-1024x682.jpg 1024w, https:\/\/elpajaritonews.com\/wp-content\/uploads\/2023\/12\/6cd64a83-c3d1-4b62-b332-b857428fc1d0-768x512.jpg 768w, https:\/\/elpajaritonews.com\/wp-content\/uploads\/2023\/12\/6cd64a83-c3d1-4b62-b332-b857428fc1d0-1536x1023.jpg 1536w, https:\/\/elpajaritonews.com\/wp-content\/uploads\/2023\/12\/6cd64a83-c3d1-4b62-b332-b857428fc1d0-630x420.jpg 630w, https:\/\/elpajaritonews.com\/wp-content\/uploads\/2023\/12\/6cd64a83-c3d1-4b62-b332-b857428fc1d0-640x426.jpg 640w, https:\/\/elpajaritonews.com\/wp-content\/uploads\/2023\/12\/6cd64a83-c3d1-4b62-b332-b857428fc1d0-681x454.jpg 681w, https:\/\/elpajaritonews.com\/wp-content\/uploads\/2023\/12\/6cd64a83-c3d1-4b62-b332-b857428fc1d0.jpg 1600w\" sizes=\"auto, (max-width: 491px) 100vw, 491px\" \/><\/p>\n<p>Su paso por el municipio de Plutarco El\u00edas Calles (Sonoyta), Ram\u00f3n Flores, hizo un llamados los diputados federales para que junto con el Gobierno de Andr\u00e9s Manuel L\u00f3pez, se sumen a las acciones emprendidas para la re apertura de la garita internacional de Lukeville, acci\u00f3n emprendida por el Gobierno de Estados Unidos, considerando que esta medida no ayuda a resolver el problema migratorio, sino todo lo contrario, afecta severamente la econom\u00eda de ambas entidades.<\/p>\n<p><img loading=\"lazy\" decoding=\"async\" class=\"alignnone  wp-image-54342\" src=\"https:\/\/elpajaritonews.com\/wp-content\/uploads\/2023\/12\/3f29f543-69eb-4e38-b804-53236dddfdaf-300x200.jpg\" alt=\"\" width=\"494\" height=\"329\" srcset=\"https:\/\/elpajaritonews.com\/wp-content\/uploads\/2023\/12\/3f29f543-69eb-4e38-b804-53236dddfdaf-300x200.jpg 300w, https:\/\/elpajaritonews.com\/wp-content\/uploads\/2023\/12\/3f29f543-69eb-4e38-b804-53236dddfdaf-1024x682.jpg 1024w, https:\/\/elpajaritonews.com\/wp-content\/uploads\/2023\/12\/3f29f543-69eb-4e38-b804-53236dddfdaf-768x512.jpg 768w, https:\/\/elpajaritonews.com\/wp-content\/uploads\/2023\/12\/3f29f543-69eb-4e38-b804-53236dddfdaf-1536x1023.jpg 1536w, https:\/\/elpajaritonews.com\/wp-content\/uploads\/2023\/12\/3f29f543-69eb-4e38-b804-53236dddfdaf-630x420.jpg 630w, https:\/\/elpajaritonews.com\/wp-content\/uploads\/2023\/12\/3f29f543-69eb-4e38-b804-53236dddfdaf-640x426.jpg 640w, https:\/\/elpajaritonews.com\/wp-content\/uploads\/2023\/12\/3f29f543-69eb-4e38-b804-53236dddfdaf-681x454.jpg 681w, https:\/\/elpajaritonews.com\/wp-content\/uploads\/2023\/12\/3f29f543-69eb-4e38-b804-53236dddfdaf.jpg 1600w\" sizes=\"auto, (max-width: 494px) 100vw, 494px\" \/><\/p>\n<p>Durante su gira de trabajo por los municipios de San Luis R\u00edo Colorado el l\u00edder petista les tom\u00f3 protesta a los nuevos comit\u00e9s municipales de j\u00f3venes de San Luis R\u00edo Colorado y de Sonoyta, encabezados por Jes\u00fas \u201cCuate\u201d Moreno e Ivannia Partida Betancourt, tambi\u00e9n sostuvo reuniones con personas con discapacidad de la Asociaci\u00f3n \u201cpersonas de gran coraz\u00f3n Sonora\u201d, a quienes les expuso que dentro de la agenda del PT en el congreso local y federal, impulsan proyectos de leyes en beneficio de \u00e9ste sector de la sociedad.<\/p>\n<p><img loading=\"lazy\" decoding=\"async\" class=\"alignnone  wp-image-54343\" src=\"https:\/\/elpajaritonews.com\/wp-content\/uploads\/2023\/12\/d10ce99a-521a-4c4b-8304-d52c19a9a030-300x200.jpg\" alt=\"\" width=\"501\" height=\"334\" srcset=\"https:\/\/elpajaritonews.com\/wp-content\/uploads\/2023\/12\/d10ce99a-521a-4c4b-8304-d52c19a9a030-300x200.jpg 300w, https:\/\/elpajaritonews.com\/wp-content\/uploads\/2023\/12\/d10ce99a-521a-4c4b-8304-d52c19a9a030-1024x682.jpg 1024w, https:\/\/elpajaritonews.com\/wp-content\/uploads\/2023\/12\/d10ce99a-521a-4c4b-8304-d52c19a9a030-768x512.jpg 768w, https:\/\/elpajaritonews.com\/wp-content\/uploads\/2023\/12\/d10ce99a-521a-4c4b-8304-d52c19a9a030-1536x1023.jpg 1536w, https:\/\/elpajaritonews.com\/wp-content\/uploads\/2023\/12\/d10ce99a-521a-4c4b-8304-d52c19a9a030-630x420.jpg 630w, https:\/\/elpajaritonews.com\/wp-content\/uploads\/2023\/12\/d10ce99a-521a-4c4b-8304-d52c19a9a030-640x426.jpg 640w, https:\/\/elpajaritonews.com\/wp-content\/uploads\/2023\/12\/d10ce99a-521a-4c4b-8304-d52c19a9a030-681x454.jpg 681w, https:\/\/elpajaritonews.com\/wp-content\/uploads\/2023\/12\/d10ce99a-521a-4c4b-8304-d52c19a9a030.jpg 1600w\" sizes=\"auto, (max-width: 501px) 100vw, 501px\" \/><\/p>\n<p>Les acompa\u00f1aron los integrantes del comit\u00e9 directivo estatal, Balta Valenzuela, Secretario T\u00e9cnico, \u2060Mart\u00edn Lopez Ca\u00f1ez, Coordinador de afiliaciones del Distrito 01 Federal, \u2060Ren\u00e9 Garc\u00eda, Comisionado Electoral, \u2060Alberto \u201cBeto\u201d Ruiz, comisionado municipal del PT SLRC, \u2060Rehidora Tereza Guzm\u00e1n, Comisionada Municipal del PT en Sonoyta, \u2060Rosa Rodarte, presidenta de la asociaci\u00f3n personas de gran coraz\u00f3n y \u2060Ram\u00f3n Ter\u00e1n, Dirigente estatal de j\u00f3venes PT.<\/p>\n","protected":false},"excerpt":{"rendered":"<p>En San Luis R\u00edo Colorado, Sonora, \u00a0el desarrollo econ\u00f3mico en Sonora, ya es una realidad, con proyectos como la modernizaci\u00f3n de las aduanas, la instalaci\u00f3n de la planta de licuefacci\u00f3n de gas natural y el impulso a la modernizaci\u00f3n carreteras, entre otros, permiten que la entidad est\u00e9 en los mejores posiciones a nivel nacional, expuso&#8230;<\/p>\n","protected":false},"author":2,"featured_media":54339,"comment_status":"closed","ping_status":"closed","sticky":false,"template":"","format":"standard","meta":{"_crdt_document":"","_exactmetrics_skip_tracking":false,"_exactmetrics_sitenote_active":false,"_exactmetrics_sitenote_note":"","_exactmetrics_sitenote_category":0,"footnotes":""},"categories":[35,31,27],"tags":[28,29,30],"class_list":["post-54338","post","type-post","status-publish","format-standard","has-post-thumbnail","hentry","category-elecciones-2024","category-politica","category-sonora","tag-nogales","tag-nogales-la-gran-frontera","tag-sonora-tierra-de-oportunidades"],"_links":{"self":[{"href":"https:\/\/elpajaritonews.com\/index.php?rest_route=\/wp\/v2\/posts\/54338","targetHints":{"allow":["GET"]}}],"collection":[{"href":"https:\/\/elpajaritonews.com\/index.php?rest_route=\/wp\/v2\/posts"}],"about":[{"href":"https:\/\/elpajaritonews.com\/index.php?rest_route=\/wp\/v2\/types\/post"}],"author":[{"embeddable":true,"href":"https:\/\/elpajaritonews.com\/index.php?rest_route=\/wp\/v2\/users\/2"}],"replies":[{"embeddable":true,"href":"https:\/\/elpajaritonews.com\/index.php?rest_route=%2Fwp%2Fv2%2Fcomments&post=54338"}],"version-history":[{"count":1,"href":"https:\/\/elpajaritonews.com\/index.php?rest_route=\/wp\/v2\/posts\/54338\/revisions"}],"predecessor-version":[{"id":54344,"href":"https:\/\/elpajaritonews.com\/index.php?rest_route=\/wp\/v2\/posts\/54338\/revisions\/54344"}],"wp:featuredmedia":[{"embeddable":true,"href":"https:\/\/elpajaritonews.com\/index.php?rest_route=\/wp\/v2\/media\/54339"}],"wp:attachment":[{"href":"https:\/\/elpajaritonews.com\/index.php?rest_route=%2Fwp%2Fv2%2Fmedia&parent=54338"}],"wp:term":[{"taxonomy":"category","embeddable":true,"href":"https:\/\/elpajaritonews.com\/index.php?rest_route=%2Fwp%2Fv2%2Fcategories&post=54338"},{"taxonomy":"post_tag","embeddable":true,"href":"https:\/\/elpajaritonews.com\/index.php?rest_route=%2Fwp%2Fv2%2Ftags&post=54338"}],"curies":[{"name":"wp","href":"https:\/\/api.w.org\/{rel}","templated":true}]}}