{"id":54352,"date":"2023-12-12T03:39:12","date_gmt":"2023-12-12T03:39:12","guid":{"rendered":"https:\/\/elpajaritonews.com\/?p=54352"},"modified":"2023-12-12T03:39:12","modified_gmt":"2023-12-12T03:39:12","slug":"toman-familiares-consulado-de-mexico-en-chicago-para-exigir-seguridad-en-texcaltitlan","status":"publish","type":"post","link":"https:\/\/elpajaritonews.com\/?p=54352","title":{"rendered":"TOMAN FAMILIARES CONSULADO DE M\u00c9XICO  EN CHICAGO PARA EXIGIR SEGURIDAD EN TEXCALTITL\u00c1N"},"content":{"rendered":"<p>Alejandro Matty Ortega\/Irreverente Noticias<\/p>\n<p>&nbsp;<\/p>\n<p>Ciudad de M\u00e9xico (IN).- M\u00e1s de 200 mexiquenses residentes en Estados Unidos, tomaron hoy el Consulado de M\u00e9xico en Chicago, Illinois.<\/p>\n<p>&nbsp;<\/p>\n<p>En entrevista telef\u00f3nica con IRREVERENTE NOTICIAS, Jos\u00e9 P\u00e9rez, presidente de la Federaci\u00f3n de Mexiquenses en Medio Este de Estados Unidos, lament\u00f3 el desplazamiento forzado de m\u00e1s de 100 mil habitantes de la regi\u00f3n colindante a Texcaltitl\u00e1n, Estado de M\u00e9xico.<\/p>\n<p>&nbsp;<\/p>\n<p>Lo anterior, tras los hechos registrados el pasado s\u00e1bado cuando integrantes de La Familia Michoacana pretend\u00eda aumentar el cobro por derecho de piso a los agricultores mexiquenses.<\/p>\n<p>&nbsp;<\/p>\n<p>El activista internacional mencion\u00f3 que \u00abel d\u00eda de hoy m\u00e1s de 200 mexiquenses tomaron el Consulado de Chicago para exigir a la gobernadora Delfina G\u00f3mez y al presidente Andr\u00e9s Manuel L\u00f3pez Obrador que brinden seguridad a los pobladores de Texcaltitl\u00e1n.<\/p>\n<p>&nbsp;<\/p>\n<p>Jos\u00e9 P\u00e9rez indic\u00f3 que \u00abhay mucho temor por las amenazas de La Familia Michoacana, la gente no tiene comida, duermen en los cerros, tienen miedo a este grupo criminal\u00bb.<\/p>\n<p>&nbsp;<\/p>\n<p>Apunt\u00f3 que \u00abaqu\u00ed nos recibi\u00f3 la c\u00f3nsul y se comprometi\u00f3 a ayudarnos, a pedirle a las autoridades brinden ayuda a los m\u00e1s de 100 mil pobladores de la regi\u00f3n que viven en la zozobra\u00bb.<\/p>\n<p>&nbsp;<\/p>\n<p>Expuso que continuar\u00e1n manifest\u00e1ndose con el fin de que \u00abse liberen los caminos rurales y la gente pueda salir del estado\u00bb.<\/p>\n<p>&nbsp;<\/p>\n<p>Particularmente, los familiares \u00abpiden que el Gobierno de M\u00e9xico apoye con el tr\u00e1mite de Visas Humanitarias y Asilo Pol\u00edtico en Estados Unidos\u00bb.<\/p>\n<p>&nbsp;<\/p>\n<p>A dos d\u00edas de los tr\u00e1gicos hechos, la comunidad mexiquense clama protecci\u00f3n y seguridad para sus familias y se les tramite el Asilo Pol\u00edtico para salvaguardar su integridad y vida.<\/p>\n<p>&nbsp;<\/p>\n<p>Jos\u00e9 P\u00e9rez extern\u00f3 adem\u00e1s que el cobro de derecho de piso lleva 10 a\u00f1os.<\/p>\n<p>&nbsp;<\/p>\n<p>Indic\u00f3 que los criminales cobran por metro cuadrado de siembra como la cebada.<\/p>\n<p>&nbsp;<\/p>\n<p>Ante la exigencia del cobro y el incremento de la cuota, los pobladores se alzaron con palos y machetes contra los hombres armados con metralletas y pistolas.<\/p>\n<p>&nbsp;<\/p>\n<p>El llamado es para la goberbadora del Estado de M\u00e9xico y el presidente de M\u00e9xico.<\/p>\n<p>&nbsp;<\/p>\n<p>El domingo, la Secrerar\u00eda de Seguridad del Edomex realiz\u00f3 un despliegue en coordinaci\u00f3n con la Secretar\u00eda de la Defensa Nacional (Sedena), Guardia Nacional (GN) y la Fiscal\u00eda General de Justicia del Estado de M\u00e9xico.<\/p>\n<p>&nbsp;<\/p>\n<p>Se encuentra de apoyo en la zona a fin de<\/p>\n<p>mantener control tras los violentos hechos donde perdieron la vida 14 personas.<\/p>\n<p>&nbsp;<\/p>\n<blockquote class=\"twitter-tweet\" data-width=\"550\" data-dnt=\"true\">\n<p lang=\"es\" dir=\"ltr\">Toman familiares <a href=\"https:\/\/twitter.com\/hashtag\/Consulado?src=hash&amp;ref_src=twsrc%5Etfw\">#Consulado<\/a> de <a href=\"https:\/\/twitter.com\/hashtag\/Mexico?src=hash&amp;ref_src=twsrc%5Etfw\">#Mexico<\/a> en <a href=\"https:\/\/twitter.com\/hashtag\/Chicago?src=hash&amp;ref_src=twsrc%5Etfw\">#Chicago<\/a> para exigir seguridad en <a href=\"https:\/\/twitter.com\/hashtag\/Texcaltitl%C3%A1n?src=hash&amp;ref_src=twsrc%5Etfw\">#Texcaltitl\u00e1n<\/a> <a href=\"https:\/\/t.co\/ucyWJI12oT\">pic.twitter.com\/ucyWJI12oT<\/a><\/p>\n<p>&mdash; irreverente noticias (@irreverentnws) <a href=\"https:\/\/twitter.com\/irreverentnws\/status\/1734416344831910344?ref_src=twsrc%5Etfw\">December 12, 2023<\/a><\/p><\/blockquote>\n<p><script async src=\"https:\/\/platform.twitter.com\/widgets.js\" charset=\"utf-8\"><\/script><\/p>\n","protected":false},"excerpt":{"rendered":"<p>Alejandro Matty Ortega\/Irreverente Noticias &nbsp; Ciudad de M\u00e9xico (IN).- M\u00e1s de 200 mexiquenses residentes en Estados Unidos, tomaron hoy el Consulado de M\u00e9xico en Chicago, Illinois. &nbsp; En entrevista telef\u00f3nica con IRREVERENTE NOTICIAS, Jos\u00e9 P\u00e9rez, presidente de la Federaci\u00f3n de Mexiquenses en Medio Este de Estados Unidos, lament\u00f3 el desplazamiento forzado de m\u00e1s de 100&#8230;<\/p>\n","protected":false},"author":2,"featured_media":54353,"comment_status":"closed","ping_status":"closed","sticky":false,"template":"","format":"standard","meta":{"_crdt_document":"","_exactmetrics_skip_tracking":false,"_exactmetrics_sitenote_active":false,"_exactmetrics_sitenote_note":"","_exactmetrics_sitenote_category":0,"footnotes":""},"categories":[17,23,38,24,31,1],"tags":[28,29,30],"class_list":["post-54352","post","type-post","status-publish","format-standard","has-post-thumbnail","hentry","category-arizona","category-mexico","category-migracion","category-mundo","category-politica","category-seguridad","tag-nogales","tag-nogales-la-gran-frontera","tag-sonora-tierra-de-oportunidades"],"_links":{"self":[{"href":"https:\/\/elpajaritonews.com\/index.php?rest_route=\/wp\/v2\/posts\/54352","targetHints":{"allow":["GET"]}}],"collection":[{"href":"https:\/\/elpajaritonews.com\/index.php?rest_route=\/wp\/v2\/posts"}],"about":[{"href":"https:\/\/elpajaritonews.com\/index.php?rest_route=\/wp\/v2\/types\/post"}],"author":[{"embeddable":true,"href":"https:\/\/elpajaritonews.com\/index.php?rest_route=\/wp\/v2\/users\/2"}],"replies":[{"embeddable":true,"href":"https:\/\/elpajaritonews.com\/index.php?rest_route=%2Fwp%2Fv2%2Fcomments&post=54352"}],"version-history":[{"count":1,"href":"https:\/\/elpajaritonews.com\/index.php?rest_route=\/wp\/v2\/posts\/54352\/revisions"}],"predecessor-version":[{"id":54354,"href":"https:\/\/elpajaritonews.com\/index.php?rest_route=\/wp\/v2\/posts\/54352\/revisions\/54354"}],"wp:featuredmedia":[{"embeddable":true,"href":"https:\/\/elpajaritonews.com\/index.php?rest_route=\/wp\/v2\/media\/54353"}],"wp:attachment":[{"href":"https:\/\/elpajaritonews.com\/index.php?rest_route=%2Fwp%2Fv2%2Fmedia&parent=54352"}],"wp:term":[{"taxonomy":"category","embeddable":true,"href":"https:\/\/elpajaritonews.com\/index.php?rest_route=%2Fwp%2Fv2%2Fcategories&post=54352"},{"taxonomy":"post_tag","embeddable":true,"href":"https:\/\/elpajaritonews.com\/index.php?rest_route=%2Fwp%2Fv2%2Ftags&post=54352"}],"curies":[{"name":"wp","href":"https:\/\/api.w.org\/{rel}","templated":true}]}}