{"id":54360,"date":"2023-12-14T06:07:52","date_gmt":"2023-12-14T06:07:52","guid":{"rendered":"https:\/\/elpajaritonews.com\/?p=54360"},"modified":"2023-12-14T08:52:44","modified_gmt":"2023-12-14T08:52:44","slug":"fortalecemos-desarrollo-economico-de-sonora-con-la-atraccion-de-39-millones-de-dolares-alfonso-durazo","status":"publish","type":"post","link":"https:\/\/elpajaritonews.com\/?p=54360","title":{"rendered":"FORTALECEMOS DESARROLLO ECON\u00d3MICO DE SONORA CON LA ATRACCI\u00d3N DE 39 MILLONES DE D\u00d3LARES: ALFONSO DURAZO"},"content":{"rendered":"<p>Con la inauguraci\u00f3n de la planta de manufactura de gorras y sombreros deportivos Mainland Mexico Headwear Manufacturing Limited, Agua Prieta y Sonora se convierten en un nuevo punto estrat\u00e9gico para la relocalizaci\u00f3n de inversiones, asever\u00f3 el gobernador Alfonso Durazo Monta\u00f1o.<\/p>\n<p><img loading=\"lazy\" decoding=\"async\" class=\"alignnone wp-image-54361\" src=\"https:\/\/elpajaritonews.com\/wp-content\/uploads\/2023\/12\/1854ff97-4325-4147-b6d1-0591f4e5983d-300x200.jpg\" alt=\"\" width=\"561\" height=\"374\" srcset=\"https:\/\/elpajaritonews.com\/wp-content\/uploads\/2023\/12\/1854ff97-4325-4147-b6d1-0591f4e5983d-300x200.jpg 300w, https:\/\/elpajaritonews.com\/wp-content\/uploads\/2023\/12\/1854ff97-4325-4147-b6d1-0591f4e5983d-1024x683.jpg 1024w, https:\/\/elpajaritonews.com\/wp-content\/uploads\/2023\/12\/1854ff97-4325-4147-b6d1-0591f4e5983d-768x512.jpg 768w, https:\/\/elpajaritonews.com\/wp-content\/uploads\/2023\/12\/1854ff97-4325-4147-b6d1-0591f4e5983d-630x420.jpg 630w, https:\/\/elpajaritonews.com\/wp-content\/uploads\/2023\/12\/1854ff97-4325-4147-b6d1-0591f4e5983d-640x427.jpg 640w, https:\/\/elpajaritonews.com\/wp-content\/uploads\/2023\/12\/1854ff97-4325-4147-b6d1-0591f4e5983d-681x454.jpg 681w, https:\/\/elpajaritonews.com\/wp-content\/uploads\/2023\/12\/1854ff97-4325-4147-b6d1-0591f4e5983d.jpg 1280w\" sizes=\"auto, (max-width: 561px) 100vw, 561px\" \/><\/p>\n<p>El mandatario sonorense expuso que con una inversi\u00f3n de 200 millones de d\u00f3lares para la edificaci\u00f3n de lo que se convertir\u00e1 en un complejo industrial, esta planta la cual es la m\u00e1s grande del mundo dedicada al bordado, en una primera etapa generar\u00e1 mil 600 nuevos empleos, con una proyecci\u00f3n de contrataci\u00f3n de tres mil personas para 2025 y llegar a cuatro mil en 2027.<\/p>\n<p><img loading=\"lazy\" decoding=\"async\" class=\"alignnone wp-image-54362\" src=\"https:\/\/elpajaritonews.com\/wp-content\/uploads\/2023\/12\/58a5c7d3-6e04-4c5b-94b1-fd6c4d781c72-300x225.jpg\" alt=\"\" width=\"567\" height=\"425\" srcset=\"https:\/\/elpajaritonews.com\/wp-content\/uploads\/2023\/12\/58a5c7d3-6e04-4c5b-94b1-fd6c4d781c72-300x225.jpg 300w, https:\/\/elpajaritonews.com\/wp-content\/uploads\/2023\/12\/58a5c7d3-6e04-4c5b-94b1-fd6c4d781c72-1024x768.jpg 1024w, https:\/\/elpajaritonews.com\/wp-content\/uploads\/2023\/12\/58a5c7d3-6e04-4c5b-94b1-fd6c4d781c72-768x576.jpg 768w, https:\/\/elpajaritonews.com\/wp-content\/uploads\/2023\/12\/58a5c7d3-6e04-4c5b-94b1-fd6c4d781c72-1536x1152.jpg 1536w, https:\/\/elpajaritonews.com\/wp-content\/uploads\/2023\/12\/58a5c7d3-6e04-4c5b-94b1-fd6c4d781c72-560x420.jpg 560w, https:\/\/elpajaritonews.com\/wp-content\/uploads\/2023\/12\/58a5c7d3-6e04-4c5b-94b1-fd6c4d781c72-80x60.jpg 80w, https:\/\/elpajaritonews.com\/wp-content\/uploads\/2023\/12\/58a5c7d3-6e04-4c5b-94b1-fd6c4d781c72-100x75.jpg 100w, https:\/\/elpajaritonews.com\/wp-content\/uploads\/2023\/12\/58a5c7d3-6e04-4c5b-94b1-fd6c4d781c72-180x135.jpg 180w, https:\/\/elpajaritonews.com\/wp-content\/uploads\/2023\/12\/58a5c7d3-6e04-4c5b-94b1-fd6c4d781c72-238x178.jpg 238w, https:\/\/elpajaritonews.com\/wp-content\/uploads\/2023\/12\/58a5c7d3-6e04-4c5b-94b1-fd6c4d781c72-640x480.jpg 640w, https:\/\/elpajaritonews.com\/wp-content\/uploads\/2023\/12\/58a5c7d3-6e04-4c5b-94b1-fd6c4d781c72-681x511.jpg 681w, https:\/\/elpajaritonews.com\/wp-content\/uploads\/2023\/12\/58a5c7d3-6e04-4c5b-94b1-fd6c4d781c72.jpg 1600w\" sizes=\"auto, (max-width: 567px) 100vw, 567px\" \/><\/p>\n<p>\u201cLa inauguraci\u00f3n que hoy hacemos representa el primer eslab\u00f3n de lo que ser\u00e1 un complejo industrial, pero hoy estamos atestiguando este hecho: un parteaguas en la vida econ\u00f3mica de Agua Prieta, un antes y un despu\u00e9s en esta querid\u00edsima comunidad de Agua Prieta. Con este paso que hoy estamos dando estamos inaugurando la etapa, el inicio de lo que ser\u00e1 un polo de desarrollo industrial privilegiado para la relocalizaci\u00f3n de inversiones en nuestro estado\u201d, indic\u00f3.<\/p>\n<p><img loading=\"lazy\" decoding=\"async\" class=\"alignnone wp-image-54363\" src=\"https:\/\/elpajaritonews.com\/wp-content\/uploads\/2023\/12\/b9d61c78-f0e6-4f81-9996-dda8f9f045dd-300x225.jpg\" alt=\"\" width=\"579\" height=\"434\" srcset=\"https:\/\/elpajaritonews.com\/wp-content\/uploads\/2023\/12\/b9d61c78-f0e6-4f81-9996-dda8f9f045dd-300x225.jpg 300w, https:\/\/elpajaritonews.com\/wp-content\/uploads\/2023\/12\/b9d61c78-f0e6-4f81-9996-dda8f9f045dd-1024x768.jpg 1024w, https:\/\/elpajaritonews.com\/wp-content\/uploads\/2023\/12\/b9d61c78-f0e6-4f81-9996-dda8f9f045dd-768x576.jpg 768w, https:\/\/elpajaritonews.com\/wp-content\/uploads\/2023\/12\/b9d61c78-f0e6-4f81-9996-dda8f9f045dd-560x420.jpg 560w, https:\/\/elpajaritonews.com\/wp-content\/uploads\/2023\/12\/b9d61c78-f0e6-4f81-9996-dda8f9f045dd-80x60.jpg 80w, https:\/\/elpajaritonews.com\/wp-content\/uploads\/2023\/12\/b9d61c78-f0e6-4f81-9996-dda8f9f045dd-100x75.jpg 100w, https:\/\/elpajaritonews.com\/wp-content\/uploads\/2023\/12\/b9d61c78-f0e6-4f81-9996-dda8f9f045dd-180x135.jpg 180w, https:\/\/elpajaritonews.com\/wp-content\/uploads\/2023\/12\/b9d61c78-f0e6-4f81-9996-dda8f9f045dd-238x178.jpg 238w, https:\/\/elpajaritonews.com\/wp-content\/uploads\/2023\/12\/b9d61c78-f0e6-4f81-9996-dda8f9f045dd-640x480.jpg 640w, https:\/\/elpajaritonews.com\/wp-content\/uploads\/2023\/12\/b9d61c78-f0e6-4f81-9996-dda8f9f045dd-681x511.jpg 681w, https:\/\/elpajaritonews.com\/wp-content\/uploads\/2023\/12\/b9d61c78-f0e6-4f81-9996-dda8f9f045dd.jpg 1280w\" sizes=\"auto, (max-width: 579px) 100vw, 579px\" \/><\/p>\n<p>El gobernador Durazo Monta\u00f1o a\u00f1adi\u00f3 que esta empresa tiene como objetivo fundamental en su crecimiento la promoci\u00f3n para conseguir el establecimiento de nuevas compa\u00f1\u00edas en este complejo industrial, con las cuales el estado ya ha tenido acercamiento para fungir como un facilitador de la inversi\u00f3n.<\/p>\n<p><img loading=\"lazy\" decoding=\"async\" class=\"alignnone wp-image-54364\" src=\"https:\/\/elpajaritonews.com\/wp-content\/uploads\/2023\/12\/79ed322c-1f17-429d-a166-a01642140bd8-300x200.jpg\" alt=\"\" width=\"579\" height=\"386\" srcset=\"https:\/\/elpajaritonews.com\/wp-content\/uploads\/2023\/12\/79ed322c-1f17-429d-a166-a01642140bd8-300x200.jpg 300w, https:\/\/elpajaritonews.com\/wp-content\/uploads\/2023\/12\/79ed322c-1f17-429d-a166-a01642140bd8-1024x681.jpg 1024w, https:\/\/elpajaritonews.com\/wp-content\/uploads\/2023\/12\/79ed322c-1f17-429d-a166-a01642140bd8-768x511.jpg 768w, https:\/\/elpajaritonews.com\/wp-content\/uploads\/2023\/12\/79ed322c-1f17-429d-a166-a01642140bd8-1536x1021.jpg 1536w, https:\/\/elpajaritonews.com\/wp-content\/uploads\/2023\/12\/79ed322c-1f17-429d-a166-a01642140bd8-632x420.jpg 632w, https:\/\/elpajaritonews.com\/wp-content\/uploads\/2023\/12\/79ed322c-1f17-429d-a166-a01642140bd8-640x426.jpg 640w, https:\/\/elpajaritonews.com\/wp-content\/uploads\/2023\/12\/79ed322c-1f17-429d-a166-a01642140bd8-681x453.jpg 681w, https:\/\/elpajaritonews.com\/wp-content\/uploads\/2023\/12\/79ed322c-1f17-429d-a166-a01642140bd8.jpg 1600w\" sizes=\"auto, (max-width: 579px) 100vw, 579px\" \/><\/p>\n<p>A\u00f1adi\u00f3 que el Ejido Agua Prieta, as\u00ed como la comunidad, ser\u00e1n los primeros beneficiarios con el funcionamiento de esta planta, ya que ser\u00e1n proveedores de todos los servicios que requiera para su funcionamiento adecuado, enfocado principalmente en alimentaci\u00f3n, seguridad y limpieza, para lo cual se pueden asociar tambi\u00e9n con empresas especializadas.<\/p>\n<p><img loading=\"lazy\" decoding=\"async\" class=\"alignnone wp-image-54365\" src=\"https:\/\/elpajaritonews.com\/wp-content\/uploads\/2023\/12\/d7fb7316-9046-415e-b3f9-35bf6f0b5efc-300x199.jpg\" alt=\"\" width=\"571\" height=\"379\" srcset=\"https:\/\/elpajaritonews.com\/wp-content\/uploads\/2023\/12\/d7fb7316-9046-415e-b3f9-35bf6f0b5efc-300x199.jpg 300w, https:\/\/elpajaritonews.com\/wp-content\/uploads\/2023\/12\/d7fb7316-9046-415e-b3f9-35bf6f0b5efc-1024x681.jpg 1024w, https:\/\/elpajaritonews.com\/wp-content\/uploads\/2023\/12\/d7fb7316-9046-415e-b3f9-35bf6f0b5efc-768x511.jpg 768w, https:\/\/elpajaritonews.com\/wp-content\/uploads\/2023\/12\/d7fb7316-9046-415e-b3f9-35bf6f0b5efc-632x420.jpg 632w, https:\/\/elpajaritonews.com\/wp-content\/uploads\/2023\/12\/d7fb7316-9046-415e-b3f9-35bf6f0b5efc-640x426.jpg 640w, https:\/\/elpajaritonews.com\/wp-content\/uploads\/2023\/12\/d7fb7316-9046-415e-b3f9-35bf6f0b5efc-681x453.jpg 681w, https:\/\/elpajaritonews.com\/wp-content\/uploads\/2023\/12\/d7fb7316-9046-415e-b3f9-35bf6f0b5efc.jpg 1280w\" sizes=\"auto, (max-width: 571px) 100vw, 571px\" \/><\/p>\n<p>Mainland Mexico Headwear Manufacturing Limited en su primer etapa producir\u00e1 un mill\u00f3n de gorras, y entre sus fases dos y tres alcanzar\u00e1 hasta tres millones de gorras, representando su primera operaci\u00f3n en M\u00e9xico adem\u00e1s de las que ya tiene en Asia.<\/p>\n<p>&nbsp;<\/p>\n<p><iframe loading=\"lazy\" title=\"Fortalecemos desarrollo econ\u00f3mico de Sonora con la atracci\u00f3n de 39 millones de d\u00f3lares: Durazo\" width=\"640\" height=\"360\" src=\"https:\/\/www.youtube.com\/embed\/cYlBkNRQHl4?feature=oembed\" frameborder=\"0\" allow=\"accelerometer; autoplay; clipboard-write; encrypted-media; gyroscope; picture-in-picture; web-share\" referrerpolicy=\"strict-origin-when-cross-origin\" allowfullscreen><\/iframe><\/p>\n<p>&nbsp;<\/p>\n","protected":false},"excerpt":{"rendered":"<p>Con la inauguraci\u00f3n de la planta de manufactura de gorras y sombreros deportivos Mainland Mexico Headwear Manufacturing Limited, Agua Prieta y Sonora se convierten en un nuevo punto estrat\u00e9gico para la relocalizaci\u00f3n de inversiones, asever\u00f3 el gobernador Alfonso Durazo Monta\u00f1o. El mandatario sonorense expuso que con una inversi\u00f3n de 200 millones de d\u00f3lares para la&#8230;<\/p>\n","protected":false},"author":2,"featured_media":54362,"comment_status":"closed","ping_status":"closed","sticky":false,"template":"","format":"standard","meta":{"_crdt_document":"","_exactmetrics_skip_tracking":false,"_exactmetrics_sitenote_active":false,"_exactmetrics_sitenote_note":"","_exactmetrics_sitenote_category":0,"footnotes":""},"categories":[36,23,24,31,27],"tags":[],"class_list":["post-54360","post","type-post","status-publish","format-standard","has-post-thumbnail","hentry","category-economia","category-mexico","category-mundo","category-politica","category-sonora"],"_links":{"self":[{"href":"https:\/\/elpajaritonews.com\/index.php?rest_route=\/wp\/v2\/posts\/54360","targetHints":{"allow":["GET"]}}],"collection":[{"href":"https:\/\/elpajaritonews.com\/index.php?rest_route=\/wp\/v2\/posts"}],"about":[{"href":"https:\/\/elpajaritonews.com\/index.php?rest_route=\/wp\/v2\/types\/post"}],"author":[{"embeddable":true,"href":"https:\/\/elpajaritonews.com\/index.php?rest_route=\/wp\/v2\/users\/2"}],"replies":[{"embeddable":true,"href":"https:\/\/elpajaritonews.com\/index.php?rest_route=%2Fwp%2Fv2%2Fcomments&post=54360"}],"version-history":[{"count":1,"href":"https:\/\/elpajaritonews.com\/index.php?rest_route=\/wp\/v2\/posts\/54360\/revisions"}],"predecessor-version":[{"id":54366,"href":"https:\/\/elpajaritonews.com\/index.php?rest_route=\/wp\/v2\/posts\/54360\/revisions\/54366"}],"wp:featuredmedia":[{"embeddable":true,"href":"https:\/\/elpajaritonews.com\/index.php?rest_route=\/wp\/v2\/media\/54362"}],"wp:attachment":[{"href":"https:\/\/elpajaritonews.com\/index.php?rest_route=%2Fwp%2Fv2%2Fmedia&parent=54360"}],"wp:term":[{"taxonomy":"category","embeddable":true,"href":"https:\/\/elpajaritonews.com\/index.php?rest_route=%2Fwp%2Fv2%2Fcategories&post=54360"},{"taxonomy":"post_tag","embeddable":true,"href":"https:\/\/elpajaritonews.com\/index.php?rest_route=%2Fwp%2Fv2%2Ftags&post=54360"}],"curies":[{"name":"wp","href":"https:\/\/api.w.org\/{rel}","templated":true}]}}