{"id":54371,"date":"2023-12-14T07:06:23","date_gmt":"2023-12-14T07:06:23","guid":{"rendered":"https:\/\/elpajaritonews.com\/?p=54371"},"modified":"2023-12-14T08:51:28","modified_gmt":"2023-12-14T08:51:28","slug":"denuncian-en-cndh-represion-en-casetas-de-sonora","status":"publish","type":"post","link":"https:\/\/elpajaritonews.com\/?p=54371","title":{"rendered":"DENUNCIAN EN CNDH REPRESI\u00d3N EN CASETAS DE SONORA"},"content":{"rendered":"<p>Alejandro Matty Ortega\/Irreverente Noticias<\/p>\n<p>&nbsp;<\/p>\n<p>Ciudad de M\u00e9xico (IN).- Integrantes del Movimiento por el Libre Tr\u00e1nsito denunciaron ante la CNDH represi\u00f3n en la caseta de cobro de Fundici\u00f3n, Sonora.<\/p>\n<p>&nbsp;<\/p>\n<p>Al menos 11 de los activistas detenidos por elementos de la Polic\u00eda Estatal de Seguridad P\u00fablica, aseguran que fueron trasladados a la Fiscal\u00eda General de la Rep\u00fablica en Hermosillo.<\/p>\n<p>&nbsp;<\/p>\n<p>En las instalaciones de la FGR, sostienen que fueron retenidos por m\u00e1s de 48 horas, sin que la autoridad estatal o federal les mostrara una orden de presentaci\u00f3n o de aprehensi\u00f3n.<\/p>\n<p>&nbsp;<\/p>\n<p>Los\u00a0 luchadores sociales precisan en su queja ante la Comisi\u00f3n Nacional de los Derechos Humanos que fueron agredidos f\u00edsica y psicol\u00f3gicamente por los polic\u00edas estatales que participaron en el desalojo de la caseta de cobro el pasado 17 de de julio.<\/p>\n<p>&nbsp;<\/p>\n<p>Recientemente, la activista Alba Luz Borb\u00f3n denunci\u00f3 ante la CEDH al gobernador de Sonora.<\/p>\n<p>&nbsp;<\/p>\n<p>Con documento en mano, la presidenta de Mujeres Activas por Cajeme inform\u00f3 que present\u00f3 una queja por actos de persecuci\u00f3n del Estado a trav\u00e9s de la Polic\u00eda Estatal.<\/p>\n<p><img loading=\"lazy\" decoding=\"async\" class=\"alignnone wp-image-54373\" src=\"https:\/\/elpajaritonews.com\/wp-content\/uploads\/2023\/12\/24d1da3c-e214-4fd7-8c9d-1668afa3f35e-219x300.jpg\" alt=\"\" width=\"571\" height=\"782\" srcset=\"https:\/\/elpajaritonews.com\/wp-content\/uploads\/2023\/12\/24d1da3c-e214-4fd7-8c9d-1668afa3f35e-219x300.jpg 219w, https:\/\/elpajaritonews.com\/wp-content\/uploads\/2023\/12\/24d1da3c-e214-4fd7-8c9d-1668afa3f35e-747x1024.jpg 747w, https:\/\/elpajaritonews.com\/wp-content\/uploads\/2023\/12\/24d1da3c-e214-4fd7-8c9d-1668afa3f35e-768x1053.jpg 768w, https:\/\/elpajaritonews.com\/wp-content\/uploads\/2023\/12\/24d1da3c-e214-4fd7-8c9d-1668afa3f35e-1120x1536.jpg 1120w, https:\/\/elpajaritonews.com\/wp-content\/uploads\/2023\/12\/24d1da3c-e214-4fd7-8c9d-1668afa3f35e-306x420.jpg 306w, https:\/\/elpajaritonews.com\/wp-content\/uploads\/2023\/12\/24d1da3c-e214-4fd7-8c9d-1668afa3f35e-640x877.jpg 640w, https:\/\/elpajaritonews.com\/wp-content\/uploads\/2023\/12\/24d1da3c-e214-4fd7-8c9d-1668afa3f35e-681x934.jpg 681w, https:\/\/elpajaritonews.com\/wp-content\/uploads\/2023\/12\/24d1da3c-e214-4fd7-8c9d-1668afa3f35e.jpg 1167w\" sizes=\"auto, (max-width: 571px) 100vw, 571px\" \/><\/p>\n<p>La activista reproch\u00f3 la persecuci\u00f3n oficial por defender los derechos sociales en Sonora.<\/p>\n<p>&nbsp;<\/p>\n<p>Dijo que solicit\u00f3 medidas cautelares a la Comisi\u00f3n Estatal de Derechos Humanos.<\/p>\n<p>&nbsp;<\/p>\n<p>La luchadora social que busca la eliminaci\u00f3n del peaje en las casetas de cobro, precis\u00f3 que \u00abun juez federal dijo que cualquier autoridad debe resguardar mis derechos humanos\u00bb.<\/p>\n<p>&nbsp;<\/p>\n<p>Sin embargo, \u00abaqu\u00ed vemos la prepotencia del poder, el abuso de un gobierno que no cumple con lo dicho de un juez en el Art\u00edculo 533\u00bb.<\/p>\n<p>&nbsp;<\/p>\n<p>Indic\u00f3 que \u00abaqu\u00ed vemos el abuso del poder con la autoridad intimidando al pueblo\u00bb.<\/p>\n<p>&nbsp;<\/p>\n<p>Hace casi 3 semanas, elementos de la AMIC detuvieron a Alfonso Canaan Casta\u00f1os.<\/p>\n<p>&nbsp;<\/p>\n<p>Minutos despu\u00e9s, fue dejado en libertad por no existir delito qu\u00e9 perseguir al tratarse de una confusi\u00f3n.<img loading=\"lazy\" decoding=\"async\" class=\"alignnone size-medium wp-image-54372\" src=\"https:\/\/elpajaritonews.com\/wp-content\/uploads\/2023\/12\/4900126-300x200.jpg\" alt=\"\" width=\"300\" height=\"200\" srcset=\"https:\/\/elpajaritonews.com\/wp-content\/uploads\/2023\/12\/4900126-300x200.jpg 300w, https:\/\/elpajaritonews.com\/wp-content\/uploads\/2023\/12\/4900126-768x512.jpg 768w, https:\/\/elpajaritonews.com\/wp-content\/uploads\/2023\/12\/4900126-630x420.jpg 630w, https:\/\/elpajaritonews.com\/wp-content\/uploads\/2023\/12\/4900126-537x360.jpg 537w, https:\/\/elpajaritonews.com\/wp-content\/uploads\/2023\/12\/4900126-640x427.jpg 640w, https:\/\/elpajaritonews.com\/wp-content\/uploads\/2023\/12\/4900126-681x454.jpg 681w, https:\/\/elpajaritonews.com\/wp-content\/uploads\/2023\/12\/4900126.jpg 960w\" sizes=\"auto, (max-width: 300px) 100vw, 300px\" \/><\/p>\n","protected":false},"excerpt":{"rendered":"<p>Alejandro Matty Ortega\/Irreverente Noticias &nbsp; Ciudad de M\u00e9xico (IN).- Integrantes del Movimiento por el Libre Tr\u00e1nsito denunciaron ante la CNDH represi\u00f3n en la caseta de cobro de Fundici\u00f3n, Sonora. &nbsp; Al menos 11 de los activistas detenidos por elementos de la Polic\u00eda Estatal de Seguridad P\u00fablica, aseguran que fueron trasladados a la Fiscal\u00eda General de&#8230;<\/p>\n","protected":false},"author":2,"featured_media":54372,"comment_status":"closed","ping_status":"closed","sticky":false,"template":"","format":"standard","meta":{"_crdt_document":"","_exactmetrics_skip_tracking":false,"_exactmetrics_sitenote_active":false,"_exactmetrics_sitenote_note":"","_exactmetrics_sitenote_category":0,"footnotes":""},"categories":[26,23,19,31,1,27],"tags":[],"class_list":["post-54371","post","type-post","status-publish","format-standard","has-post-thumbnail","hentry","category-local","category-mexico","category-opinion","category-politica","category-seguridad","category-sonora"],"_links":{"self":[{"href":"https:\/\/elpajaritonews.com\/index.php?rest_route=\/wp\/v2\/posts\/54371","targetHints":{"allow":["GET"]}}],"collection":[{"href":"https:\/\/elpajaritonews.com\/index.php?rest_route=\/wp\/v2\/posts"}],"about":[{"href":"https:\/\/elpajaritonews.com\/index.php?rest_route=\/wp\/v2\/types\/post"}],"author":[{"embeddable":true,"href":"https:\/\/elpajaritonews.com\/index.php?rest_route=\/wp\/v2\/users\/2"}],"replies":[{"embeddable":true,"href":"https:\/\/elpajaritonews.com\/index.php?rest_route=%2Fwp%2Fv2%2Fcomments&post=54371"}],"version-history":[{"count":1,"href":"https:\/\/elpajaritonews.com\/index.php?rest_route=\/wp\/v2\/posts\/54371\/revisions"}],"predecessor-version":[{"id":54374,"href":"https:\/\/elpajaritonews.com\/index.php?rest_route=\/wp\/v2\/posts\/54371\/revisions\/54374"}],"wp:featuredmedia":[{"embeddable":true,"href":"https:\/\/elpajaritonews.com\/index.php?rest_route=\/wp\/v2\/media\/54372"}],"wp:attachment":[{"href":"https:\/\/elpajaritonews.com\/index.php?rest_route=%2Fwp%2Fv2%2Fmedia&parent=54371"}],"wp:term":[{"taxonomy":"category","embeddable":true,"href":"https:\/\/elpajaritonews.com\/index.php?rest_route=%2Fwp%2Fv2%2Fcategories&post=54371"},{"taxonomy":"post_tag","embeddable":true,"href":"https:\/\/elpajaritonews.com\/index.php?rest_route=%2Fwp%2Fv2%2Ftags&post=54371"}],"curies":[{"name":"wp","href":"https:\/\/api.w.org\/{rel}","templated":true}]}}