{"id":54406,"date":"2023-12-15T21:46:05","date_gmt":"2023-12-15T21:46:05","guid":{"rendered":"https:\/\/elpajaritonews.com\/?p=54406"},"modified":"2023-12-15T21:47:46","modified_gmt":"2023-12-15T21:47:46","slug":"alfonso-durazo-se-reune-con-katie-hobbs-para-hablar-sobre-tema-garita-lukeville-sonoyta","status":"publish","type":"post","link":"https:\/\/elpajaritonews.com\/?p=54406","title":{"rendered":"ALFONSO DURAZO SE RE\u00daNE CON KATIE HOBBS PARA HABLAR SOBRE TEMA GARITA LUKEVILLE-SONOYTA"},"content":{"rendered":"<p>El gobernador Alfonso Durazo inform\u00f3 que se reuni\u00f3 con su hom\u00f3loga de Arizona, Katie Hobbs.<\/p>\n<p><img loading=\"lazy\" decoding=\"async\" class=\"alignnone  wp-image-54409\" src=\"https:\/\/elpajaritonews.com\/wp-content\/uploads\/2023\/12\/GBatlSbXwAA-vmw-300x200.jpg\" alt=\"\" width=\"578\" height=\"385\" srcset=\"https:\/\/elpajaritonews.com\/wp-content\/uploads\/2023\/12\/GBatlSbXwAA-vmw-300x200.jpg 300w, https:\/\/elpajaritonews.com\/wp-content\/uploads\/2023\/12\/GBatlSbXwAA-vmw-1024x683.jpg 1024w, https:\/\/elpajaritonews.com\/wp-content\/uploads\/2023\/12\/GBatlSbXwAA-vmw-768x512.jpg 768w, https:\/\/elpajaritonews.com\/wp-content\/uploads\/2023\/12\/GBatlSbXwAA-vmw-630x420.jpg 630w, https:\/\/elpajaritonews.com\/wp-content\/uploads\/2023\/12\/GBatlSbXwAA-vmw-640x427.jpg 640w, https:\/\/elpajaritonews.com\/wp-content\/uploads\/2023\/12\/GBatlSbXwAA-vmw-681x454.jpg 681w, https:\/\/elpajaritonews.com\/wp-content\/uploads\/2023\/12\/GBatlSbXwAA-vmw.jpg 1206w\" sizes=\"auto, (max-width: 578px) 100vw, 578px\" \/><\/p>\n<p>Se\u00f1al\u00f3 que acordaron coordinar esfuerzos entre ambos gobiernos para agilizar la reapertura del puerto fronterizo Lukeville\u2013Sonoyta.<\/p>\n<p><img loading=\"lazy\" decoding=\"async\" class=\"alignnone  wp-image-54411\" src=\"https:\/\/elpajaritonews.com\/wp-content\/uploads\/2023\/12\/GBatlSbWYAAf42--300x200.jpg\" alt=\"\" width=\"593\" height=\"395\" srcset=\"https:\/\/elpajaritonews.com\/wp-content\/uploads\/2023\/12\/GBatlSbWYAAf42--300x200.jpg 300w, https:\/\/elpajaritonews.com\/wp-content\/uploads\/2023\/12\/GBatlSbWYAAf42--1024x682.jpg 1024w, https:\/\/elpajaritonews.com\/wp-content\/uploads\/2023\/12\/GBatlSbWYAAf42--768x512.jpg 768w, https:\/\/elpajaritonews.com\/wp-content\/uploads\/2023\/12\/GBatlSbWYAAf42--630x420.jpg 630w, https:\/\/elpajaritonews.com\/wp-content\/uploads\/2023\/12\/GBatlSbWYAAf42--640x427.jpg 640w, https:\/\/elpajaritonews.com\/wp-content\/uploads\/2023\/12\/GBatlSbWYAAf42--681x454.jpg 681w, https:\/\/elpajaritonews.com\/wp-content\/uploads\/2023\/12\/GBatlSbWYAAf42-.jpg 1280w\" sizes=\"auto, (max-width: 593px) 100vw, 593px\" \/><\/p>\n<p>\u201cNos mantenemos en el compromiso de siempre estrechar lazos de comunicaci\u00f3n y cooperaci\u00f3n en beneficio de las y los sonorenses\u201d, mencion\u00f3 el gobernador sonorense en su cuenta de X.<\/p>\n<p><a href=\"https:\/\/twitter.com\/AlfonsoDurazo\/status\/1735765567166939145\/photo\/3\">https:\/\/twitter.com\/AlfonsoDurazo\/status\/1735765567166939145\/photo\/3<\/a><\/p>\n","protected":false},"excerpt":{"rendered":"<p>El gobernador Alfonso Durazo inform\u00f3 que se reuni\u00f3 con su hom\u00f3loga de Arizona, Katie Hobbs. Se\u00f1al\u00f3 que acordaron coordinar esfuerzos entre ambos gobiernos para agilizar la reapertura del puerto fronterizo Lukeville\u2013Sonoyta. \u201cNos mantenemos en el compromiso de siempre estrechar lazos de comunicaci\u00f3n y cooperaci\u00f3n en beneficio de las y los sonorenses\u201d, mencion\u00f3 el gobernador sonorense&#8230;<\/p>\n","protected":false},"author":2,"featured_media":54407,"comment_status":"closed","ping_status":"closed","sticky":false,"template":"","format":"standard","meta":{"_crdt_document":"","_exactmetrics_skip_tracking":false,"_exactmetrics_sitenote_active":false,"_exactmetrics_sitenote_note":"","_exactmetrics_sitenote_category":0,"footnotes":""},"categories":[17,36,26,38,31,1,27],"tags":[28,29,30],"class_list":["post-54406","post","type-post","status-publish","format-standard","has-post-thumbnail","hentry","category-arizona","category-economia","category-local","category-migracion","category-politica","category-seguridad","category-sonora","tag-nogales","tag-nogales-la-gran-frontera","tag-sonora-tierra-de-oportunidades"],"_links":{"self":[{"href":"https:\/\/elpajaritonews.com\/index.php?rest_route=\/wp\/v2\/posts\/54406","targetHints":{"allow":["GET"]}}],"collection":[{"href":"https:\/\/elpajaritonews.com\/index.php?rest_route=\/wp\/v2\/posts"}],"about":[{"href":"https:\/\/elpajaritonews.com\/index.php?rest_route=\/wp\/v2\/types\/post"}],"author":[{"embeddable":true,"href":"https:\/\/elpajaritonews.com\/index.php?rest_route=\/wp\/v2\/users\/2"}],"replies":[{"embeddable":true,"href":"https:\/\/elpajaritonews.com\/index.php?rest_route=%2Fwp%2Fv2%2Fcomments&post=54406"}],"version-history":[{"count":3,"href":"https:\/\/elpajaritonews.com\/index.php?rest_route=\/wp\/v2\/posts\/54406\/revisions"}],"predecessor-version":[{"id":54412,"href":"https:\/\/elpajaritonews.com\/index.php?rest_route=\/wp\/v2\/posts\/54406\/revisions\/54412"}],"wp:featuredmedia":[{"embeddable":true,"href":"https:\/\/elpajaritonews.com\/index.php?rest_route=\/wp\/v2\/media\/54407"}],"wp:attachment":[{"href":"https:\/\/elpajaritonews.com\/index.php?rest_route=%2Fwp%2Fv2%2Fmedia&parent=54406"}],"wp:term":[{"taxonomy":"category","embeddable":true,"href":"https:\/\/elpajaritonews.com\/index.php?rest_route=%2Fwp%2Fv2%2Fcategories&post=54406"},{"taxonomy":"post_tag","embeddable":true,"href":"https:\/\/elpajaritonews.com\/index.php?rest_route=%2Fwp%2Fv2%2Ftags&post=54406"}],"curies":[{"name":"wp","href":"https:\/\/api.w.org\/{rel}","templated":true}]}}