{"id":54416,"date":"2023-12-17T00:04:46","date_gmt":"2023-12-17T00:04:46","guid":{"rendered":"https:\/\/elpajaritonews.com\/?p=54416"},"modified":"2023-12-17T00:04:46","modified_gmt":"2023-12-17T00:04:46","slug":"llega-por-primera-vez-el-crucero-volendam-al-puerto-de-guaymas","status":"publish","type":"post","link":"https:\/\/elpajaritonews.com\/?p=54416","title":{"rendered":"LLEGA POR PRIMERA VEZ EL CRUCERO VOLENDAM AL PUERTO DE GUAYMAS"},"content":{"rendered":"<p>El Gobierno de Sonora, a trav\u00e9s de la Secretar\u00eda de Tuerismo (Sectur), recibi\u00f3 en el Puerto de Guaymas, al primer crucero Voldendam con m\u00e1s de dos mil personas quienes conocer\u00e1n las bondades y atractivos de la entidad.<\/p>\n<p><img loading=\"lazy\" decoding=\"async\" class=\"alignnone  wp-image-54418\" src=\"https:\/\/elpajaritonews.com\/wp-content\/uploads\/2023\/12\/a837a8ed-9d53-4b1a-baa3-1c9d660a2909-300x200.jpg\" alt=\"\" width=\"443\" height=\"295\" srcset=\"https:\/\/elpajaritonews.com\/wp-content\/uploads\/2023\/12\/a837a8ed-9d53-4b1a-baa3-1c9d660a2909-300x200.jpg 300w, https:\/\/elpajaritonews.com\/wp-content\/uploads\/2023\/12\/a837a8ed-9d53-4b1a-baa3-1c9d660a2909-1024x682.jpg 1024w, https:\/\/elpajaritonews.com\/wp-content\/uploads\/2023\/12\/a837a8ed-9d53-4b1a-baa3-1c9d660a2909-768x512.jpg 768w, https:\/\/elpajaritonews.com\/wp-content\/uploads\/2023\/12\/a837a8ed-9d53-4b1a-baa3-1c9d660a2909-1536x1023.jpg 1536w, https:\/\/elpajaritonews.com\/wp-content\/uploads\/2023\/12\/a837a8ed-9d53-4b1a-baa3-1c9d660a2909-630x420.jpg 630w, https:\/\/elpajaritonews.com\/wp-content\/uploads\/2023\/12\/a837a8ed-9d53-4b1a-baa3-1c9d660a2909-640x426.jpg 640w, https:\/\/elpajaritonews.com\/wp-content\/uploads\/2023\/12\/a837a8ed-9d53-4b1a-baa3-1c9d660a2909-681x454.jpg 681w, https:\/\/elpajaritonews.com\/wp-content\/uploads\/2023\/12\/a837a8ed-9d53-4b1a-baa3-1c9d660a2909.jpg 1600w\" sizes=\"auto, (max-width: 443px) 100vw, 443px\" \/><\/p>\n<p>Fueron m\u00e1s de 1400 pasajeros y m\u00e1s de 600 tripulantes los que podr\u00e1n disfrutar de las maravillas del Puerto y de San Carlos, adem\u00e1s de probar la gastronom\u00eda sonorense y adquirir artesan\u00edas de la regi\u00f3n.<\/p>\n<p><img loading=\"lazy\" decoding=\"async\" class=\"alignnone  wp-image-54419\" src=\"https:\/\/elpajaritonews.com\/wp-content\/uploads\/2023\/12\/9eaab72c-061f-427c-9892-2f5925e24a8b-300x200.jpg\" alt=\"\" width=\"440\" height=\"293\" srcset=\"https:\/\/elpajaritonews.com\/wp-content\/uploads\/2023\/12\/9eaab72c-061f-427c-9892-2f5925e24a8b-300x200.jpg 300w, https:\/\/elpajaritonews.com\/wp-content\/uploads\/2023\/12\/9eaab72c-061f-427c-9892-2f5925e24a8b-1024x682.jpg 1024w, https:\/\/elpajaritonews.com\/wp-content\/uploads\/2023\/12\/9eaab72c-061f-427c-9892-2f5925e24a8b-768x512.jpg 768w, https:\/\/elpajaritonews.com\/wp-content\/uploads\/2023\/12\/9eaab72c-061f-427c-9892-2f5925e24a8b-1536x1023.jpg 1536w, https:\/\/elpajaritonews.com\/wp-content\/uploads\/2023\/12\/9eaab72c-061f-427c-9892-2f5925e24a8b-630x420.jpg 630w, https:\/\/elpajaritonews.com\/wp-content\/uploads\/2023\/12\/9eaab72c-061f-427c-9892-2f5925e24a8b-640x426.jpg 640w, https:\/\/elpajaritonews.com\/wp-content\/uploads\/2023\/12\/9eaab72c-061f-427c-9892-2f5925e24a8b-681x454.jpg 681w, https:\/\/elpajaritonews.com\/wp-content\/uploads\/2023\/12\/9eaab72c-061f-427c-9892-2f5925e24a8b.jpg 1600w\" sizes=\"auto, (max-width: 440px) 100vw, 440px\" \/><\/p>\n<p>El secretario de turismo, Roberto Gradillas Pineda, coment\u00f3 que la llegada de los\u00a0 cruceros a Sonora, generan una gran derrama econ\u00f3mica por todos los pasajeros que consumen de nuestros productos.<\/p>\n<p><img loading=\"lazy\" decoding=\"async\" class=\"alignnone  wp-image-54420\" src=\"https:\/\/elpajaritonews.com\/wp-content\/uploads\/2023\/12\/34fd1da8-85e8-45e1-b89c-efd7673d82f1-300x200.jpg\" alt=\"\" width=\"443\" height=\"295\" srcset=\"https:\/\/elpajaritonews.com\/wp-content\/uploads\/2023\/12\/34fd1da8-85e8-45e1-b89c-efd7673d82f1-300x200.jpg 300w, https:\/\/elpajaritonews.com\/wp-content\/uploads\/2023\/12\/34fd1da8-85e8-45e1-b89c-efd7673d82f1-1024x682.jpg 1024w, https:\/\/elpajaritonews.com\/wp-content\/uploads\/2023\/12\/34fd1da8-85e8-45e1-b89c-efd7673d82f1-768x512.jpg 768w, https:\/\/elpajaritonews.com\/wp-content\/uploads\/2023\/12\/34fd1da8-85e8-45e1-b89c-efd7673d82f1-1536x1023.jpg 1536w, https:\/\/elpajaritonews.com\/wp-content\/uploads\/2023\/12\/34fd1da8-85e8-45e1-b89c-efd7673d82f1-630x420.jpg 630w, https:\/\/elpajaritonews.com\/wp-content\/uploads\/2023\/12\/34fd1da8-85e8-45e1-b89c-efd7673d82f1-640x426.jpg 640w, https:\/\/elpajaritonews.com\/wp-content\/uploads\/2023\/12\/34fd1da8-85e8-45e1-b89c-efd7673d82f1-681x454.jpg 681w, https:\/\/elpajaritonews.com\/wp-content\/uploads\/2023\/12\/34fd1da8-85e8-45e1-b89c-efd7673d82f1.jpg 1600w\" sizes=\"auto, (max-width: 443px) 100vw, 443px\" \/><\/p>\n<p>\u201cA trav\u00e9s del Gobierno del Estado y por instrucci\u00f3n del gobernador Alfonso Durazo hemos hecho un trabajo importante para mostrar lo mejor en materia tur\u00edstica y que este turismo de cruceros, se convenza de regresar a Sonora\u201d, expres\u00f3 Gradillas Pineda.<\/p>\n<p><img loading=\"lazy\" decoding=\"async\" class=\"alignnone  wp-image-54421\" src=\"https:\/\/elpajaritonews.com\/wp-content\/uploads\/2023\/12\/16d4ec38-197c-4de5-8c7c-11e5283c0e5e-300x200.jpg\" alt=\"\" width=\"443\" height=\"295\" srcset=\"https:\/\/elpajaritonews.com\/wp-content\/uploads\/2023\/12\/16d4ec38-197c-4de5-8c7c-11e5283c0e5e-300x200.jpg 300w, https:\/\/elpajaritonews.com\/wp-content\/uploads\/2023\/12\/16d4ec38-197c-4de5-8c7c-11e5283c0e5e-1024x682.jpg 1024w, https:\/\/elpajaritonews.com\/wp-content\/uploads\/2023\/12\/16d4ec38-197c-4de5-8c7c-11e5283c0e5e-768x512.jpg 768w, https:\/\/elpajaritonews.com\/wp-content\/uploads\/2023\/12\/16d4ec38-197c-4de5-8c7c-11e5283c0e5e-1536x1023.jpg 1536w, https:\/\/elpajaritonews.com\/wp-content\/uploads\/2023\/12\/16d4ec38-197c-4de5-8c7c-11e5283c0e5e-630x420.jpg 630w, https:\/\/elpajaritonews.com\/wp-content\/uploads\/2023\/12\/16d4ec38-197c-4de5-8c7c-11e5283c0e5e-640x426.jpg 640w, https:\/\/elpajaritonews.com\/wp-content\/uploads\/2023\/12\/16d4ec38-197c-4de5-8c7c-11e5283c0e5e-681x454.jpg 681w, https:\/\/elpajaritonews.com\/wp-content\/uploads\/2023\/12\/16d4ec38-197c-4de5-8c7c-11e5283c0e5e.jpg 1600w\" sizes=\"auto, (max-width: 443px) 100vw, 443px\" \/> <img loading=\"lazy\" decoding=\"async\" class=\"alignnone  wp-image-54422\" src=\"https:\/\/elpajaritonews.com\/wp-content\/uploads\/2023\/12\/b10ef7f0-1228-453d-bc4c-5cd18e3f8bb6-300x200.jpg\" alt=\"\" width=\"449\" height=\"299\" srcset=\"https:\/\/elpajaritonews.com\/wp-content\/uploads\/2023\/12\/b10ef7f0-1228-453d-bc4c-5cd18e3f8bb6-300x200.jpg 300w, https:\/\/elpajaritonews.com\/wp-content\/uploads\/2023\/12\/b10ef7f0-1228-453d-bc4c-5cd18e3f8bb6-1024x682.jpg 1024w, https:\/\/elpajaritonews.com\/wp-content\/uploads\/2023\/12\/b10ef7f0-1228-453d-bc4c-5cd18e3f8bb6-768x512.jpg 768w, https:\/\/elpajaritonews.com\/wp-content\/uploads\/2023\/12\/b10ef7f0-1228-453d-bc4c-5cd18e3f8bb6-1536x1023.jpg 1536w, https:\/\/elpajaritonews.com\/wp-content\/uploads\/2023\/12\/b10ef7f0-1228-453d-bc4c-5cd18e3f8bb6-630x420.jpg 630w, https:\/\/elpajaritonews.com\/wp-content\/uploads\/2023\/12\/b10ef7f0-1228-453d-bc4c-5cd18e3f8bb6-640x426.jpg 640w, https:\/\/elpajaritonews.com\/wp-content\/uploads\/2023\/12\/b10ef7f0-1228-453d-bc4c-5cd18e3f8bb6-681x454.jpg 681w, https:\/\/elpajaritonews.com\/wp-content\/uploads\/2023\/12\/b10ef7f0-1228-453d-bc4c-5cd18e3f8bb6.jpg 1600w\" sizes=\"auto, (max-width: 449px) 100vw, 449px\" \/><\/p>\n<p>Lo que se busca lograr es atraer al estado mayor cantidad de empresas navieras de cruceros para fortalecer el desarrollo tur\u00edstico en la entidad y generar econom\u00eda para las familias sonorenses.<\/p>\n","protected":false},"excerpt":{"rendered":"<p>El Gobierno de Sonora, a trav\u00e9s de la Secretar\u00eda de Tuerismo (Sectur), recibi\u00f3 en el Puerto de Guaymas, al primer crucero Voldendam con m\u00e1s de dos mil personas quienes conocer\u00e1n las bondades y atractivos de la entidad. Fueron m\u00e1s de 1400 pasajeros y m\u00e1s de 600 tripulantes los que podr\u00e1n disfrutar de las maravillas del&#8230;<\/p>\n","protected":false},"author":2,"featured_media":54417,"comment_status":"closed","ping_status":"closed","sticky":false,"template":"","format":"standard","meta":{"_crdt_document":"","_exactmetrics_skip_tracking":false,"_exactmetrics_sitenote_active":false,"_exactmetrics_sitenote_note":"","_exactmetrics_sitenote_category":0,"footnotes":""},"categories":[17,36,26,23,24,31,27],"tags":[28,29,30],"class_list":["post-54416","post","type-post","status-publish","format-standard","has-post-thumbnail","hentry","category-arizona","category-economia","category-local","category-mexico","category-mundo","category-politica","category-sonora","tag-nogales","tag-nogales-la-gran-frontera","tag-sonora-tierra-de-oportunidades"],"_links":{"self":[{"href":"https:\/\/elpajaritonews.com\/index.php?rest_route=\/wp\/v2\/posts\/54416","targetHints":{"allow":["GET"]}}],"collection":[{"href":"https:\/\/elpajaritonews.com\/index.php?rest_route=\/wp\/v2\/posts"}],"about":[{"href":"https:\/\/elpajaritonews.com\/index.php?rest_route=\/wp\/v2\/types\/post"}],"author":[{"embeddable":true,"href":"https:\/\/elpajaritonews.com\/index.php?rest_route=\/wp\/v2\/users\/2"}],"replies":[{"embeddable":true,"href":"https:\/\/elpajaritonews.com\/index.php?rest_route=%2Fwp%2Fv2%2Fcomments&post=54416"}],"version-history":[{"count":1,"href":"https:\/\/elpajaritonews.com\/index.php?rest_route=\/wp\/v2\/posts\/54416\/revisions"}],"predecessor-version":[{"id":54423,"href":"https:\/\/elpajaritonews.com\/index.php?rest_route=\/wp\/v2\/posts\/54416\/revisions\/54423"}],"wp:featuredmedia":[{"embeddable":true,"href":"https:\/\/elpajaritonews.com\/index.php?rest_route=\/wp\/v2\/media\/54417"}],"wp:attachment":[{"href":"https:\/\/elpajaritonews.com\/index.php?rest_route=%2Fwp%2Fv2%2Fmedia&parent=54416"}],"wp:term":[{"taxonomy":"category","embeddable":true,"href":"https:\/\/elpajaritonews.com\/index.php?rest_route=%2Fwp%2Fv2%2Fcategories&post=54416"},{"taxonomy":"post_tag","embeddable":true,"href":"https:\/\/elpajaritonews.com\/index.php?rest_route=%2Fwp%2Fv2%2Ftags&post=54416"}],"curies":[{"name":"wp","href":"https:\/\/api.w.org\/{rel}","templated":true}]}}