{"id":54424,"date":"2023-12-17T01:21:56","date_gmt":"2023-12-17T01:21:56","guid":{"rendered":"https:\/\/elpajaritonews.com\/?p=54424"},"modified":"2023-12-17T01:21:56","modified_gmt":"2023-12-17T01:21:56","slug":"beneficia-gobernador-durazo-a-familias-de-la-sierra-con-operativo-navideno","status":"publish","type":"post","link":"https:\/\/elpajaritonews.com\/?p=54424","title":{"rendered":"BENEFICIA GOBERNADOR DURAZO A FAMILIAS DE LA SIERRA CON OPERATIVO NAVIDE\u00d1O"},"content":{"rendered":"<p>En Bavispe, Sonora para que las familias en situaci\u00f3n vulnerable puedan contar con insumos necesarios para tener una \u00e9poca decembrina en mejores condiciones, el gobernador Alfonso Durazo Monta\u00f1o, encabez\u00f3 el Operativo Navide\u00f1o del Gobierno del Estado que se llev\u00f3 a cabo en el municipio de Bavispe.<\/p>\n<p><img loading=\"lazy\" decoding=\"async\" class=\"alignnone  wp-image-54426\" src=\"https:\/\/elpajaritonews.com\/wp-content\/uploads\/2023\/12\/cf97f372-2fe8-47a3-aea5-a9dc7a48d64a-300x200.jpg\" alt=\"\" width=\"446\" height=\"297\" srcset=\"https:\/\/elpajaritonews.com\/wp-content\/uploads\/2023\/12\/cf97f372-2fe8-47a3-aea5-a9dc7a48d64a-300x200.jpg 300w, https:\/\/elpajaritonews.com\/wp-content\/uploads\/2023\/12\/cf97f372-2fe8-47a3-aea5-a9dc7a48d64a-1024x682.jpg 1024w, https:\/\/elpajaritonews.com\/wp-content\/uploads\/2023\/12\/cf97f372-2fe8-47a3-aea5-a9dc7a48d64a-768x512.jpg 768w, https:\/\/elpajaritonews.com\/wp-content\/uploads\/2023\/12\/cf97f372-2fe8-47a3-aea5-a9dc7a48d64a-630x420.jpg 630w, https:\/\/elpajaritonews.com\/wp-content\/uploads\/2023\/12\/cf97f372-2fe8-47a3-aea5-a9dc7a48d64a-640x427.jpg 640w, https:\/\/elpajaritonews.com\/wp-content\/uploads\/2023\/12\/cf97f372-2fe8-47a3-aea5-a9dc7a48d64a-681x454.jpg 681w, https:\/\/elpajaritonews.com\/wp-content\/uploads\/2023\/12\/cf97f372-2fe8-47a3-aea5-a9dc7a48d64a.jpg 1280w\" sizes=\"auto, (max-width: 446px) 100vw, 446px\" \/><\/p>\n<p>En las inmediaciones de la Plaza Hidalgo, el mandatario estatal entreg\u00f3 bicicletas a ni\u00f1as y ni\u00f1os de Bavispe, adem\u00e1s de formar parte de la posada que se celebr\u00f3 para todas y todos los ciudadanos de la comunidad.<\/p>\n<p><img loading=\"lazy\" decoding=\"async\" class=\"alignnone  wp-image-54427\" src=\"https:\/\/elpajaritonews.com\/wp-content\/uploads\/2023\/12\/a3d00581-5574-472b-938b-370f78a4eff8-300x200.jpg\" alt=\"\" width=\"449\" height=\"299\" srcset=\"https:\/\/elpajaritonews.com\/wp-content\/uploads\/2023\/12\/a3d00581-5574-472b-938b-370f78a4eff8-300x200.jpg 300w, https:\/\/elpajaritonews.com\/wp-content\/uploads\/2023\/12\/a3d00581-5574-472b-938b-370f78a4eff8-1024x682.jpg 1024w, https:\/\/elpajaritonews.com\/wp-content\/uploads\/2023\/12\/a3d00581-5574-472b-938b-370f78a4eff8-768x512.jpg 768w, https:\/\/elpajaritonews.com\/wp-content\/uploads\/2023\/12\/a3d00581-5574-472b-938b-370f78a4eff8-630x420.jpg 630w, https:\/\/elpajaritonews.com\/wp-content\/uploads\/2023\/12\/a3d00581-5574-472b-938b-370f78a4eff8-640x427.jpg 640w, https:\/\/elpajaritonews.com\/wp-content\/uploads\/2023\/12\/a3d00581-5574-472b-938b-370f78a4eff8-681x454.jpg 681w, https:\/\/elpajaritonews.com\/wp-content\/uploads\/2023\/12\/a3d00581-5574-472b-938b-370f78a4eff8.jpg 1280w\" sizes=\"auto, (max-width: 449px) 100vw, 449px\" \/><\/p>\n<p>\u201cTengo obviamente un gran cari\u00f1o por mi pueblo, por su gente, y me siento muy comprometido, porque como yo digo, aqu\u00ed en este pueblo me form\u00e9 y conoc\u00ed de cerca las necesidades de la gente, y esas necesidades me formaron en un compromiso social que ahora que soy gobernador del estado, y que puedo hacer algo por la gente, debo hacerlo, corresponder\u201d, indic\u00f3.<\/p>\n<p><img loading=\"lazy\" decoding=\"async\" class=\"alignnone  wp-image-54428\" src=\"https:\/\/elpajaritonews.com\/wp-content\/uploads\/2023\/12\/48c077e8-f0f9-4199-acba-01c564dd2a80-300x200.jpg\" alt=\"\" width=\"440\" height=\"293\" srcset=\"https:\/\/elpajaritonews.com\/wp-content\/uploads\/2023\/12\/48c077e8-f0f9-4199-acba-01c564dd2a80-300x200.jpg 300w, https:\/\/elpajaritonews.com\/wp-content\/uploads\/2023\/12\/48c077e8-f0f9-4199-acba-01c564dd2a80-1024x682.jpg 1024w, https:\/\/elpajaritonews.com\/wp-content\/uploads\/2023\/12\/48c077e8-f0f9-4199-acba-01c564dd2a80-768x512.jpg 768w, https:\/\/elpajaritonews.com\/wp-content\/uploads\/2023\/12\/48c077e8-f0f9-4199-acba-01c564dd2a80-630x420.jpg 630w, https:\/\/elpajaritonews.com\/wp-content\/uploads\/2023\/12\/48c077e8-f0f9-4199-acba-01c564dd2a80-640x427.jpg 640w, https:\/\/elpajaritonews.com\/wp-content\/uploads\/2023\/12\/48c077e8-f0f9-4199-acba-01c564dd2a80-681x454.jpg 681w, https:\/\/elpajaritonews.com\/wp-content\/uploads\/2023\/12\/48c077e8-f0f9-4199-acba-01c564dd2a80.jpg 1280w\" sizes=\"auto, (max-width: 440px) 100vw, 440px\" \/><\/p>\n<p>El gobernador Durazo Monta\u00f1o refrend\u00f3 su compromiso de gobernar para todos, pensando siempre en las y los m\u00e1s necesitados,\u00a0 gobernando siempre con austeridad y transparencia para que los recursos sigan llegando a toda la ciudadan\u00eda.<\/p>\n<p>&nbsp;<\/p>\n<p>En total en todos los municipios se contempla como parte de este programa, la entrega de 110 mil bolsas de dulces, 26 mil despensas, 60 mil 500 cobijas, adem\u00e1s de kits de limpieza, juguetes y cenas navide\u00f1as en beneficio de la poblaci\u00f3n m\u00e1s vulnerables.<\/p>\n","protected":false},"excerpt":{"rendered":"<p>En Bavispe, Sonora para que las familias en situaci\u00f3n vulnerable puedan contar con insumos necesarios para tener una \u00e9poca decembrina en mejores condiciones, el gobernador Alfonso Durazo Monta\u00f1o, encabez\u00f3 el Operativo Navide\u00f1o del Gobierno del Estado que se llev\u00f3 a cabo en el municipio de Bavispe. En las inmediaciones de la Plaza Hidalgo, el mandatario&#8230;<\/p>\n","protected":false},"author":2,"featured_media":54425,"comment_status":"closed","ping_status":"closed","sticky":false,"template":"","format":"standard","meta":{"_crdt_document":"","_exactmetrics_skip_tracking":false,"_exactmetrics_sitenote_active":false,"_exactmetrics_sitenote_note":"","_exactmetrics_sitenote_category":0,"footnotes":""},"categories":[36,22,31,1,27],"tags":[28,29,30],"class_list":["post-54424","post","type-post","status-publish","format-standard","has-post-thumbnail","hentry","category-economia","category-escena","category-politica","category-seguridad","category-sonora","tag-nogales","tag-nogales-la-gran-frontera","tag-sonora-tierra-de-oportunidades"],"_links":{"self":[{"href":"https:\/\/elpajaritonews.com\/index.php?rest_route=\/wp\/v2\/posts\/54424","targetHints":{"allow":["GET"]}}],"collection":[{"href":"https:\/\/elpajaritonews.com\/index.php?rest_route=\/wp\/v2\/posts"}],"about":[{"href":"https:\/\/elpajaritonews.com\/index.php?rest_route=\/wp\/v2\/types\/post"}],"author":[{"embeddable":true,"href":"https:\/\/elpajaritonews.com\/index.php?rest_route=\/wp\/v2\/users\/2"}],"replies":[{"embeddable":true,"href":"https:\/\/elpajaritonews.com\/index.php?rest_route=%2Fwp%2Fv2%2Fcomments&post=54424"}],"version-history":[{"count":1,"href":"https:\/\/elpajaritonews.com\/index.php?rest_route=\/wp\/v2\/posts\/54424\/revisions"}],"predecessor-version":[{"id":54429,"href":"https:\/\/elpajaritonews.com\/index.php?rest_route=\/wp\/v2\/posts\/54424\/revisions\/54429"}],"wp:featuredmedia":[{"embeddable":true,"href":"https:\/\/elpajaritonews.com\/index.php?rest_route=\/wp\/v2\/media\/54425"}],"wp:attachment":[{"href":"https:\/\/elpajaritonews.com\/index.php?rest_route=%2Fwp%2Fv2%2Fmedia&parent=54424"}],"wp:term":[{"taxonomy":"category","embeddable":true,"href":"https:\/\/elpajaritonews.com\/index.php?rest_route=%2Fwp%2Fv2%2Fcategories&post=54424"},{"taxonomy":"post_tag","embeddable":true,"href":"https:\/\/elpajaritonews.com\/index.php?rest_route=%2Fwp%2Fv2%2Ftags&post=54424"}],"curies":[{"name":"wp","href":"https:\/\/api.w.org\/{rel}","templated":true}]}}